{"id":15559,"date":"2023-03-02T14:11:58","date_gmt":"2023-03-02T13:11:58","guid":{"rendered":"https:\/\/www.pr-neu.de\/newsroom\/?p=15559"},"modified":"2023-03-02T14:12:14","modified_gmt":"2023-03-02T13:12:14","slug":"auf-einen-streich-2","status":"publish","type":"post","link":"https:\/\/www.pr-neu.de\/newsroom\/auf-einen-streich-2\/","title":{"rendered":"\u2026 auf einen Streich"},"content":{"rendered":"<p><u>S\u00fcdwest: Neuer Bio-StreichPutz rundet mineralisches Innenputz-Sortiment ab<\/u><\/p>\n<p>Der neue, mineralische \u201eBio-StreichPutz\u201c vervollst\u00e4ndigt jetzt das S\u00fcdwest-Programm der Bio-Innenputze. Der Putz auf Silikatbasis eignet sich f\u00fcr alle Wand- und Deckenfl\u00e4chen \u2013 auch als Grundierung f\u00fcr die weiteren Bio-Innenputze \u2013 und l\u00e4sst sich leicht mit Rolle oder B\u00fcrste verarbeiten. Dank seiner feink\u00f6rnigen Oberfl\u00e4chenstruktur und des hohen Wei\u00dfgrads sind auch sehr anspruchsvolle, \u00e4sthetisch gestaltete W\u00e4nde problemlos m\u00f6glich. Das liegt auch an der hervorragenden T\u00f6nbarkeit. Wie das gesamte Bio-Innenputzprogram sorgt die emissionsfreie Beschichtung durch die nat\u00fcrliche Alkalit\u00e4t f\u00fcr Schimmelschutz und verzichtet auf Konservierungsstoffe, Weichmacher und L\u00f6semittel. Daher tragen die Putze das T\u00dcV- und das natureplus-G\u00fctesiegel und bieten sich so auch f\u00fcr sensible Nutzer an, beispielweise f\u00fcr R\u00e4ume von Allergikern.<\/p>\n<p>&nbsp;<\/p>\n<hr \/>\n<p>&nbsp;<\/p>\n<p><a href=\"http:\/\/www.pr-neu.de\/newsroom\/wordpress\/wp-content\/uploads\/2023\/03\/23-07_Bio-StreichPutz_G-scaled.jpg\" target=\"_blank\" rel=\"noopener\"><img loading=\"lazy\" decoding=\"async\" class=\"aligncenter wp-image-15560 size-medium\" src=\"http:\/\/www.pr-neu.de\/newsroom\/wordpress\/wp-content\/uploads\/2023\/03\/23-07_Bio-StreichPutz_G-300x200.jpg\" alt=\"\" width=\"300\" height=\"200\" srcset=\"https:\/\/www.pr-neu.de\/newsroom\/wordpress\/wp-content\/uploads\/2023\/03\/23-07_Bio-StreichPutz_G-300x200.jpg 300w, https:\/\/www.pr-neu.de\/newsroom\/wordpress\/wp-content\/uploads\/2023\/03\/23-07_Bio-StreichPutz_G-1024x683.jpg 1024w, https:\/\/www.pr-neu.de\/newsroom\/wordpress\/wp-content\/uploads\/2023\/03\/23-07_Bio-StreichPutz_G-768x512.jpg 768w, https:\/\/www.pr-neu.de\/newsroom\/wordpress\/wp-content\/uploads\/2023\/03\/23-07_Bio-StreichPutz_G-1536x1024.jpg 1536w, https:\/\/www.pr-neu.de\/newsroom\/wordpress\/wp-content\/uploads\/2023\/03\/23-07_Bio-StreichPutz_G-2048x1365.jpg 2048w, https:\/\/www.pr-neu.de\/newsroom\/wordpress\/wp-content\/uploads\/2023\/03\/23-07_Bio-StreichPutz_G-110x73.jpg 110w, https:\/\/www.pr-neu.de\/newsroom\/wordpress\/wp-content\/uploads\/2023\/03\/23-07_Bio-StreichPutz_G-420x280.jpg 420w, https:\/\/www.pr-neu.de\/newsroom\/wordpress\/wp-content\/uploads\/2023\/03\/23-07_Bio-StreichPutz_G-645x430.jpg 645w\" sizes=\"auto, (max-width: 300px) 100vw, 300px\" \/><\/a><\/p>\n<p style=\"text-align: center;\">Mit dem neuen Bio-StreichPutz ist das Bio-Innenputz-Sortiment von S\u00fcdwest mit Dekor-, Modellier- und Bio-InnenPutz komplett. Damit sind attraktive W\u00e4nde kein Problem, selbst in feuchtebelasteten R\u00e4umen.<br \/>\nBild: iStock \/ S\u00fcdwest<\/p>\n<p>&nbsp;<\/p>\n<hr \/>\n<p>&nbsp;<\/p>\n<p>Abdruck honorarfrei, Belegexemplar erbeten<\/p>\n","protected":false},"excerpt":{"rendered":"<p>S\u00fcdwest: Neuer Bio-StreichPutz rundet mineralisches Innenputz-Sortiment ab<\/p>\n","protected":false},"author":9,"featured_media":15560,"comment_status":"closed","ping_status":"open","sticky":false,"template":"","format":"standard","meta":{"footnotes":""},"categories":[17],"tags":[2282,180,1849,1575,2284,2286,330,367,414,2017,2075,2253,554,602,617,2288],"class_list":["post-15559","post","type-post","status-publish","format-standard","has-post-thumbnail","hentry","category-sudwest","tag-bio-streichputz","tag-farbe","tag-gesundwohnen","tag-haus","tag-innenputz","tag-innenwand","tag-lack","tag-nachhaltigkeit","tag-putz","tag-renovieren","tag-sanieren","tag-streichen","tag-sudwest","tag-umweltschutz","tag-wand","tag-wohngesundheit"],"_links":{"self":[{"href":"https:\/\/www.pr-neu.de\/newsroom\/wp-json\/wp\/v2\/posts\/15559","targetHints":{"allow":["GET"]}}],"collection":[{"href":"https:\/\/www.pr-neu.de\/newsroom\/wp-json\/wp\/v2\/posts"}],"about":[{"href":"https:\/\/www.pr-neu.de\/newsroom\/wp-json\/wp\/v2\/types\/post"}],"author":[{"embeddable":true,"href":"https:\/\/www.pr-neu.de\/newsroom\/wp-json\/wp\/v2\/users\/9"}],"replies":[{"embeddable":true,"href":"https:\/\/www.pr-neu.de\/newsroom\/wp-json\/wp\/v2\/comments?post=15559"}],"version-history":[{"count":2,"href":"https:\/\/www.pr-neu.de\/newsroom\/wp-json\/wp\/v2\/posts\/15559\/revisions"}],"predecessor-version":[{"id":15562,"href":"https:\/\/www.pr-neu.de\/newsroom\/wp-json\/wp\/v2\/posts\/15559\/revisions\/15562"}],"wp:featuredmedia":[{"embeddable":true,"href":"https:\/\/www.pr-neu.de\/newsroom\/wp-json\/wp\/v2\/media\/15560"}],"wp:attachment":[{"href":"https:\/\/www.pr-neu.de\/newsroom\/wp-json\/wp\/v2\/media?parent=15559"}],"wp:term":[{"taxonomy":"category","embeddable":true,"href":"https:\/\/www.pr-neu.de\/newsroom\/wp-json\/wp\/v2\/categories?post=15559"},{"taxonomy":"post_tag","embeddable":true,"href":"https:\/\/www.pr-neu.de\/newsroom\/wp-json\/wp\/v2\/tags?post=15559"}],"curies":[{"name":"wp","href":"https:\/\/api.w.org\/{rel}","templated":true}]}}