{"id":15547,"date":"2023-02-23T09:44:03","date_gmt":"2023-02-23T08:44:03","guid":{"rendered":"https:\/\/www.pr-neu.de\/newsroom\/?p=15547"},"modified":"2023-03-14T09:48:09","modified_gmt":"2023-03-14T08:48:09","slug":"geraeuschlos-auf-der-ish","status":"publish","type":"post","link":"https:\/\/www.pr-neu.de\/newsroom\/geraeuschlos-auf-der-ish\/","title":{"rendered":"Ger\u00e4uschlos auf der ISH"},"content":{"rendered":"<p><u>Hanno auf der ISH: Halle 5.1, Stand D22<\/u><\/p>\n<p><strong>Zur ISH (Halle 5.1, Stand D22) stellt Hanno Produkte zur effektiven Schall-, W\u00e4rme- und Vibrationsd\u00e4mpfung in Klimager\u00e4ten, Heizungs- und L\u00fcftungsanlagen vor. Ein Highlight ist der neue hydrophobe Melaminharz-Schaumstoff Hanno-Tect-F-free. Durch den Verzicht auf Fluor ist er umweltvertr\u00e4glicher und damit nachhaltiger \u2013 ohne qualitative Einschr\u00e4nkungen.<\/strong><\/p>\n<p>Als Dicht- und D\u00e4mmspezialist entwickelt und produziert Hanno (Laatzen) hochwertige, leistungsf\u00e4hige und zuverl\u00e4ssige Produkte f\u00fcr Klimager\u00e4te sowie Heizungs- und L\u00fcftungsanlagen. Zur ISH setzt das Unternehmen seinen Fokus unter anderem auf individuelle L\u00f6sungen f\u00fcr den Wachstumsmarkt W\u00e4rmepumpe.<\/p>\n<p><strong>Hanno-Tect-F-free:<\/strong><br \/>\n<strong>Hydrophob und ohne Fluor<\/strong><\/p>\n<p>Unter dem Motto \u201eWir werden fluorfrei. Weil gr\u00fcn allein nicht reicht\u201c hat Hanno einen offenzelligen Melamin-Schaumstoff entwickelt: Hanno-Tect-F-free ist das erste wasserabweisend impr\u00e4gnierte Hanno-Produkt, das vollkommen ohne Fluor auskommt und dadurch umweltvertr\u00e4glicher ist. Der hydrophob eingestellte Schaumstoff absorbiert Schall effektiv und ist mit nur zehn Kilogramm pro Kubikmeter ein echtes Leichtgewicht. Hanno-Tect-F-free hat eine geringe W\u00e4rmeleitf\u00e4higkeit unter 0,035 W\/m*K und punktet durch sein sehr gutes Brandverhalten (HL2 nach EN 45545).<\/p>\n<p><strong>Hanno-Protecto pf:<\/strong><br \/>\n<strong>L\u00e4rmbek\u00e4mpfung mit System<\/strong><\/p>\n<p>Hanno-Protecto pf sind Entdr\u00f6hnmaterialien f\u00fcr Geh\u00e4use- und Kapselfl\u00e4chen unter anderem in der K\u00e4lte-, Klima- und L\u00fcftungstechnik. Die mit Bitumen impr\u00e4gnierten Wollfilzpappen und -folien wirken auf allen Metallen und Kunststoffen stabilisierend, versteifend und gewichtserh\u00f6hend. So erfolgt keine K\u00f6rperschallausbreitung und die Luftschallausbreitung wird verhindert.<\/p>\n<p><strong>Hanno-Fiber:<\/strong><br \/>\n<strong>Vielseitiger Allrounder zur Schalld\u00e4mmung und Isolierung<\/strong><\/p>\n<p>Das Polyestervlies Hanno-Fiber eignet sich zur Schall- und W\u00e4rmed\u00e4mmung in K\u00e4lte-, Klima- und L\u00fcftungsanlagen. Das Allroundprodukt ist sowohl hydro- als auch oleophob erh\u00e4ltlich und isoliert gegen W\u00e4rme und K\u00e4lte.<\/p>\n<p>&nbsp;<\/p>\n<hr \/>\n<p>&nbsp;<\/p>\n<p style=\"text-align: center;\">\n<p style=\"text-align: center;\"><a href=\"http:\/\/www.pr-neu.de\/newsroom\/wordpress\/wp-content\/uploads\/2023\/02\/23-04_Hanno-Tect-F-free_G-scaled.jpg\" target=\"_blank\" rel=\"noopener\"><img loading=\"lazy\" decoding=\"async\" class=\"wp-image-15548 size-medium\" src=\"http:\/\/www.pr-neu.de\/newsroom\/wordpress\/wp-content\/uploads\/2023\/02\/23-04_Hanno-Tect-F-free_G-300x169.jpg\" alt=\"\" width=\"300\" height=\"169\" srcset=\"https:\/\/www.pr-neu.de\/newsroom\/wordpress\/wp-content\/uploads\/2023\/02\/23-04_Hanno-Tect-F-free_G-300x169.jpg 300w, https:\/\/www.pr-neu.de\/newsroom\/wordpress\/wp-content\/uploads\/2023\/02\/23-04_Hanno-Tect-F-free_G-1024x578.jpg 1024w, https:\/\/www.pr-neu.de\/newsroom\/wordpress\/wp-content\/uploads\/2023\/02\/23-04_Hanno-Tect-F-free_G-768x434.jpg 768w, https:\/\/www.pr-neu.de\/newsroom\/wordpress\/wp-content\/uploads\/2023\/02\/23-04_Hanno-Tect-F-free_G-1536x867.jpg 1536w, https:\/\/www.pr-neu.de\/newsroom\/wordpress\/wp-content\/uploads\/2023\/02\/23-04_Hanno-Tect-F-free_G-2048x1156.jpg 2048w, https:\/\/www.pr-neu.de\/newsroom\/wordpress\/wp-content\/uploads\/2023\/02\/23-04_Hanno-Tect-F-free_G-110x62.jpg 110w, https:\/\/www.pr-neu.de\/newsroom\/wordpress\/wp-content\/uploads\/2023\/02\/23-04_Hanno-Tect-F-free_G-420x237.jpg 420w, https:\/\/www.pr-neu.de\/newsroom\/wordpress\/wp-content\/uploads\/2023\/02\/23-04_Hanno-Tect-F-free_G-770x430.jpg 770w, https:\/\/www.pr-neu.de\/newsroom\/wordpress\/wp-content\/uploads\/2023\/02\/23-04_Hanno-Tect-F-free_G-762x430.jpg 762w\" sizes=\"auto, (max-width: 300px) 100vw, 300px\" \/><\/a><\/p>\n<p style=\"text-align: center;\">Hanno\u00ae-Tect-F-free absorbiert Schall effektiv und ist das erste wasserabweisend impr\u00e4gnierte Hanno\u00ae-Produkt, das vollkommen ohne Fluor auskommt.<\/p>\n<p>&nbsp;<\/p>\n<p style=\"text-align: center;\"><a href=\"http:\/\/www.pr-neu.de\/newsroom\/wordpress\/wp-content\/uploads\/2023\/02\/23-04_Hanno-Protecto_pf_G-scaled.jpg\" target=\"_blank\" rel=\"noopener\"><img loading=\"lazy\" decoding=\"async\" class=\"wp-image-15550 size-medium\" src=\"http:\/\/www.pr-neu.de\/newsroom\/wordpress\/wp-content\/uploads\/2023\/02\/23-04_Hanno-Protecto_pf_G-171x300.jpg\" alt=\"\" width=\"171\" height=\"300\" srcset=\"https:\/\/www.pr-neu.de\/newsroom\/wordpress\/wp-content\/uploads\/2023\/02\/23-04_Hanno-Protecto_pf_G-171x300.jpg 171w, https:\/\/www.pr-neu.de\/newsroom\/wordpress\/wp-content\/uploads\/2023\/02\/23-04_Hanno-Protecto_pf_G-585x1024.jpg 585w, https:\/\/www.pr-neu.de\/newsroom\/wordpress\/wp-content\/uploads\/2023\/02\/23-04_Hanno-Protecto_pf_G-768x1344.jpg 768w, https:\/\/www.pr-neu.de\/newsroom\/wordpress\/wp-content\/uploads\/2023\/02\/23-04_Hanno-Protecto_pf_G-878x1536.jpg 878w, https:\/\/www.pr-neu.de\/newsroom\/wordpress\/wp-content\/uploads\/2023\/02\/23-04_Hanno-Protecto_pf_G-1170x2048.jpg 1170w, https:\/\/www.pr-neu.de\/newsroom\/wordpress\/wp-content\/uploads\/2023\/02\/23-04_Hanno-Protecto_pf_G-63x110.jpg 63w, https:\/\/www.pr-neu.de\/newsroom\/wordpress\/wp-content\/uploads\/2023\/02\/23-04_Hanno-Protecto_pf_G-240x420.jpg 240w, https:\/\/www.pr-neu.de\/newsroom\/wordpress\/wp-content\/uploads\/2023\/02\/23-04_Hanno-Protecto_pf_G-246x430.jpg 246w, https:\/\/www.pr-neu.de\/newsroom\/wordpress\/wp-content\/uploads\/2023\/02\/23-04_Hanno-Protecto_pf_G-scaled.jpg 1463w\" sizes=\"auto, (max-width: 171px) 100vw, 171px\" \/><\/a><\/p>\n<p style=\"text-align: center;\">Die Entdr\u00f6hnmaterialien Hanno-Protecto pf verhindern die K\u00f6rperschallausbreitung und Luftschallausbreitung in der K\u00e4lte- und Klimatechnik.<\/p>\n<p>&nbsp;<\/p>\n<p style=\"text-align: center;\"><a href=\"http:\/\/www.pr-neu.de\/newsroom\/wordpress\/wp-content\/uploads\/2023\/02\/23-04_Hanno-Fiber_30_AL_und_Fiber_23_HAL_G-scaled.jpg\" target=\"_blank\" rel=\"noopener\"><img loading=\"lazy\" decoding=\"async\" class=\"wp-image-15549 size-medium\" src=\"http:\/\/www.pr-neu.de\/newsroom\/wordpress\/wp-content\/uploads\/2023\/02\/23-04_Hanno-Fiber_30_AL_und_Fiber_23_HAL_G-300x187.jpg\" alt=\"\" width=\"300\" height=\"187\" srcset=\"https:\/\/www.pr-neu.de\/newsroom\/wordpress\/wp-content\/uploads\/2023\/02\/23-04_Hanno-Fiber_30_AL_und_Fiber_23_HAL_G-300x187.jpg 300w, https:\/\/www.pr-neu.de\/newsroom\/wordpress\/wp-content\/uploads\/2023\/02\/23-04_Hanno-Fiber_30_AL_und_Fiber_23_HAL_G-1024x640.jpg 1024w, https:\/\/www.pr-neu.de\/newsroom\/wordpress\/wp-content\/uploads\/2023\/02\/23-04_Hanno-Fiber_30_AL_und_Fiber_23_HAL_G-768x480.jpg 768w, https:\/\/www.pr-neu.de\/newsroom\/wordpress\/wp-content\/uploads\/2023\/02\/23-04_Hanno-Fiber_30_AL_und_Fiber_23_HAL_G-1536x960.jpg 1536w, https:\/\/www.pr-neu.de\/newsroom\/wordpress\/wp-content\/uploads\/2023\/02\/23-04_Hanno-Fiber_30_AL_und_Fiber_23_HAL_G-2048x1280.jpg 2048w, https:\/\/www.pr-neu.de\/newsroom\/wordpress\/wp-content\/uploads\/2023\/02\/23-04_Hanno-Fiber_30_AL_und_Fiber_23_HAL_G-110x69.jpg 110w, https:\/\/www.pr-neu.de\/newsroom\/wordpress\/wp-content\/uploads\/2023\/02\/23-04_Hanno-Fiber_30_AL_und_Fiber_23_HAL_G-420x262.jpg 420w, https:\/\/www.pr-neu.de\/newsroom\/wordpress\/wp-content\/uploads\/2023\/02\/23-04_Hanno-Fiber_30_AL_und_Fiber_23_HAL_G-688x430.jpg 688w\" sizes=\"auto, (max-width: 300px) 100vw, 300px\" \/><\/a><\/p>\n<p style=\"text-align: center;\">Hanno-Fiber ist ein Polyestervlies zur Schall- und W\u00e4rmed\u00e4mmung.<\/p>\n<p style=\"text-align: center;\">Alle Bilder: Hanno Werk GmbH &amp; Co. KG<\/p>\n<p>&nbsp;<\/p>\n<hr \/>\n<p>&nbsp;<\/p>\n<p><strong>Spezialist f\u00fcr Fugenabdichtung und Schalld\u00e4mmung<\/strong><\/p>\n<p>Als Spezialist f\u00fcr Dicht- und D\u00e4mml\u00f6sungen \u201eMade in Germany\u201c entwickelt und produziert Hanno hochwertige L\u00f6sungen f\u00fcr Bau, Industrie und Verkehr. Zum Portfolio geh\u00f6ren Abdichtungen von Anschlussfugen im Hochbau, industrielle Dichtungen und Impr\u00e4gnierungen, technischer Schallschutz f\u00fcr den Automobil-, Bahn-und Maschinenbau sowie Produkte zur Verbesserung der Raumakustik. Mit \u00fcber 125 Jahren Expertise steht Hanno f\u00fcr ma\u00dfgeschneiderte und massentaugliche L\u00f6sungen. Dabei entwickelt das Traditionsunternehmen seine Innovationen kontinuierlich weiter \u2013 mit langj\u00e4hriger Fachkenntnis und nah am Kunden. Das Ergebnis: Produkte, die sich den aktuellen Herausforderungen der Branche stellen und diese vorantreiben.<\/p>\n<p>Gesellschaftliche Verantwortung \u00fcbernimmt Hanno u.a. mit einem nachhaltigen Gesundheitsmanagement f\u00fcr seine 200 Arbeitnehmer sowie seiner Strategie zur Ressourcenschonung und Abfallvermeidung.<\/p>\n<p>&nbsp;<\/p>\n<hr \/>\n<p>&nbsp;<\/p>\n<p>Abdruck honorarfrei, Belegexemplar erbeten.<\/p>\n<p>&nbsp;<\/p>\n","protected":false},"excerpt":{"rendered":"<p>Zur ISH (Halle 5.1, Stand D22) stellt Hanno Produkte zur effektiven Schall-, W\u00e4rme- und Vibrationsd\u00e4mpfung in Klimager\u00e4ten, Heizungs- und L\u00fcftungsanlagen vor.<\/p>\n","protected":false},"author":11,"featured_media":15549,"comment_status":"closed","ping_status":"open","sticky":false,"template":"","format":"standard","meta":{"footnotes":""},"categories":[655],"tags":[124,1747,2278,1743,2043,2280,354,442,621],"class_list":["post-15547","post","type-post","status-publish","format-standard","has-post-thumbnail","hentry","category-hanno","tag-dammung","tag-dichtung","tag-entdroehnung","tag-hanno","tag-hannowerk","tag-ish","tag-messe","tag-schalldammung","tag-warmedammung"],"_links":{"self":[{"href":"https:\/\/www.pr-neu.de\/newsroom\/wp-json\/wp\/v2\/posts\/15547","targetHints":{"allow":["GET"]}}],"collection":[{"href":"https:\/\/www.pr-neu.de\/newsroom\/wp-json\/wp\/v2\/posts"}],"about":[{"href":"https:\/\/www.pr-neu.de\/newsroom\/wp-json\/wp\/v2\/types\/post"}],"author":[{"embeddable":true,"href":"https:\/\/www.pr-neu.de\/newsroom\/wp-json\/wp\/v2\/users\/11"}],"replies":[{"embeddable":true,"href":"https:\/\/www.pr-neu.de\/newsroom\/wp-json\/wp\/v2\/comments?post=15547"}],"version-history":[{"count":4,"href":"https:\/\/www.pr-neu.de\/newsroom\/wp-json\/wp\/v2\/posts\/15547\/revisions"}],"predecessor-version":[{"id":15581,"href":"https:\/\/www.pr-neu.de\/newsroom\/wp-json\/wp\/v2\/posts\/15547\/revisions\/15581"}],"wp:featuredmedia":[{"embeddable":true,"href":"https:\/\/www.pr-neu.de\/newsroom\/wp-json\/wp\/v2\/media\/15549"}],"wp:attachment":[{"href":"https:\/\/www.pr-neu.de\/newsroom\/wp-json\/wp\/v2\/media?parent=15547"}],"wp:term":[{"taxonomy":"category","embeddable":true,"href":"https:\/\/www.pr-neu.de\/newsroom\/wp-json\/wp\/v2\/categories?post=15547"},{"taxonomy":"post_tag","embeddable":true,"href":"https:\/\/www.pr-neu.de\/newsroom\/wp-json\/wp\/v2\/tags?post=15547"}],"curies":[{"name":"wp","href":"https:\/\/api.w.org\/{rel}","templated":true}]}}