{"id":15539,"date":"2023-02-20T11:18:29","date_gmt":"2023-02-20T10:18:29","guid":{"rendered":"https:\/\/www.pr-neu.de\/newsroom\/?p=15539"},"modified":"2023-02-20T11:18:38","modified_gmt":"2023-02-20T10:18:38","slug":"suedwest-2023-wieder-top-arbeitgeber-im-mittelstand","status":"publish","type":"post","link":"https:\/\/www.pr-neu.de\/newsroom\/suedwest-2023-wieder-top-arbeitgeber-im-mittelstand\/","title":{"rendered":"S\u00fcdwest: 2023 wieder \u201eTop-Arbeitgeber im Mittelstand\u201c"},"content":{"rendered":"<p><u>S\u00fcdwest: Vier Jahre in Folge ausgezeichnet<\/u><\/p>\n<p>Zum vierten Mal in Folge z\u00e4hlt S\u00fcdwest (B\u00f6hl-Iggelheim) zu den \u201eTop-Arbeitgebern im Mittelstand\u201c. Die Online-Jobb\u00f6rse \u201eyourfirm.de\u201c zeichnete den Farben- und Lackhersteller nach 2020, 2021 und 2022 jetzt erneut aus. \u201eWir freuen uns sehr \u00fcber diesen Erfolg. Die Auszeichnung \u00fcber viele Jahre hinweg best\u00e4tigt uns in unserer zukunftsorientierten Unternehmenskultur, allen Mitarbeiter und Mitarbeiterinnen unsere Wertsch\u00e4tzung zu zeigen und Verantwortung zu \u00fcbertragen.\u201c, freut sich S\u00fcdwest-Gesch\u00e4ftsf\u00fchrer Hans-J\u00f6rg von Rhade, \u201eDamit geben wir den jungen Menschen beste Perspektiven\u201c. Das Unternehmen zeichnet sich durch sein hohes Engagement in der Ausbildung aus und bietet gleich eine Reihe unterschiedlicher Lehrberufe an. Ein positiver Faktor f\u00fcr Azubis ist der direkte Kontakt zu allen Kolleginnen und Kollegen \u2013 typisch f\u00fcr das mittelst\u00e4ndische Umfeld. \u201eSo gilt S\u00fcdwest heute als attraktiver Arbeitgeber \u2013 und wir arbeiten weiter daran, dass das so bleibt.\u201c Von Rhade ist \u00fcberzeugt, dass S\u00fcdwest vom Engagement f\u00fcr die eigene Mannschaft profitiert, denn \u201emotivierte Menschen arbeiten erfolgreich \u2013 f\u00fcr sich und f\u00fcr das Unternehmen.\u201c<\/p>\n<p>&nbsp;<\/p>\n<hr \/>\n<p>&nbsp;<\/p>\n<p>&nbsp;<\/p>\n<p><a href=\"http:\/\/www.pr-neu.de\/newsroom\/wordpress\/wp-content\/uploads\/2023\/02\/23-04_Loro_Top-Arbeitgeber_2023_K.jpg\" target=\"_blank\" rel=\"noopener\"><img loading=\"lazy\" decoding=\"async\" class=\"aligncenter wp-image-15540 size-medium\" src=\"http:\/\/www.pr-neu.de\/newsroom\/wordpress\/wp-content\/uploads\/2023\/02\/23-04_Loro_Top-Arbeitgeber_2023_K-282x300.jpg\" alt=\"\" width=\"282\" height=\"300\" srcset=\"https:\/\/www.pr-neu.de\/newsroom\/wordpress\/wp-content\/uploads\/2023\/02\/23-04_Loro_Top-Arbeitgeber_2023_K-282x300.jpg 282w, https:\/\/www.pr-neu.de\/newsroom\/wordpress\/wp-content\/uploads\/2023\/02\/23-04_Loro_Top-Arbeitgeber_2023_K-964x1024.jpg 964w, https:\/\/www.pr-neu.de\/newsroom\/wordpress\/wp-content\/uploads\/2023\/02\/23-04_Loro_Top-Arbeitgeber_2023_K-768x816.jpg 768w, https:\/\/www.pr-neu.de\/newsroom\/wordpress\/wp-content\/uploads\/2023\/02\/23-04_Loro_Top-Arbeitgeber_2023_K-1446x1536.jpg 1446w, https:\/\/www.pr-neu.de\/newsroom\/wordpress\/wp-content\/uploads\/2023\/02\/23-04_Loro_Top-Arbeitgeber_2023_K-1928x2048.jpg 1928w, https:\/\/www.pr-neu.de\/newsroom\/wordpress\/wp-content\/uploads\/2023\/02\/23-04_Loro_Top-Arbeitgeber_2023_K-104x110.jpg 104w, https:\/\/www.pr-neu.de\/newsroom\/wordpress\/wp-content\/uploads\/2023\/02\/23-04_Loro_Top-Arbeitgeber_2023_K-395x420.jpg 395w, https:\/\/www.pr-neu.de\/newsroom\/wordpress\/wp-content\/uploads\/2023\/02\/23-04_Loro_Top-Arbeitgeber_2023_K-405x430.jpg 405w\" sizes=\"auto, (max-width: 282px) 100vw, 282px\" \/><\/a><\/p>\n<p style=\"text-align: center;\">Zum vierten Mal in Folge erhielt S\u00fcdwest die Auszeichnung \u201eTop-Arbeitgeber im Mittelstand\u201c von der neutralen Jobb\u00f6rse \u201eYourfirm\u201c.<br \/>\nBild: Yourfirm<\/p>\n<p>&nbsp;<\/p>\n<p>&nbsp;<\/p>\n<p>&nbsp;<\/p>\n<hr \/>\n<p>&nbsp;<\/p>\n<p>Abdruck honorarfrei, Belegexemplar erbeten<\/p>\n","protected":false},"excerpt":{"rendered":"<p>Zum vierten Mal in Folge z\u00e4hlt S\u00fcdwest (B\u00f6hl-Iggelheim) zu den \u201eTop-Arbeitgebern im Mittelstand\u201c.<\/p>\n","protected":false},"author":9,"featured_media":15540,"comment_status":"closed","ping_status":"open","sticky":false,"template":"","format":"standard","meta":{"footnotes":""},"categories":[17],"tags":[2268,67,180,330,554,2270],"class_list":["post-15539","post","type-post","status-publish","format-standard","has-post-thumbnail","hentry","category-sudwest","tag-arbeitgeber","tag-ausbildung","tag-farbe","tag-lack","tag-sudwest","tag-yourfirm"],"_links":{"self":[{"href":"https:\/\/www.pr-neu.de\/newsroom\/wp-json\/wp\/v2\/posts\/15539","targetHints":{"allow":["GET"]}}],"collection":[{"href":"https:\/\/www.pr-neu.de\/newsroom\/wp-json\/wp\/v2\/posts"}],"about":[{"href":"https:\/\/www.pr-neu.de\/newsroom\/wp-json\/wp\/v2\/types\/post"}],"author":[{"embeddable":true,"href":"https:\/\/www.pr-neu.de\/newsroom\/wp-json\/wp\/v2\/users\/9"}],"replies":[{"embeddable":true,"href":"https:\/\/www.pr-neu.de\/newsroom\/wp-json\/wp\/v2\/comments?post=15539"}],"version-history":[{"count":2,"href":"https:\/\/www.pr-neu.de\/newsroom\/wp-json\/wp\/v2\/posts\/15539\/revisions"}],"predecessor-version":[{"id":15542,"href":"https:\/\/www.pr-neu.de\/newsroom\/wp-json\/wp\/v2\/posts\/15539\/revisions\/15542"}],"wp:featuredmedia":[{"embeddable":true,"href":"https:\/\/www.pr-neu.de\/newsroom\/wp-json\/wp\/v2\/media\/15540"}],"wp:attachment":[{"href":"https:\/\/www.pr-neu.de\/newsroom\/wp-json\/wp\/v2\/media?parent=15539"}],"wp:term":[{"taxonomy":"category","embeddable":true,"href":"https:\/\/www.pr-neu.de\/newsroom\/wp-json\/wp\/v2\/categories?post=15539"},{"taxonomy":"post_tag","embeddable":true,"href":"https:\/\/www.pr-neu.de\/newsroom\/wp-json\/wp\/v2\/tags?post=15539"}],"curies":[{"name":"wp","href":"https:\/\/api.w.org\/{rel}","templated":true}]}}