{"id":15531,"date":"2023-02-15T08:00:45","date_gmt":"2023-02-15T07:00:45","guid":{"rendered":"https:\/\/www.pr-neu.de\/newsroom\/?p=15531"},"modified":"2024-06-07T13:45:19","modified_gmt":"2024-06-07T11:45:19","slug":"konfigurierbare-nachhaltigkeit","status":"publish","type":"post","link":"https:\/\/www.pr-neu.de\/newsroom\/konfigurierbare-nachhaltigkeit\/","title":{"rendered":"Konfigurierbare Nachhaltigkeit"},"content":{"rendered":"<p><u>Fassadend\u00e4mmsystem StoTherm AimS<\/u><\/p>\n<p><strong>Das Fassadend\u00e4mmsystem StoTherm AimS ist extrem variabel und tr\u00e4gt besonders zu Umwelt- und Ressourcenschutz (weniger Erd\u00f6l- oder Erdgasverbrauch), Klimaschutz (geringere CO2-Emissionen) sowie Kreislaufwirtschaft (sortenreine Trennung dank klebefreier Montage) bei. Aufgrund der variablen Konfiguration ist StoThem AimS zudem in nahezu jedem Fall einsetzbar \u2013 vom Holzbau bis zum Hochhaus.<\/strong><\/p>\n<p>Universell einsetzbar und nachhaltiger als Standard-Fassadend\u00e4mmsysteme: Das ist StoTherm AimS. Es ist so vielf\u00e4ltig konfigurierbar, dass es sich f\u00fcr ganz unterschiedliche bauliche Anforderungen eignet. Es ist bislang das einzige Fassadend\u00e4mmsystem, dessen Beschichtungen (ein Unterputz, ein Oberputz und eine bionische Fassadenfarbe) teilweise auf nachwachsenden Rohstoffen (NawaRos) beruhen. Die Bindemittel dieser zementfreien Beschichtungen bestehen zu 30 Prozent aus Kiefern\u00f6l (aus Holzverarbeitungsresten). Das spart fossile Rohstoffe und sorgt f\u00fcr verringerte CO2-Emissionen. Diese Beschichtungen sind mit verschiedenen D\u00e4mmplatten kombinierbar. Kommen Platten aus Mineralwolle zum Einsatz (Steinwolleplatten WLS 035 oder die Sto-Speedlamelle Typ II plus WLS 040) entsteht ein nichtbrennbares, auch f\u00fcr Hochh\u00e4user geeignetes WDVS, das mit dem Umweltzeichen Der Blaue Engel (RAL-UZ 140) zertifiziert ist. Dank der organisch gebundenen Beschichtungen ist diese Variante von StoTherm AimS zudem riss- und schlagsicher.<\/p>\n<p><strong>EPS-Platte ohne fossile Rohstoffe<\/strong><br \/>\nIn einer anderen Systemvariante werden die NawaRo-basierten Beschichtungen mit der neuartigen Sto-D\u00e4mmplatte \u201eTop32 Biomass\u201c kombiniert. Bei der Produktion dieser EPS-Platte werden Grundstoffe genutzt, die zu 100 Prozent aus organischen Reststoffen gewonnen werden (Biomassenbilanzverfahren). Die Herstellung der zertifizierten Platte verbraucht also kein Erdgas oder Erd\u00f6l und verursacht etwa zwei Drittel weniger CO2-Emissionen als vergleichbare Produkte. Das gesamte System verbraucht gegen\u00fcber vergleichbaren Standardsystemen beachtliche 80 Prozent weniger fossile Grundstoffe und emittiert 30 Prozent weniger CO2 bei seiner Herstellung.<\/p>\n<p><strong>Befestigung ohne Kleber<\/strong><br \/>\nAuch in Sachen Kreislaufwirtschaft bietet das System Vorteile. Sowohl die biomassenbilanzierte EPS-D\u00e4mmplatte als auch die Steinwolleplatten k\u00f6nnen mit dem D\u00e4mmplattenbefestiger StoFix Circonic rein mechanisch befestigt werden. Diese klebefreie Montage erlaubt beim R\u00fcckbau die recyclinggerechte sortenreine Trennung.<\/p>\n<p><strong>Nat\u00fcrlicher Algen- und Pilzschutz \u2013 ohne Biozide<\/strong><br \/>\nDen Abschluss des \u00f6kologischen D\u00e4mmsystems bilden der zementfreie Oberputz Stolit AimS und die bionische Fassadenfarbe StoColor Lotusan AimS. Beider Bindemittel basiert zu 30 Prozent auf Kiefern\u00f6l aus Resten der Holzwirtschaft. Der Lotus-Effekt der Farbe l\u00e4sst Regen unmittelbar von der Fassade abperlen. Schmutzpartikel und Mikroorganismen k\u00f6nnen nur reduziert anhaften und werden vom Regen fortgesp\u00fclt. Dieser Selbstreinigungseffekt ganz ohne biozide Filmschutzmittel sorgt f\u00fcr eine nat\u00fcrliche Abwehr von Algen und Pilzen.<\/p>\n<p><strong>Variabel ohne Qualit\u00e4tsverlust<\/strong><br \/>\nDie Variabilit\u00e4t von StoTherm AimS erm\u00f6glicht, dass das System auf alle Nachhaltigkeitsaspekte beim Thema Fassadend\u00e4mmung einzahlt: Durch den Einsatz nachwachsender Rohstoffe und die Zementfreiheit spart es Ressourcen und verringert CO2-Emissionen. Es kann klebefrei montiert und damit sortenrein getrennt werden. Es ist langlebig, riss- und sto\u00dfsicher, sorgt also f\u00fcr lange Renovierungsintervalle.<\/p>\n<p>&nbsp;<\/p>\n<p>&nbsp;<\/p>\n<hr \/>\n<p>&nbsp;<\/p>\n<p><a href=\"http:\/\/www.pr-neu.de\/newsroom\/wordpress\/wp-content\/uploads\/2023\/02\/23_10_AimS_Konfig_1_Systemaufbau_G-scaled.jpg\" target=\"_blank\" rel=\"noopener\"><img loading=\"lazy\" decoding=\"async\" class=\"wp-image-15532 size-medium aligncenter\" src=\"http:\/\/www.pr-neu.de\/newsroom\/wordpress\/wp-content\/uploads\/2023\/02\/23_10_AimS_Konfig_1_Systemaufbau_G-203x300.jpg\" alt=\"\" width=\"203\" height=\"300\" srcset=\"https:\/\/www.pr-neu.de\/newsroom\/wordpress\/wp-content\/uploads\/2023\/02\/23_10_AimS_Konfig_1_Systemaufbau_G-203x300.jpg 203w, https:\/\/www.pr-neu.de\/newsroom\/wordpress\/wp-content\/uploads\/2023\/02\/23_10_AimS_Konfig_1_Systemaufbau_G-693x1024.jpg 693w, https:\/\/www.pr-neu.de\/newsroom\/wordpress\/wp-content\/uploads\/2023\/02\/23_10_AimS_Konfig_1_Systemaufbau_G-768x1136.jpg 768w, https:\/\/www.pr-neu.de\/newsroom\/wordpress\/wp-content\/uploads\/2023\/02\/23_10_AimS_Konfig_1_Systemaufbau_G-1039x1536.jpg 1039w, https:\/\/www.pr-neu.de\/newsroom\/wordpress\/wp-content\/uploads\/2023\/02\/23_10_AimS_Konfig_1_Systemaufbau_G-1385x2048.jpg 1385w, https:\/\/www.pr-neu.de\/newsroom\/wordpress\/wp-content\/uploads\/2023\/02\/23_10_AimS_Konfig_1_Systemaufbau_G-74x110.jpg 74w, https:\/\/www.pr-neu.de\/newsroom\/wordpress\/wp-content\/uploads\/2023\/02\/23_10_AimS_Konfig_1_Systemaufbau_G-284x420.jpg 284w, https:\/\/www.pr-neu.de\/newsroom\/wordpress\/wp-content\/uploads\/2023\/02\/23_10_AimS_Konfig_1_Systemaufbau_G-291x430.jpg 291w, https:\/\/www.pr-neu.de\/newsroom\/wordpress\/wp-content\/uploads\/2023\/02\/23_10_AimS_Konfig_1_Systemaufbau_G-scaled.jpg 1731w\" sizes=\"auto, (max-width: 203px) 100vw, 203px\" \/><\/a><\/p>\n<p style=\"text-align: center;\">Systemaufbau StoTherm AimS (Variante: klebefreie, mechanische Befestigung).<br \/>\nBild: Sto SE &amp; Co. KGaA<\/p>\n<p>&nbsp;<\/p>\n<p style=\"text-align: center;\"><a href=\"http:\/\/www.pr-neu.de\/newsroom\/wordpress\/wp-content\/uploads\/2023\/02\/23_10_AimS_Konfig_2_Top32_Biomass_G-scaled.jpg\" target=\"_blank\" rel=\"noopener\"><img loading=\"lazy\" decoding=\"async\" class=\"wp-image-15533 size-medium\" src=\"http:\/\/www.pr-neu.de\/newsroom\/wordpress\/wp-content\/uploads\/2023\/02\/23_10_AimS_Konfig_2_Top32_Biomass_G-300x200.jpg\" alt=\"\" width=\"300\" height=\"200\" srcset=\"https:\/\/www.pr-neu.de\/newsroom\/wordpress\/wp-content\/uploads\/2023\/02\/23_10_AimS_Konfig_2_Top32_Biomass_G-300x200.jpg 300w, https:\/\/www.pr-neu.de\/newsroom\/wordpress\/wp-content\/uploads\/2023\/02\/23_10_AimS_Konfig_2_Top32_Biomass_G-1024x683.jpg 1024w, https:\/\/www.pr-neu.de\/newsroom\/wordpress\/wp-content\/uploads\/2023\/02\/23_10_AimS_Konfig_2_Top32_Biomass_G-768x512.jpg 768w, https:\/\/www.pr-neu.de\/newsroom\/wordpress\/wp-content\/uploads\/2023\/02\/23_10_AimS_Konfig_2_Top32_Biomass_G-1536x1025.jpg 1536w, https:\/\/www.pr-neu.de\/newsroom\/wordpress\/wp-content\/uploads\/2023\/02\/23_10_AimS_Konfig_2_Top32_Biomass_G-2048x1366.jpg 2048w, https:\/\/www.pr-neu.de\/newsroom\/wordpress\/wp-content\/uploads\/2023\/02\/23_10_AimS_Konfig_2_Top32_Biomass_G-110x73.jpg 110w, https:\/\/www.pr-neu.de\/newsroom\/wordpress\/wp-content\/uploads\/2023\/02\/23_10_AimS_Konfig_2_Top32_Biomass_G-420x280.jpg 420w, https:\/\/www.pr-neu.de\/newsroom\/wordpress\/wp-content\/uploads\/2023\/02\/23_10_AimS_Konfig_2_Top32_Biomass_G-645x430.jpg 645w\" sizes=\"auto, (max-width: 300px) 100vw, 300px\" \/><\/a><\/p>\n<p style=\"text-align: center;\">Die Sto-D\u00e4mmplatte Top32 Biomass ist frei von fossilen Rohstoffen. Ihre Material- und Verarbeitungseigenschaften sind identisch mit traditionellen EPS-Platten.<br \/>\nFoto: Martin Baitinger \/ Sto SE &amp; Co. KGaA<\/p>\n<p>&nbsp;<\/p>\n<p style=\"text-align: center;\"><a href=\"http:\/\/www.pr-neu.de\/newsroom\/wordpress\/wp-content\/uploads\/2023\/02\/23_10_AimS_Konfig_3_StoFix_Circonic_G-scaled.jpg\" target=\"_blank\" rel=\"noopener\"><img loading=\"lazy\" decoding=\"async\" class=\"wp-image-15534 size-medium\" src=\"http:\/\/www.pr-neu.de\/newsroom\/wordpress\/wp-content\/uploads\/2023\/02\/23_10_AimS_Konfig_3_StoFix_Circonic_G-300x199.jpg\" alt=\"\" width=\"300\" height=\"199\" srcset=\"https:\/\/www.pr-neu.de\/newsroom\/wordpress\/wp-content\/uploads\/2023\/02\/23_10_AimS_Konfig_3_StoFix_Circonic_G-300x199.jpg 300w, https:\/\/www.pr-neu.de\/newsroom\/wordpress\/wp-content\/uploads\/2023\/02\/23_10_AimS_Konfig_3_StoFix_Circonic_G-1024x678.jpg 1024w, https:\/\/www.pr-neu.de\/newsroom\/wordpress\/wp-content\/uploads\/2023\/02\/23_10_AimS_Konfig_3_StoFix_Circonic_G-768x509.jpg 768w, https:\/\/www.pr-neu.de\/newsroom\/wordpress\/wp-content\/uploads\/2023\/02\/23_10_AimS_Konfig_3_StoFix_Circonic_G-1536x1018.jpg 1536w, https:\/\/www.pr-neu.de\/newsroom\/wordpress\/wp-content\/uploads\/2023\/02\/23_10_AimS_Konfig_3_StoFix_Circonic_G-2048x1357.jpg 2048w, https:\/\/www.pr-neu.de\/newsroom\/wordpress\/wp-content\/uploads\/2023\/02\/23_10_AimS_Konfig_3_StoFix_Circonic_G-110x73.jpg 110w, https:\/\/www.pr-neu.de\/newsroom\/wordpress\/wp-content\/uploads\/2023\/02\/23_10_AimS_Konfig_3_StoFix_Circonic_G-420x278.jpg 420w, https:\/\/www.pr-neu.de\/newsroom\/wordpress\/wp-content\/uploads\/2023\/02\/23_10_AimS_Konfig_3_StoFix_Circonic_G-649x430.jpg 649w\" sizes=\"auto, (max-width: 300px) 100vw, 300px\" \/><\/a><\/p>\n<p style=\"text-align: center;\">Mit dem D\u00e4mmplattenbefestiger StoFix Circonic k\u00f6nnen sowohl Mineralwolle- als auch EPS-Platten ohne Klebem\u00f6rtel montiert und somit sp\u00e4ter sortenrein getrennt werden.<br \/>\nFoto: Sto SE &amp; Co. KGaA<\/p>\n<p>&nbsp;<\/p>\n<p style=\"text-align: center;\"><a href=\"http:\/\/www.pr-neu.de\/newsroom\/wordpress\/wp-content\/uploads\/2023\/02\/23_10_AimS_Konfig_4_Kiefernoel_G-scaled.jpg\" target=\"_blank\" rel=\"noopener\"><img loading=\"lazy\" decoding=\"async\" class=\"wp-image-15535 size-medium\" src=\"http:\/\/www.pr-neu.de\/newsroom\/wordpress\/wp-content\/uploads\/2023\/02\/23_10_AimS_Konfig_4_Kiefernoel_G-300x200.jpg\" alt=\"\" width=\"300\" height=\"200\" srcset=\"https:\/\/www.pr-neu.de\/newsroom\/wordpress\/wp-content\/uploads\/2023\/02\/23_10_AimS_Konfig_4_Kiefernoel_G-300x200.jpg 300w, https:\/\/www.pr-neu.de\/newsroom\/wordpress\/wp-content\/uploads\/2023\/02\/23_10_AimS_Konfig_4_Kiefernoel_G-1024x683.jpg 1024w, https:\/\/www.pr-neu.de\/newsroom\/wordpress\/wp-content\/uploads\/2023\/02\/23_10_AimS_Konfig_4_Kiefernoel_G-768x512.jpg 768w, https:\/\/www.pr-neu.de\/newsroom\/wordpress\/wp-content\/uploads\/2023\/02\/23_10_AimS_Konfig_4_Kiefernoel_G-1536x1024.jpg 1536w, https:\/\/www.pr-neu.de\/newsroom\/wordpress\/wp-content\/uploads\/2023\/02\/23_10_AimS_Konfig_4_Kiefernoel_G-2048x1365.jpg 2048w, https:\/\/www.pr-neu.de\/newsroom\/wordpress\/wp-content\/uploads\/2023\/02\/23_10_AimS_Konfig_4_Kiefernoel_G-110x73.jpg 110w, https:\/\/www.pr-neu.de\/newsroom\/wordpress\/wp-content\/uploads\/2023\/02\/23_10_AimS_Konfig_4_Kiefernoel_G-420x280.jpg 420w, https:\/\/www.pr-neu.de\/newsroom\/wordpress\/wp-content\/uploads\/2023\/02\/23_10_AimS_Konfig_4_Kiefernoel_G-645x430.jpg 645w\" sizes=\"auto, (max-width: 300px) 100vw, 300px\" \/><\/a><\/p>\n<p style=\"text-align: center;\">Die Bindemittel der Beschichtungen wurden zu 30 Prozent aus Kiefern\u00f6l gewonnen.<br \/>\nFoto: Parilov &#8211; stock.adobe.com<\/p>\n<p>&nbsp;<\/p>\n<hr \/>\n<p>&nbsp;<\/p>\n<p>Abdruck honorarfrei, Belegexemplar erbeten<\/p>\n","protected":false},"excerpt":{"rendered":"<p>Das Fassadend\u00e4mmsystem StoTherm AimS ist extrem variabel und tr\u00e4gt besonders zu Umwelt- und Ressourcenschutz (weniger Erd\u00f6l- oder Erdgasverbrauch), Klimaschutz (geringere CO2-Emissionen) sowie Kreislaufwirtschaft (sortenreine Trennung dank klebefreier Montage) bei.<\/p>\n","protected":false},"author":9,"featured_media":15533,"comment_status":"closed","ping_status":"open","sticky":false,"template":"","format":"standard","meta":{"footnotes":""},"categories":[15],"tags":[2266,1569,124,187,1575,367,430,439,504,602,627],"class_list":["post-15531","post","type-post","status-publish","format-standard","has-post-thumbnail","hentry","category-sto","tag-aims","tag-daemmen","tag-dammung","tag-fassade","tag-haus","tag-nachhaltigkeit","tag-renovierung","tag-sanierung","tag-sto-2","tag-umweltschutz","tag-wdvs"],"_links":{"self":[{"href":"https:\/\/www.pr-neu.de\/newsroom\/wp-json\/wp\/v2\/posts\/15531","targetHints":{"allow":["GET"]}}],"collection":[{"href":"https:\/\/www.pr-neu.de\/newsroom\/wp-json\/wp\/v2\/posts"}],"about":[{"href":"https:\/\/www.pr-neu.de\/newsroom\/wp-json\/wp\/v2\/types\/post"}],"author":[{"embeddable":true,"href":"https:\/\/www.pr-neu.de\/newsroom\/wp-json\/wp\/v2\/users\/9"}],"replies":[{"embeddable":true,"href":"https:\/\/www.pr-neu.de\/newsroom\/wp-json\/wp\/v2\/comments?post=15531"}],"version-history":[{"count":3,"href":"https:\/\/www.pr-neu.de\/newsroom\/wp-json\/wp\/v2\/posts\/15531\/revisions"}],"predecessor-version":[{"id":16846,"href":"https:\/\/www.pr-neu.de\/newsroom\/wp-json\/wp\/v2\/posts\/15531\/revisions\/16846"}],"wp:featuredmedia":[{"embeddable":true,"href":"https:\/\/www.pr-neu.de\/newsroom\/wp-json\/wp\/v2\/media\/15533"}],"wp:attachment":[{"href":"https:\/\/www.pr-neu.de\/newsroom\/wp-json\/wp\/v2\/media?parent=15531"}],"wp:term":[{"taxonomy":"category","embeddable":true,"href":"https:\/\/www.pr-neu.de\/newsroom\/wp-json\/wp\/v2\/categories?post=15531"},{"taxonomy":"post_tag","embeddable":true,"href":"https:\/\/www.pr-neu.de\/newsroom\/wp-json\/wp\/v2\/tags?post=15531"}],"curies":[{"name":"wp","href":"https:\/\/api.w.org\/{rel}","templated":true}]}}