{"id":15526,"date":"2023-02-14T10:04:44","date_gmt":"2023-02-14T09:04:44","guid":{"rendered":"https:\/\/www.pr-neu.de\/newsroom\/?p=15526"},"modified":"2023-02-14T10:04:44","modified_gmt":"2023-02-14T09:04:44","slug":"kundenorientiert-im-dialog-2","status":"publish","type":"post","link":"https:\/\/www.pr-neu.de\/newsroom\/kundenorientiert-im-dialog-2\/","title":{"rendered":"Kundenorientiert im Dialog"},"content":{"rendered":"<p><u>Teckentrup auf der BAU 2023 \/ Halle B3 Stand 321<\/u><\/p>\n<p><strong>Zuh\u00f6ren \u2013 das ist die Maxime von Teckentrup. \u201eDurch intensive Gespr\u00e4chsrunden mit Partnern aus Metallbaubetrieben, Planungsb\u00fcros und Handelsh\u00e4usern haben wir ein sch\u00e4rferes Bild davon bekommen, wo in der Praxis tats\u00e4chlich ein Bedarf herrscht\u201c, erkl\u00e4rt Firmen-Chef Kai Teckentrup, \u201eund darauf richten wir unsere Entwicklung aus\u201c. So entstehen im Unternehmen kontinuierlich neue Produkte und Dienstleistungen \u2013 die j\u00fcngsten Ergebnisse stellt Teckentrup zur BAU in Halle B3\/Stand 321 vor. Dazu geh\u00f6ren die Weiterentwicklung der digitalen TEO-Plattform, umfangreiche Service-Angebote von Pre- bis Aftersales sowie Produktinnovationen bei T\u00fcren und Toren. \u201eDie Messe bietet endlich wieder die Gelegenheit, unseren Partnern Neuheiten im direkten Dialog vorzustellen\u201c, freut sich Kai Teckentrup auf die Messe.<\/strong><\/p>\n<p><strong>Rohrrahment\u00fcren erg\u00e4nzen Produktsortiment<\/strong><\/p>\n<p>Viele Betriebe wollen ihre Objekte mit nur einem Hersteller umsetzen. Geh\u00f6rten Rohrrahment\u00fcren dazu, war das bislang bei Teckentrup nicht m\u00f6glich. Seit Februar 2023 geh\u00f6rt dieser T\u00fcrentyp jetzt zum Produktsortiment. Daf\u00fcr startete Teckentrup eine Kooperation mit Sch\u00fcco. Zum Portfolio geh\u00f6ren die Elemente der Firestop-Serie in unterschiedlichen Qualit\u00e4ten (T30 \/ T90, Rauchschutz, weitere in Planung).<\/p>\n<p>Das T\u00fcrenprogramm wird durch weitere individuelle L\u00f6sungen wie die exklusive Feuerschutzt\u00fcr T90 f\u00fcr erh\u00f6hte Einbaulagen und die Au\u00dfen-Feuerschutzt\u00fcr EI260-C5-Sa \u201eTeckentrup 62\u201c mit europ\u00e4ischer Zulassung erg\u00e4nzt.<\/p>\n<p><strong>Volle digitale Kundenbetreuung mit TEO<\/strong><\/p>\n<p>Im Online-Portal TEO \u2013 Teckentrup einfach online gibt es 2023 noch mehr Know-how: \u00dcber das Modul \u201eCampus\u201c ist es jetzt m\u00f6glich, Seminare zu buchen und zu verwalten. In gr\u00f6\u00dferen Betrieben kann ein zentraler Ansprechpartner die Kurse der Belegschaft organisieren, sogar Sub-Unternehmer lassen sich einbinden. Letzteren steht auch der Online-Produktkonfigurator zur Verf\u00fcgung, eine weitere Version richtet sich an Architekten und Planer.<\/p>\n<p><strong>Die volle Wahl beim Garagentor<\/strong><\/p>\n<p>Ob klein oder gro\u00df, ob Neubau oder Renovierung. F\u00fcr jeden Geschmack und Anspruch gibt es das passende Tor. Mit den neuen CarTeck-Drehfl\u00fcgeltoren gibt es jetzt auch einen neuen Platzsparer f\u00fcr den Innenraum der Garage: Das zweifl\u00fcgelige Tor \u00f6ffnet nach au\u00dfen, braucht also innen keinen Platz. Mit dem XL-Tor k\u00f6nnen selbst gro\u00dfe \u00d6ffnungen bis 6,25m verschlossen werden.<\/p>\n<p>Entscheidend bei der Torwahl ist eine gute Beratung. Darauf legt Teckentrup zur BAU sein Augenmerk und pr\u00e4sentiert seine CarTeck-L\u00f6sungen integriert in sein individuell anpassbares POS-Modul f\u00fcr H\u00e4ndler und Handwerker. Umfangreiches Zubeh\u00f6r von \u00e4sthetischen Lichtl\u00f6sungen bis zu Sicherheitsausr\u00fcstungen bieten dar\u00fcber hinaus viel Spielraum f\u00fcr ein individuell angepasstes Garagentor. Erstmals vorgestellt wird auch die neue CarTeck-Aktion 2023\/24.<\/p>\n<p><strong>Mehr Design f\u00fcr Industrietore<\/strong><\/p>\n<p>Mehr Oberfl\u00e4chen und mehr Optiken f\u00fcr Industrie-Sektionaltore: Die Strukturen \u201ewoodgrain\u201c und \u201eglatt\u201c erweitern die Auswahl der Standard-Oberfl\u00e4chen \u201estucco\u201c und \u201emicroprofiliert\u201c. Bei den Optiken ist das Angebot auf Sicke, Mittelsicke oder ohne Sicke ausgeweitet. Mit der breiten Farbtonpalette erh\u00e4lt die Gestaltung noch mehr Spielraum: Acht Standardfarben und f\u00fcr die 40er-Baureihen weitere acht Trendfarben, vier Holzdekore und vier Metallict\u00f6ne bieten viel Auswahl, zudem ist jeder RAL-Farbton m\u00f6glich.<\/p>\n<p><strong>Teckentrup auf der BAU: Halle B3 Stand 321.<\/strong><\/p>\n<p>&nbsp;<\/p>\n<hr \/>\n<p style=\"text-align: center;\">\n<p>&nbsp;<\/p>\n<figure id=\"attachment_15527\" aria-describedby=\"caption-attachment-15527\" style=\"width: 300px\" class=\"wp-caption aligncenter\"><a href=\"http:\/\/www.pr-neu.de\/newsroom\/wordpress\/wp-content\/uploads\/2023\/02\/23-03_RRT_Teckentrup_G.jpg\" target=\"_blank\" rel=\"noopener\"><img loading=\"lazy\" decoding=\"async\" class=\"wp-image-15527 size-medium\" src=\"http:\/\/www.pr-neu.de\/newsroom\/wordpress\/wp-content\/uploads\/2023\/02\/23-03_RRT_Teckentrup_G-300x300.jpg\" alt=\"\" width=\"300\" height=\"300\" srcset=\"https:\/\/www.pr-neu.de\/newsroom\/wordpress\/wp-content\/uploads\/2023\/02\/23-03_RRT_Teckentrup_G-300x300.jpg 300w, https:\/\/www.pr-neu.de\/newsroom\/wordpress\/wp-content\/uploads\/2023\/02\/23-03_RRT_Teckentrup_G-1024x1024.jpg 1024w, https:\/\/www.pr-neu.de\/newsroom\/wordpress\/wp-content\/uploads\/2023\/02\/23-03_RRT_Teckentrup_G-150x150.jpg 150w, https:\/\/www.pr-neu.de\/newsroom\/wordpress\/wp-content\/uploads\/2023\/02\/23-03_RRT_Teckentrup_G-768x768.jpg 768w, https:\/\/www.pr-neu.de\/newsroom\/wordpress\/wp-content\/uploads\/2023\/02\/23-03_RRT_Teckentrup_G-1536x1536.jpg 1536w, https:\/\/www.pr-neu.de\/newsroom\/wordpress\/wp-content\/uploads\/2023\/02\/23-03_RRT_Teckentrup_G-2048x2048.jpg 2048w, https:\/\/www.pr-neu.de\/newsroom\/wordpress\/wp-content\/uploads\/2023\/02\/23-03_RRT_Teckentrup_G-250x250.jpg 250w, https:\/\/www.pr-neu.de\/newsroom\/wordpress\/wp-content\/uploads\/2023\/02\/23-03_RRT_Teckentrup_G-125x125.jpg 125w, https:\/\/www.pr-neu.de\/newsroom\/wordpress\/wp-content\/uploads\/2023\/02\/23-03_RRT_Teckentrup_G-110x110.jpg 110w, https:\/\/www.pr-neu.de\/newsroom\/wordpress\/wp-content\/uploads\/2023\/02\/23-03_RRT_Teckentrup_G-420x420.jpg 420w, https:\/\/www.pr-neu.de\/newsroom\/wordpress\/wp-content\/uploads\/2023\/02\/23-03_RRT_Teckentrup_G-430x430.jpg 430w\" sizes=\"auto, (max-width: 300px) 100vw, 300px\" \/><\/a><figcaption id=\"caption-attachment-15527\" class=\"wp-caption-text\">\u00a0<\/figcaption><\/figure>\n<p style=\"text-align: center;\">Mit Rohrrahment\u00fcren erweitert Teckentrup sein Portfolio, so sind Alles-aus-einer-Hand-Angebote jetzt einfach zu erstellen. Daf\u00fcr ging Teckentrup eine Kooperation mit Sch\u00fcco ein. Das Programm ist bereits vollst\u00e4ndig in das Planungstool TEO integriert.<br \/>\nBild: Sch\u00fcco International KG \/ Teckentrup<\/p>\n<p>&nbsp;<\/p>\n<figure id=\"attachment_15528\" aria-describedby=\"caption-attachment-15528\" style=\"width: 300px\" class=\"wp-caption aligncenter\"><a href=\"http:\/\/www.pr-neu.de\/newsroom\/wordpress\/wp-content\/uploads\/2023\/02\/23-03_TEO_Campus_G-scaled.jpg\" target=\"_blank\" rel=\"noopener\"><img loading=\"lazy\" decoding=\"async\" class=\"wp-image-15528 size-medium\" src=\"http:\/\/www.pr-neu.de\/newsroom\/wordpress\/wp-content\/uploads\/2023\/02\/23-03_TEO_Campus_G-300x274.jpg\" alt=\"\" width=\"300\" height=\"274\" srcset=\"https:\/\/www.pr-neu.de\/newsroom\/wordpress\/wp-content\/uploads\/2023\/02\/23-03_TEO_Campus_G-300x274.jpg 300w, https:\/\/www.pr-neu.de\/newsroom\/wordpress\/wp-content\/uploads\/2023\/02\/23-03_TEO_Campus_G-1024x935.jpg 1024w, https:\/\/www.pr-neu.de\/newsroom\/wordpress\/wp-content\/uploads\/2023\/02\/23-03_TEO_Campus_G-768x701.jpg 768w, https:\/\/www.pr-neu.de\/newsroom\/wordpress\/wp-content\/uploads\/2023\/02\/23-03_TEO_Campus_G-1536x1402.jpg 1536w, https:\/\/www.pr-neu.de\/newsroom\/wordpress\/wp-content\/uploads\/2023\/02\/23-03_TEO_Campus_G-2048x1870.jpg 2048w, https:\/\/www.pr-neu.de\/newsroom\/wordpress\/wp-content\/uploads\/2023\/02\/23-03_TEO_Campus_G-110x100.jpg 110w, https:\/\/www.pr-neu.de\/newsroom\/wordpress\/wp-content\/uploads\/2023\/02\/23-03_TEO_Campus_G-420x383.jpg 420w, https:\/\/www.pr-neu.de\/newsroom\/wordpress\/wp-content\/uploads\/2023\/02\/23-03_TEO_Campus_G-471x430.jpg 471w\" sizes=\"auto, (max-width: 300px) 100vw, 300px\" \/><\/a><figcaption id=\"caption-attachment-15528\" class=\"wp-caption-text\">\u00a0<\/figcaption><\/figure>\n<p style=\"text-align: center;\">\nWissen: kompakt in der \u00dcbersicht: Mit dem Modul \u201eCampus\u201c bietet Teckentrup seinen Partnern im Online-Portal \u201eTEO\u201c die Auswahl verschiedener Seminare \u2013 und das gesamte Seminar-Management.<br \/>\nBild: Teckentrup<\/p>\n<p>&nbsp;<\/p>\n<figure id=\"attachment_15529\" aria-describedby=\"caption-attachment-15529\" style=\"width: 300px\" class=\"wp-caption aligncenter\"><a href=\"http:\/\/www.pr-neu.de\/newsroom\/wordpress\/wp-content\/uploads\/2023\/02\/23-03_Drehfluegeltor_K.jpg\" target=\"_blank\" rel=\"noopener\"><img loading=\"lazy\" decoding=\"async\" class=\"wp-image-15529 size-medium\" src=\"http:\/\/www.pr-neu.de\/newsroom\/wordpress\/wp-content\/uploads\/2023\/02\/23-03_Drehfluegeltor_K-300x278.jpg\" alt=\"\" width=\"300\" height=\"278\" srcset=\"https:\/\/www.pr-neu.de\/newsroom\/wordpress\/wp-content\/uploads\/2023\/02\/23-03_Drehfluegeltor_K-300x278.jpg 300w, https:\/\/www.pr-neu.de\/newsroom\/wordpress\/wp-content\/uploads\/2023\/02\/23-03_Drehfluegeltor_K-1024x949.jpg 1024w, https:\/\/www.pr-neu.de\/newsroom\/wordpress\/wp-content\/uploads\/2023\/02\/23-03_Drehfluegeltor_K-768x712.jpg 768w, https:\/\/www.pr-neu.de\/newsroom\/wordpress\/wp-content\/uploads\/2023\/02\/23-03_Drehfluegeltor_K-1536x1423.jpg 1536w, https:\/\/www.pr-neu.de\/newsroom\/wordpress\/wp-content\/uploads\/2023\/02\/23-03_Drehfluegeltor_K-2048x1898.jpg 2048w, https:\/\/www.pr-neu.de\/newsroom\/wordpress\/wp-content\/uploads\/2023\/02\/23-03_Drehfluegeltor_K-110x102.jpg 110w, https:\/\/www.pr-neu.de\/newsroom\/wordpress\/wp-content\/uploads\/2023\/02\/23-03_Drehfluegeltor_K-420x389.jpg 420w, https:\/\/www.pr-neu.de\/newsroom\/wordpress\/wp-content\/uploads\/2023\/02\/23-03_Drehfluegeltor_K-464x430.jpg 464w\" sizes=\"auto, (max-width: 300px) 100vw, 300px\" \/><\/a><figcaption id=\"caption-attachment-15529\" class=\"wp-caption-text\">\u00a0<\/figcaption><\/figure>\n<p style=\"text-align: center;\">\nEin Architektur-Tor, das in der Garage den vollen Platz l\u00e4sst: Mit dem Drehfl\u00fcgeltor bietet Teckentrup eine Alternative zur Standard-L\u00f6sung, die in die Garage hinein \u00f6ffnet.<br \/>\nBild: Teckentrup<\/p>\n<p>&nbsp;<\/p>\n<p>&nbsp;<\/p>\n<hr \/>\n<p>&nbsp;<\/p>\n<p>Abdruck honorarfrei, Belegexemplar erbeten<\/p>\n","protected":false},"excerpt":{"rendered":"<p>Teckentrup stellt zur BAU (Halle B3\/Stand 321) seine Innovationen vor. Dazu geh\u00f6ren die Weiterentwicklung der digitalen TEO-Plattform, umfangreiche Service-Angebote von Pre- bis Aftersales sowie Produktentwicklungen f\u00fcr T\u00fcre und Tore.<\/p>\n","protected":false},"author":9,"featured_media":15529,"comment_status":"closed","ping_status":"open","sticky":false,"template":"","format":"standard","meta":{"footnotes":""},"categories":[18],"tags":[2247,2251,2264,175,217,218,565,580,592],"class_list":["post-15526","post","type-post","status-publish","format-standard","has-post-thumbnail","hentry","category-teckentrup","tag-bau2023","tag-baumuenchen","tag-doorsolutions","tag-fachmesse","tag-garage","tag-garagentor","tag-teckentrup","tag-tore","tag-turen"],"_links":{"self":[{"href":"https:\/\/www.pr-neu.de\/newsroom\/wp-json\/wp\/v2\/posts\/15526","targetHints":{"allow":["GET"]}}],"collection":[{"href":"https:\/\/www.pr-neu.de\/newsroom\/wp-json\/wp\/v2\/posts"}],"about":[{"href":"https:\/\/www.pr-neu.de\/newsroom\/wp-json\/wp\/v2\/types\/post"}],"author":[{"embeddable":true,"href":"https:\/\/www.pr-neu.de\/newsroom\/wp-json\/wp\/v2\/users\/9"}],"replies":[{"embeddable":true,"href":"https:\/\/www.pr-neu.de\/newsroom\/wp-json\/wp\/v2\/comments?post=15526"}],"version-history":[{"count":1,"href":"https:\/\/www.pr-neu.de\/newsroom\/wp-json\/wp\/v2\/posts\/15526\/revisions"}],"predecessor-version":[{"id":15530,"href":"https:\/\/www.pr-neu.de\/newsroom\/wp-json\/wp\/v2\/posts\/15526\/revisions\/15530"}],"wp:featuredmedia":[{"embeddable":true,"href":"https:\/\/www.pr-neu.de\/newsroom\/wp-json\/wp\/v2\/media\/15529"}],"wp:attachment":[{"href":"https:\/\/www.pr-neu.de\/newsroom\/wp-json\/wp\/v2\/media?parent=15526"}],"wp:term":[{"taxonomy":"category","embeddable":true,"href":"https:\/\/www.pr-neu.de\/newsroom\/wp-json\/wp\/v2\/categories?post=15526"},{"taxonomy":"post_tag","embeddable":true,"href":"https:\/\/www.pr-neu.de\/newsroom\/wp-json\/wp\/v2\/tags?post=15526"}],"curies":[{"name":"wp","href":"https:\/\/api.w.org\/{rel}","templated":true}]}}