{"id":15513,"date":"2023-02-13T13:53:06","date_gmt":"2023-02-13T12:53:06","guid":{"rendered":"https:\/\/www.pr-neu.de\/newsroom\/?p=15513"},"modified":"2023-02-13T14:00:41","modified_gmt":"2023-02-13T13:00:41","slug":"sedak-setzt-auf-gruene-energie","status":"publish","type":"post","link":"https:\/\/www.pr-neu.de\/newsroom\/sedak-setzt-auf-gruene-energie\/","title":{"rendered":"sedak setzt auf gr\u00fcne Energie"},"content":{"rendered":"<p><u>Neue PV-Anlage in Betrieb<\/u><\/p>\n<p><strong>Nicht erst seit die Energiepreise explodieren setzt sedak auf regenerative Energie: Der Spezialist f\u00fcr Gl\u00e4ser im \u00dcberformat hat sich f\u00fcr 2023 einige Ziele gesetzt, um schrittweise immer umweltfreundlicher zu produzieren. 2022 erweiterte das Unternehmen bereits die bestehende PV-Anlage auf dem Dach des Stammwerks.<\/strong><\/p>\n<p>&#8222;Mit dem Ausbau unserer PV-Anlage decken wir mittlerweile rund 80 Prozent unseres Strombedarf \u00fcber regenerative Energie&#8220;, freut sich Vertriebsleiter Kevin Berni \u00fcber mehr Strom von der Sonne. Mit einer Recyclingquote von mehr als 90 Prozent ist Glas ein besonders ressourcenschonender Baustoff. Verbessern l\u00e4sst sich jedoch die Energiebilanz der energieintensiven Herstellung. Schon seit 2021 versorgt eine Photovoltaik-Anlage den Standort Gersthofen mit fast 260.000 kWh pro Jahr. Mit der neuen Anlage kommen jetzt rund 1.400.000 kWh pro Jahr Sonnen-Strom hinzu. \u201eInsgesamt sind es mehr als 4.000 Module und eine Gesamtmodulfl\u00e4che von 8.010 Quadratmetern\u201c, sagt Berni. Neben der PV-Erweiterung f\u00f6rdert sedak eine Reihe an Ma\u00dfnahmen, vom kostenlosen Fahrrad-Verleih f\u00fcr Mitarbeiter \u00fcber sparsames Energiemanagement in den B\u00fcros bis zum konsequenten Recycling: Bis 94 Prozent des Gesamtabfalls werden sortiert und verwertet, bei PVB- und SG-Interlayerarbf\u00e4llen gehen zum Beispiel 95 Prozent zur\u00fcck an den Hersteller.<\/p>\n<p>&nbsp;<\/p>\n<hr \/>\n<p>&nbsp;<\/p>\n<p><a href=\"http:\/\/www.pr-neu.de\/newsroom\/wordpress\/wp-content\/uploads\/2023\/02\/23_01_sedak_PV_Anlage.jpg\" target=\"_blank\" rel=\"noopener\"><img loading=\"lazy\" decoding=\"async\" class=\"aligncenter wp-image-15514 size-medium\" src=\"http:\/\/www.pr-neu.de\/newsroom\/wordpress\/wp-content\/uploads\/2023\/02\/23_01_sedak_PV_Anlage-300x169.jpg\" alt=\"\" width=\"300\" height=\"169\" srcset=\"https:\/\/www.pr-neu.de\/newsroom\/wordpress\/wp-content\/uploads\/2023\/02\/23_01_sedak_PV_Anlage-300x169.jpg 300w, https:\/\/www.pr-neu.de\/newsroom\/wordpress\/wp-content\/uploads\/2023\/02\/23_01_sedak_PV_Anlage-1024x576.jpg 1024w, https:\/\/www.pr-neu.de\/newsroom\/wordpress\/wp-content\/uploads\/2023\/02\/23_01_sedak_PV_Anlage-768x432.jpg 768w, https:\/\/www.pr-neu.de\/newsroom\/wordpress\/wp-content\/uploads\/2023\/02\/23_01_sedak_PV_Anlage-1536x864.jpg 1536w, https:\/\/www.pr-neu.de\/newsroom\/wordpress\/wp-content\/uploads\/2023\/02\/23_01_sedak_PV_Anlage-110x62.jpg 110w, https:\/\/www.pr-neu.de\/newsroom\/wordpress\/wp-content\/uploads\/2023\/02\/23_01_sedak_PV_Anlage-420x236.jpg 420w, https:\/\/www.pr-neu.de\/newsroom\/wordpress\/wp-content\/uploads\/2023\/02\/23_01_sedak_PV_Anlage-770x430.jpg 770w, https:\/\/www.pr-neu.de\/newsroom\/wordpress\/wp-content\/uploads\/2023\/02\/23_01_sedak_PV_Anlage-764x430.jpg 764w, https:\/\/www.pr-neu.de\/newsroom\/wordpress\/wp-content\/uploads\/2023\/02\/23_01_sedak_PV_Anlage.jpg 1562w\" sizes=\"auto, (max-width: 300px) 100vw, 300px\" \/><\/a><\/p>\n<p style=\"text-align: center;\">sedak erweitert die Photvoltaik-Anlage auf seinen Hallen: Der j\u00e4hrliche Ertrag liegt jetzt bei rund 1,7 Mio. kWh pro Jahr.<br \/>\nBild: sedak<\/p>\n<p>&nbsp;<\/p>\n<p style=\"text-align: center;\"><a href=\"http:\/\/www.pr-neu.de\/newsroom\/wordpress\/wp-content\/uploads\/2023\/02\/23_01_sedak_bikes.jpg\" target=\"_blank\" rel=\"noopener\"><img loading=\"lazy\" decoding=\"async\" class=\"aligncenter wp-image-15515 size-medium\" src=\"http:\/\/www.pr-neu.de\/newsroom\/wordpress\/wp-content\/uploads\/2023\/02\/23_01_sedak_bikes-200x300.jpg\" alt=\"\" width=\"200\" height=\"300\" srcset=\"https:\/\/www.pr-neu.de\/newsroom\/wordpress\/wp-content\/uploads\/2023\/02\/23_01_sedak_bikes-200x300.jpg 200w, https:\/\/www.pr-neu.de\/newsroom\/wordpress\/wp-content\/uploads\/2023\/02\/23_01_sedak_bikes-682x1024.jpg 682w, https:\/\/www.pr-neu.de\/newsroom\/wordpress\/wp-content\/uploads\/2023\/02\/23_01_sedak_bikes-768x1152.jpg 768w, https:\/\/www.pr-neu.de\/newsroom\/wordpress\/wp-content\/uploads\/2023\/02\/23_01_sedak_bikes-1024x1536.jpg 1024w, https:\/\/www.pr-neu.de\/newsroom\/wordpress\/wp-content\/uploads\/2023\/02\/23_01_sedak_bikes-73x110.jpg 73w, https:\/\/www.pr-neu.de\/newsroom\/wordpress\/wp-content\/uploads\/2023\/02\/23_01_sedak_bikes-280x420.jpg 280w, https:\/\/www.pr-neu.de\/newsroom\/wordpress\/wp-content\/uploads\/2023\/02\/23_01_sedak_bikes-287x430.jpg 287w, https:\/\/www.pr-neu.de\/newsroom\/wordpress\/wp-content\/uploads\/2023\/02\/23_01_sedak_bikes.jpg 1165w\" sizes=\"auto, (max-width: 200px) 100vw, 200px\" \/><\/a><\/p>\n<p style=\"text-align: center;\">Mit Firmen-Fahrr\u00e4dern tr\u00e4gt sedak dazu bei den CO2-Aussto\u00df beim Werkverkehr zu senken.<br \/>\nBild: sedak<\/p>\n<p>&nbsp;<\/p>\n<p><a href=\"http:\/\/www.pr-neu.de\/newsroom\/wordpress\/wp-content\/uploads\/2023\/02\/23_01_sedak_HQ-scaled.jpg\" target=\"_blank\" rel=\"noopener\"><img loading=\"lazy\" decoding=\"async\" class=\"aligncenter wp-image-15516 size-medium\" src=\"http:\/\/www.pr-neu.de\/newsroom\/wordpress\/wp-content\/uploads\/2023\/02\/23_01_sedak_HQ-300x104.jpg\" alt=\"\" width=\"300\" height=\"104\" srcset=\"https:\/\/www.pr-neu.de\/newsroom\/wordpress\/wp-content\/uploads\/2023\/02\/23_01_sedak_HQ-300x104.jpg 300w, https:\/\/www.pr-neu.de\/newsroom\/wordpress\/wp-content\/uploads\/2023\/02\/23_01_sedak_HQ-1024x355.jpg 1024w, https:\/\/www.pr-neu.de\/newsroom\/wordpress\/wp-content\/uploads\/2023\/02\/23_01_sedak_HQ-768x266.jpg 768w, https:\/\/www.pr-neu.de\/newsroom\/wordpress\/wp-content\/uploads\/2023\/02\/23_01_sedak_HQ-1536x533.jpg 1536w, https:\/\/www.pr-neu.de\/newsroom\/wordpress\/wp-content\/uploads\/2023\/02\/23_01_sedak_HQ-2048x710.jpg 2048w, https:\/\/www.pr-neu.de\/newsroom\/wordpress\/wp-content\/uploads\/2023\/02\/23_01_sedak_HQ-110x38.jpg 110w, https:\/\/www.pr-neu.de\/newsroom\/wordpress\/wp-content\/uploads\/2023\/02\/23_01_sedak_HQ-420x146.jpg 420w, https:\/\/www.pr-neu.de\/newsroom\/wordpress\/wp-content\/uploads\/2023\/02\/23_01_sedak_HQ-770x267.jpg 770w\" sizes=\"auto, (max-width: 300px) 100vw, 300px\" \/><\/a><\/p>\n<p style=\"text-align: center;\">Der sedak Firmensitz in Gersthofen.<br \/>\nBild: sedak<\/p>\n<p>&nbsp;<\/p>\n<hr \/>\n<p>&nbsp;<\/p>\n<p>Abdruck honorarfrei, Belegexemplar erbeten<\/p>\n","protected":false},"excerpt":{"rendered":"<p>Der Spezialist f\u00fcr Gl\u00e4ser im \u00dcberformat hat sich f\u00fcr 2023 einige Ziele gesetzt, um schrittweise immer umweltfreundlicher zu produzieren. 2022 erweiterte das Unternehmen bereits die bestehende PV-Anlage auf dem Dach des Stammwerks.<\/p>\n","protected":false},"author":9,"featured_media":15514,"comment_status":"closed","ping_status":"open","sticky":false,"template":"","format":"standard","meta":{"footnotes":""},"categories":[12],"tags":[156,230,236,2259,367,395,2257,2261,543,599,602],"class_list":["post-15513","post","type-post","status-publish","format-standard","has-post-thumbnail","hentry","category-sedak","tag-energie","tag-glas","tag-glass","tag-gruene-energie","tag-nachhaltigkeit","tag-photovoltaic","tag-sedak","tag-solarenergie","tag-strom","tag-umwelt","tag-umweltschutz"],"_links":{"self":[{"href":"https:\/\/www.pr-neu.de\/newsroom\/wp-json\/wp\/v2\/posts\/15513","targetHints":{"allow":["GET"]}}],"collection":[{"href":"https:\/\/www.pr-neu.de\/newsroom\/wp-json\/wp\/v2\/posts"}],"about":[{"href":"https:\/\/www.pr-neu.de\/newsroom\/wp-json\/wp\/v2\/types\/post"}],"author":[{"embeddable":true,"href":"https:\/\/www.pr-neu.de\/newsroom\/wp-json\/wp\/v2\/users\/9"}],"replies":[{"embeddable":true,"href":"https:\/\/www.pr-neu.de\/newsroom\/wp-json\/wp\/v2\/comments?post=15513"}],"version-history":[{"count":1,"href":"https:\/\/www.pr-neu.de\/newsroom\/wp-json\/wp\/v2\/posts\/15513\/revisions"}],"predecessor-version":[{"id":15517,"href":"https:\/\/www.pr-neu.de\/newsroom\/wp-json\/wp\/v2\/posts\/15513\/revisions\/15517"}],"wp:featuredmedia":[{"embeddable":true,"href":"https:\/\/www.pr-neu.de\/newsroom\/wp-json\/wp\/v2\/media\/15514"}],"wp:attachment":[{"href":"https:\/\/www.pr-neu.de\/newsroom\/wp-json\/wp\/v2\/media?parent=15513"}],"wp:term":[{"taxonomy":"category","embeddable":true,"href":"https:\/\/www.pr-neu.de\/newsroom\/wp-json\/wp\/v2\/categories?post=15513"},{"taxonomy":"post_tag","embeddable":true,"href":"https:\/\/www.pr-neu.de\/newsroom\/wp-json\/wp\/v2\/tags?post=15513"}],"curies":[{"name":"wp","href":"https:\/\/api.w.org\/{rel}","templated":true}]}}