{"id":15500,"date":"2023-02-08T09:19:39","date_gmt":"2023-02-08T08:19:39","guid":{"rendered":"https:\/\/www.pr-neu.de\/newsroom\/?p=15500"},"modified":"2023-02-08T09:35:49","modified_gmt":"2023-02-08T08:35:49","slug":"mineralische-innenfarbe-optimiert","status":"publish","type":"post","link":"https:\/\/www.pr-neu.de\/newsroom\/mineralische-innenfarbe-optimiert\/","title":{"rendered":"Mineralische Innenfarbe optimiert"},"content":{"rendered":"<p><u>Bio-InnenSilikat von S\u00fcdwest: Verbesserte Rezeptur<\/u><\/p>\n<p>Leichter zu verarbeiten, widerstandsf\u00e4higer an der Wand: Mit der neuen Rezeptur der mineralischen Innenfarbe \u201eBio-InnenSilikat\u201c hat die F&amp;E von S\u00fcdwest gleich zwei deutliche Verbesserungen erreicht. Damit ist sie f\u00fcr Verarbeiter noch besser und schneller zu verarbeiten, zugleich erweitert sich das Einsatzspektrum der Premiumfarbe. Verarbeiter profitieren vom leichtg\u00e4ngigen, nicht stockigen Farbauftrag, unabh\u00e4ngig davon, ob mit Pinsel, Rolle oder Airlessger\u00e4t gearbeitet wird. Zudem erreicht die Innenfarbe jetzt die Nassabriebklasse 1. Damit eignet sie sich f\u00fcr alle Innenr\u00e4ume, auch f\u00fcr den Einsatz in Bad und K\u00fcche als feuchteausgleichende, \u00e4sthetische Beschichtung. Die bew\u00e4hrten positiven Eigenschaften bleiben: hohe Deckkraft und Wasserdampfdurchl\u00e4ssigkeit, emissionsarm, l\u00f6semittel-, konservierungsmittel- und weichmacherfrei. Aufgrund der nat\u00fcrlichen Alkalit\u00e4t sorgt \u201eBio-InnenSilikat\u201c zudem f\u00fcr biozidfreien Schimmelschutz. So tr\u00e4gt die Farbe zu einem wohngesunden Raumklima bei. Mit dem natureplus-Siegel ist die umweltfreundliche Zusammensetzung von neutraler Stelle best\u00e4tigt.<\/p>\n<p>&nbsp;<\/p>\n<hr \/>\n<p>&nbsp;<\/p>\n<p style=\"text-align: center;\"><a href=\"http:\/\/www.pr-neu.de\/newsroom\/wordpress\/wp-content\/uploads\/2023\/02\/23_01_Bio_Innensilikat_G-scaled.jpg\" target=\"_blank\" rel=\"noopener\"><img loading=\"lazy\" decoding=\"async\" class=\"wp-image-15501 size-medium\" src=\"http:\/\/www.pr-neu.de\/newsroom\/wordpress\/wp-content\/uploads\/2023\/02\/23_01_Bio_Innensilikat_G-267x300.jpg\" alt=\"\" width=\"267\" height=\"300\" srcset=\"https:\/\/www.pr-neu.de\/newsroom\/wordpress\/wp-content\/uploads\/2023\/02\/23_01_Bio_Innensilikat_G-267x300.jpg 267w, https:\/\/www.pr-neu.de\/newsroom\/wordpress\/wp-content\/uploads\/2023\/02\/23_01_Bio_Innensilikat_G-910x1024.jpg 910w, https:\/\/www.pr-neu.de\/newsroom\/wordpress\/wp-content\/uploads\/2023\/02\/23_01_Bio_Innensilikat_G-768x864.jpg 768w, https:\/\/www.pr-neu.de\/newsroom\/wordpress\/wp-content\/uploads\/2023\/02\/23_01_Bio_Innensilikat_G-1365x1536.jpg 1365w, https:\/\/www.pr-neu.de\/newsroom\/wordpress\/wp-content\/uploads\/2023\/02\/23_01_Bio_Innensilikat_G-1820x2048.jpg 1820w, https:\/\/www.pr-neu.de\/newsroom\/wordpress\/wp-content\/uploads\/2023\/02\/23_01_Bio_Innensilikat_G-98x110.jpg 98w, https:\/\/www.pr-neu.de\/newsroom\/wordpress\/wp-content\/uploads\/2023\/02\/23_01_Bio_Innensilikat_G-373x420.jpg 373w, https:\/\/www.pr-neu.de\/newsroom\/wordpress\/wp-content\/uploads\/2023\/02\/23_01_Bio_Innensilikat_G-382x430.jpg 382w\" sizes=\"auto, (max-width: 267px) 100vw, 267px\" \/><\/a><\/p>\n<p style=\"text-align: center;\">Optisch attraktiv, schnell und sicher zu verarbeiten, dauerhaft und feuchteausgleichend: \u201eBio-Innensilikat\u201c (S\u00fcdwest) vereint als Premiumfarbe optimale Eigenschaften.<br \/>\nBild: istock \/ S\u00fcdwest<\/p>\n<p>&nbsp;<\/p>\n<hr \/>\n<p>&nbsp;<\/p>\n<p>Abdruck honorarfrei, Belegexemplar erbeten<\/p>\n","protected":false},"excerpt":{"rendered":"<p>Optisch attraktiv, schnell und sicher zu verarbeiten, dauerhaft und feuchteausgleichend: \u201eBio-Innensilikat\u201c von S\u00fcdwest vereint als Premiumfarbe optimale Eigenschaften.<\/p>\n","protected":false},"author":9,"featured_media":15509,"comment_status":"closed","ping_status":"open","sticky":false,"template":"","format":"standard","meta":{"footnotes":""},"categories":[17],"tags":[180,2225,347,2017,2075,472,2253,554],"class_list":["post-15500","post","type-post","status-publish","format-standard","has-post-thumbnail","hentry","category-sudwest","tag-farbe","tag-innenfarbe","tag-maler","tag-renovieren","tag-sanieren","tag-silikat","tag-streichen","tag-sudwest"],"_links":{"self":[{"href":"https:\/\/www.pr-neu.de\/newsroom\/wp-json\/wp\/v2\/posts\/15500","targetHints":{"allow":["GET"]}}],"collection":[{"href":"https:\/\/www.pr-neu.de\/newsroom\/wp-json\/wp\/v2\/posts"}],"about":[{"href":"https:\/\/www.pr-neu.de\/newsroom\/wp-json\/wp\/v2\/types\/post"}],"author":[{"embeddable":true,"href":"https:\/\/www.pr-neu.de\/newsroom\/wp-json\/wp\/v2\/users\/9"}],"replies":[{"embeddable":true,"href":"https:\/\/www.pr-neu.de\/newsroom\/wp-json\/wp\/v2\/comments?post=15500"}],"version-history":[{"count":2,"href":"https:\/\/www.pr-neu.de\/newsroom\/wp-json\/wp\/v2\/posts\/15500\/revisions"}],"predecessor-version":[{"id":15503,"href":"https:\/\/www.pr-neu.de\/newsroom\/wp-json\/wp\/v2\/posts\/15500\/revisions\/15503"}],"wp:featuredmedia":[{"embeddable":true,"href":"https:\/\/www.pr-neu.de\/newsroom\/wp-json\/wp\/v2\/media\/15509"}],"wp:attachment":[{"href":"https:\/\/www.pr-neu.de\/newsroom\/wp-json\/wp\/v2\/media?parent=15500"}],"wp:term":[{"taxonomy":"category","embeddable":true,"href":"https:\/\/www.pr-neu.de\/newsroom\/wp-json\/wp\/v2\/categories?post=15500"},{"taxonomy":"post_tag","embeddable":true,"href":"https:\/\/www.pr-neu.de\/newsroom\/wp-json\/wp\/v2\/tags?post=15500"}],"curies":[{"name":"wp","href":"https:\/\/api.w.org\/{rel}","templated":true}]}}