{"id":15492,"date":"2023-02-07T10:52:38","date_gmt":"2023-02-07T09:52:38","guid":{"rendered":"https:\/\/www.pr-neu.de\/newsroom\/?p=15492"},"modified":"2023-02-07T10:52:50","modified_gmt":"2023-02-07T09:52:50","slug":"seminarprogramm-2023-fuer-handwerker","status":"publish","type":"post","link":"https:\/\/www.pr-neu.de\/newsroom\/seminarprogramm-2023-fuer-handwerker\/","title":{"rendered":"Seminarprogramm 2023 f\u00fcr Handwerker"},"content":{"rendered":"<p><u>Weiterbildung bei Sto<\/u><\/p>\n<p>Mit seinem Weiterbildungsprogramm bietet Sto praxisorientierte Inhalte, die sich genauso am Bedarf auf der Baustelle orientieren wie sie Inspiration liefern. In den Seminaren und Workshops geht es unter anderem um neue Material- und Oberfl\u00e4chenkombinationen, W\u00e4rmed\u00e4mm-Verbundsysteme, aktuelle Detaill\u00f6sungen und Innenraumtrends. Die Fortbildungen sind als Halbtages- und Tagesseminare oder Workshops mit Praxisbezug an bundesweiten Standorten konzipiert. So lassen sie sich einfach in den Arbeitsalltag integrieren. Das Programm 2023 umfasst Themen von der Fassade (WDVS sicher montieren) \u00fcber die Gestaltung von Innenr\u00e4umen bis zum neuen StoColor System. Alle Themen und Termine sowie die Online-Anmeldung stehen auf sto.de in der Rubrik \u201eService &amp; Tools\/Weiterbildung\u201c.<\/p>\n<p>&nbsp;<\/p>\n<hr \/>\n<p>&nbsp;<\/p>\n<p><a href=\"http:\/\/www.pr-neu.de\/newsroom\/wordpress\/wp-content\/uploads\/2023\/02\/23-09_Seminare_K.jpg\" target=\"_blank\" rel=\"noopener\"><img loading=\"lazy\" decoding=\"async\" class=\"aligncenter wp-image-15493 size-medium\" src=\"http:\/\/www.pr-neu.de\/newsroom\/wordpress\/wp-content\/uploads\/2023\/02\/23-09_Seminare_K-300x265.jpg\" alt=\"\" width=\"300\" height=\"265\" srcset=\"https:\/\/www.pr-neu.de\/newsroom\/wordpress\/wp-content\/uploads\/2023\/02\/23-09_Seminare_K-300x265.jpg 300w, https:\/\/www.pr-neu.de\/newsroom\/wordpress\/wp-content\/uploads\/2023\/02\/23-09_Seminare_K-1024x905.jpg 1024w, https:\/\/www.pr-neu.de\/newsroom\/wordpress\/wp-content\/uploads\/2023\/02\/23-09_Seminare_K-768x679.jpg 768w, https:\/\/www.pr-neu.de\/newsroom\/wordpress\/wp-content\/uploads\/2023\/02\/23-09_Seminare_K-1536x1357.jpg 1536w, https:\/\/www.pr-neu.de\/newsroom\/wordpress\/wp-content\/uploads\/2023\/02\/23-09_Seminare_K-2048x1810.jpg 2048w, https:\/\/www.pr-neu.de\/newsroom\/wordpress\/wp-content\/uploads\/2023\/02\/23-09_Seminare_K-110x97.jpg 110w, https:\/\/www.pr-neu.de\/newsroom\/wordpress\/wp-content\/uploads\/2023\/02\/23-09_Seminare_K-420x371.jpg 420w, https:\/\/www.pr-neu.de\/newsroom\/wordpress\/wp-content\/uploads\/2023\/02\/23-09_Seminare_K-487x430.jpg 487w\" sizes=\"auto, (max-width: 300px) 100vw, 300px\" \/><\/a><\/p>\n<p style=\"text-align: center;\">Von Praktikern f\u00fcr Praktiker: Die Sto-Handwerker-Seminare vermitteln Wissen, das sofort auf der Baustelle angewendet werden kann.<\/p>\n<p style=\"text-align: center;\">Bild: Martin Baitinger \/ Sto SE &amp; Co. KGaA<\/p>\n<p>&nbsp;<\/p>\n<hr \/>\n<p>&nbsp;<\/p>\n<p>Abdruck honorarfrei, Belegexemplar erbeten.<\/p>\n","protected":false},"excerpt":{"rendered":"<p>Mit seinem Weiterbildungsprogramm bietet Sto praxisorientierte Inhalte, die sich genauso am Bedarf auf der Baustelle orientieren wie sie Inspiration liefern.<\/p>\n","protected":false},"author":9,"featured_media":15493,"comment_status":"closed","ping_status":"open","sticky":false,"template":"","format":"standard","meta":{"footnotes":""},"categories":[15],"tags":[1961,187,2241,347,462,504,509,627,1637],"class_list":["post-15492","post","type-post","status-publish","format-standard","has-post-thumbnail","hentry","category-sto","tag-berufsbildung","tag-fassade","tag-handwerker","tag-maler","tag-seminare","tag-sto-2","tag-stocolor","tag-wdvs","tag-weiterbildung"],"_links":{"self":[{"href":"https:\/\/www.pr-neu.de\/newsroom\/wp-json\/wp\/v2\/posts\/15492","targetHints":{"allow":["GET"]}}],"collection":[{"href":"https:\/\/www.pr-neu.de\/newsroom\/wp-json\/wp\/v2\/posts"}],"about":[{"href":"https:\/\/www.pr-neu.de\/newsroom\/wp-json\/wp\/v2\/types\/post"}],"author":[{"embeddable":true,"href":"https:\/\/www.pr-neu.de\/newsroom\/wp-json\/wp\/v2\/users\/9"}],"replies":[{"embeddable":true,"href":"https:\/\/www.pr-neu.de\/newsroom\/wp-json\/wp\/v2\/comments?post=15492"}],"version-history":[{"count":2,"href":"https:\/\/www.pr-neu.de\/newsroom\/wp-json\/wp\/v2\/posts\/15492\/revisions"}],"predecessor-version":[{"id":15495,"href":"https:\/\/www.pr-neu.de\/newsroom\/wp-json\/wp\/v2\/posts\/15492\/revisions\/15495"}],"wp:featuredmedia":[{"embeddable":true,"href":"https:\/\/www.pr-neu.de\/newsroom\/wp-json\/wp\/v2\/media\/15493"}],"wp:attachment":[{"href":"https:\/\/www.pr-neu.de\/newsroom\/wp-json\/wp\/v2\/media?parent=15492"}],"wp:term":[{"taxonomy":"category","embeddable":true,"href":"https:\/\/www.pr-neu.de\/newsroom\/wp-json\/wp\/v2\/categories?post=15492"},{"taxonomy":"post_tag","embeddable":true,"href":"https:\/\/www.pr-neu.de\/newsroom\/wp-json\/wp\/v2\/tags?post=15492"}],"curies":[{"name":"wp","href":"https:\/\/api.w.org\/{rel}","templated":true}]}}