{"id":15485,"date":"2023-01-26T09:45:14","date_gmt":"2023-01-26T08:45:14","guid":{"rendered":"https:\/\/www.pr-neu.de\/newsroom\/?p=15485"},"modified":"2023-01-26T09:45:14","modified_gmt":"2023-01-26T08:45:14","slug":"ts-aluminium-doppelt-zertifiziert","status":"publish","type":"post","link":"https:\/\/www.pr-neu.de\/newsroom\/ts-aluminium-doppelt-zertifiziert\/","title":{"rendered":"TS-Aluminium doppelt zertifiziert"},"content":{"rendered":"<p><u>TS-Aluminium vom Bundesverband Wintergarten e.V. zertifiziert<\/u><\/p>\n<p><strong>Best\u00e4tigte Qualit\u00e4t: TS-Aluminium wurde jetzt vom Bundesverband Wintergarten e.V. f\u00fcr eine \u201eZertifizierte Wintergarten-Fertigung\u201c ausgezeichnet. Das Dachsystem \u201eVeranda Exclusiv\u201c erf\u00fcllt au\u00dferdem alle Anforderungen der Systempr\u00fcfung f\u00fcr ein Wintergartendach.<\/strong><\/p>\n<p>Der Bundesverband Wintergarten e.V. sichert mit einem umfassenden Qualit\u00e4ts- und Qualifizierungssystem ein hohes Niveau beim Terrassendach- und Wintergartenbau. Verbrauchern soll mit diesem Zertifizierungsprogramm eine Orientierung im Entscheidungsprozess gegeben und gepr\u00fcfte Qualit\u00e4t kenntlich gemacht werden. TS-Aluminium wurde jetzt f\u00fcr eine \u201eZertifizierte Wintergarten-Fertigung\u201c ausgezeichnet. In einem Pr\u00fcfverfahren ermittelt der Bundesverband, ob die normgerechte Fertigung den aktuellen Regeln der Technik entspricht. Dazu z\u00e4hlen unter anderem die Herstellung der tragenden Aluminiumkonstruktion gem\u00e4\u00df DIN EN 10902 und die Einhaltung des Qualit\u00e4tsmanagement-Systems nach DIN EN 1090 bei Metallverarbeitung.<\/p>\n<p>Das Dachsystem \u201eVeranda Exclusiv\u201c erf\u00fcllt au\u00dferdem alle Anforderungen der Systempr\u00fcfung f\u00fcr eine \u00dcberdachung. Mit der Pr\u00fcfung soll Verbrauchern eine qualifizierte Auswahl durch einen neutralen Nachweis geboten werden. Gepr\u00fcft werden Schlagregendichtheit, Wind- und Luftdichtheit, Standsicherheit, W\u00e4rmeschutz und Wirtschaftlichkeit in Herstellung und Einsatz. \u201eWir sind stolz \u00fcber diese Zertifizierungen und f\u00fchlen uns in unserem Streben, Qualit\u00e4t zu liefern best\u00e4tigt\u201c, freut sich Rainer Trauernicht, Gesch\u00e4ftsf\u00fchrer bei TS-Aluminium.<\/p>\n<p>&nbsp;<\/p>\n<hr \/>\n<p>&nbsp;<\/p>\n<p style=\"text-align: center;\"><a href=\"http:\/\/www.pr-neu.de\/newsroom\/wordpress\/wp-content\/uploads\/2023\/01\/23-05_TS-Aluminium_Urkunden_G-scaled.jpg\" target=\"_blank\" rel=\"noopener\"><img loading=\"lazy\" decoding=\"async\" class=\"wp-image-15486 size-medium\" src=\"http:\/\/www.pr-neu.de\/newsroom\/wordpress\/wp-content\/uploads\/2023\/01\/23-05_TS-Aluminium_Urkunden_G-300x254.jpg\" alt=\"\" width=\"300\" height=\"254\" srcset=\"https:\/\/www.pr-neu.de\/newsroom\/wordpress\/wp-content\/uploads\/2023\/01\/23-05_TS-Aluminium_Urkunden_G-300x254.jpg 300w, https:\/\/www.pr-neu.de\/newsroom\/wordpress\/wp-content\/uploads\/2023\/01\/23-05_TS-Aluminium_Urkunden_G-1024x866.jpg 1024w, https:\/\/www.pr-neu.de\/newsroom\/wordpress\/wp-content\/uploads\/2023\/01\/23-05_TS-Aluminium_Urkunden_G-768x649.jpg 768w, https:\/\/www.pr-neu.de\/newsroom\/wordpress\/wp-content\/uploads\/2023\/01\/23-05_TS-Aluminium_Urkunden_G-1536x1299.jpg 1536w, https:\/\/www.pr-neu.de\/newsroom\/wordpress\/wp-content\/uploads\/2023\/01\/23-05_TS-Aluminium_Urkunden_G-2048x1731.jpg 2048w, https:\/\/www.pr-neu.de\/newsroom\/wordpress\/wp-content\/uploads\/2023\/01\/23-05_TS-Aluminium_Urkunden_G-110x93.jpg 110w, https:\/\/www.pr-neu.de\/newsroom\/wordpress\/wp-content\/uploads\/2023\/01\/23-05_TS-Aluminium_Urkunden_G-420x355.jpg 420w, https:\/\/www.pr-neu.de\/newsroom\/wordpress\/wp-content\/uploads\/2023\/01\/23-05_TS-Aluminium_Urkunden_G-509x430.jpg 509w\" sizes=\"auto, (max-width: 300px) 100vw, 300px\" \/><\/a><\/p>\n<p style=\"text-align: center;\">TS-Aluminium Gesch\u00e4ftsf\u00fchrer Rainer Trauernicht und Herr Martin K\u00f6tter freuen sich \u00fcber die Zertifizierungen des Bundesverbands Wintergarten e.V.<br \/>\nBild: TS-Aluminium-Profilsysteme GmbH &amp; Co. KG<\/p>\n<p>&nbsp;<\/p>\n<hr \/>\n<p>Abdrucke honorarfrei<\/p>\n","protected":false},"excerpt":{"rendered":"<p>Best\u00e4tigte Qualit\u00e4t: TS-Aluminium wurde jetzt vom Bundesverband Wintergarten e.V. f\u00fcr eine \u201eZertifizierte Wintergarten-Fertigung\u201c ausgezeichnet.<\/p>\n","protected":false},"author":10,"featured_media":15486,"comment_status":"closed","ping_status":"open","sticky":false,"template":"","format":"standard","meta":{"footnotes":""},"categories":[1761],"tags":[1759,2239,1793,2237,635,649],"class_list":["post-15485","post","type-post","status-publish","format-standard","has-post-thumbnail","hentry","category-ts-aluminium","tag-auszeichnung","tag-qualitaet","tag-ts-aluminium","tag-urkunde","tag-wintergarten","tag-zertifikat"],"_links":{"self":[{"href":"https:\/\/www.pr-neu.de\/newsroom\/wp-json\/wp\/v2\/posts\/15485","targetHints":{"allow":["GET"]}}],"collection":[{"href":"https:\/\/www.pr-neu.de\/newsroom\/wp-json\/wp\/v2\/posts"}],"about":[{"href":"https:\/\/www.pr-neu.de\/newsroom\/wp-json\/wp\/v2\/types\/post"}],"author":[{"embeddable":true,"href":"https:\/\/www.pr-neu.de\/newsroom\/wp-json\/wp\/v2\/users\/10"}],"replies":[{"embeddable":true,"href":"https:\/\/www.pr-neu.de\/newsroom\/wp-json\/wp\/v2\/comments?post=15485"}],"version-history":[{"count":2,"href":"https:\/\/www.pr-neu.de\/newsroom\/wp-json\/wp\/v2\/posts\/15485\/revisions"}],"predecessor-version":[{"id":15490,"href":"https:\/\/www.pr-neu.de\/newsroom\/wp-json\/wp\/v2\/posts\/15485\/revisions\/15490"}],"wp:featuredmedia":[{"embeddable":true,"href":"https:\/\/www.pr-neu.de\/newsroom\/wp-json\/wp\/v2\/media\/15486"}],"wp:attachment":[{"href":"https:\/\/www.pr-neu.de\/newsroom\/wp-json\/wp\/v2\/media?parent=15485"}],"wp:term":[{"taxonomy":"category","embeddable":true,"href":"https:\/\/www.pr-neu.de\/newsroom\/wp-json\/wp\/v2\/categories?post=15485"},{"taxonomy":"post_tag","embeddable":true,"href":"https:\/\/www.pr-neu.de\/newsroom\/wp-json\/wp\/v2\/tags?post=15485"}],"curies":[{"name":"wp","href":"https:\/\/api.w.org\/{rel}","templated":true}]}}