{"id":15451,"date":"2023-01-24T08:00:47","date_gmt":"2023-01-24T07:00:47","guid":{"rendered":"https:\/\/www.pr-neu.de\/newsroom\/?p=15451"},"modified":"2023-01-19T16:29:13","modified_gmt":"2023-01-19T15:29:13","slug":"die-volle-torvielfalt","status":"publish","type":"post","link":"https:\/\/www.pr-neu.de\/newsroom\/die-volle-torvielfalt\/","title":{"rendered":"Die volle Torvielfalt"},"content":{"rendered":"<p><u>Teckentrup: CarTeck-Garagentore auf der BAU 2023<\/u><\/p>\n<p><strong>F\u00fcr jede Garage das passende Tor: Daf\u00fcr steht die CarTeck-Serie. Mit dem neuen Drehfl\u00fcgeltor und dem XL-Tor f\u00fcr besonders breite Garagen bietet diese Serie auch in schwierigen Lagen eine L\u00f6sung. Messe-Schwerpunkte sind die Design-Vielfalt (Oberfl\u00e4chen, Farbt\u00f6ne, Glaseinl\u00e4sse etc.) und das umfangreiche Garagentor-Zubeh\u00f6r.<\/strong><\/p>\n<p>Um den begrenzten Platz in kleinen Garagen nicht zus\u00e4tzlich durch das Tor zu verknappen, hat Teckentrup ein Drehfl\u00fcgeltor entwickelt, das wie eine T\u00fcr mit zwei Fl\u00fcgeln nach au\u00dfen \u00f6ffnet. So bleibt der Innenraum frei. Diese L\u00f6sung eignet sich daher besonders bei der Renovierung, da alte Garagen h\u00e4ufig nur gering dimensioniert sind. Die Fl\u00fcgel lassen sich schnell und bequem \u00f6ffnen, auch einzeln zum einfachen betreten. Bei Bedarf steht die gesamte Breite als \u00d6ffnung zur Verf\u00fcgung.<\/p>\n<p>Kernelement der CarTeck-Serie sind w\u00e4rmeged\u00e4mmte Garagen-Sektionaltore. Den Trend zu gr\u00f6\u00dferen Garagen unterst\u00fctzt dabei die XL-Version des Tores, die bis zu einer Breite von 6,25 Meter reicht.<\/p>\n<p>Umfangreiches Zubeh\u00f6r von \u00e4sthetischen Lichtl\u00f6sungen vor und in der Garage bis zu Schutzelementen wie Feuchtigkeitssensor oder Lichtschranke runden die Ausstattungsm\u00f6glichkeiten ab. Optional gibt es alle Tore in der von der Polizei empfohlenen RC-2-Ausstattung \u2013 also mit erh\u00f6htem Einbruchschutz.<\/p>\n<p>P\u00fcnktlich zur BAU stellt das Unternehmen auch seine neue CarTeck-Aktion 2023\/24 vor \u2013 mit besonderen Angeboten f\u00fcr private Eigent\u00fcmer.<\/p>\n<p><strong>BAU M\u00fcnchen: Halle B3 \/ Stand 321<\/strong><\/p>\n<p>&nbsp;<\/p>\n<hr \/>\n<p>&nbsp;<\/p>\n<p style=\"text-align: center;\"><a href=\"http:\/\/www.pr-neu.de\/newsroom\/wordpress\/wp-content\/uploads\/2023\/01\/23-04_Drehfluegeltor_G-scaled.jpg\" target=\"_blank\" rel=\"noopener\"><img loading=\"lazy\" decoding=\"async\" class=\"aligncenter wp-image-15462 size-medium\" src=\"http:\/\/www.pr-neu.de\/newsroom\/wordpress\/wp-content\/uploads\/2023\/01\/23-04_Drehfluegeltor_G-300x278.jpg\" alt=\"\" width=\"300\" height=\"278\" srcset=\"https:\/\/www.pr-neu.de\/newsroom\/wordpress\/wp-content\/uploads\/2023\/01\/23-04_Drehfluegeltor_G-300x278.jpg 300w, https:\/\/www.pr-neu.de\/newsroom\/wordpress\/wp-content\/uploads\/2023\/01\/23-04_Drehfluegeltor_G-1024x949.jpg 1024w, https:\/\/www.pr-neu.de\/newsroom\/wordpress\/wp-content\/uploads\/2023\/01\/23-04_Drehfluegeltor_G-768x712.jpg 768w, https:\/\/www.pr-neu.de\/newsroom\/wordpress\/wp-content\/uploads\/2023\/01\/23-04_Drehfluegeltor_G-1536x1424.jpg 1536w, https:\/\/www.pr-neu.de\/newsroom\/wordpress\/wp-content\/uploads\/2023\/01\/23-04_Drehfluegeltor_G-2048x1898.jpg 2048w, https:\/\/www.pr-neu.de\/newsroom\/wordpress\/wp-content\/uploads\/2023\/01\/23-04_Drehfluegeltor_G-110x102.jpg 110w, https:\/\/www.pr-neu.de\/newsroom\/wordpress\/wp-content\/uploads\/2023\/01\/23-04_Drehfluegeltor_G-420x389.jpg 420w, https:\/\/www.pr-neu.de\/newsroom\/wordpress\/wp-content\/uploads\/2023\/01\/23-04_Drehfluegeltor_G-464x430.jpg 464w\" sizes=\"auto, (max-width: 300px) 100vw, 300px\" \/><\/a><br \/>\nElegante Platzsparer: Die neuen CarTeck-Drehfl\u00fcgeltore (Teckentrup) \u00f6ffnen nach au\u00dfen und lassen so in der Garage Platz.<\/p>\n<p>&nbsp;<\/p>\n<p style=\"text-align: center;\"><a href=\"http:\/\/www.pr-neu.de\/newsroom\/wordpress\/wp-content\/uploads\/2023\/01\/23-04_Beleuchtung_G-scaled.jpg\" target=\"_blank\" rel=\"noopener\"><img loading=\"lazy\" decoding=\"async\" class=\"wp-image-15461 size-medium\" src=\"http:\/\/www.pr-neu.de\/newsroom\/wordpress\/wp-content\/uploads\/2023\/01\/23-04_Beleuchtung_G-300x150.jpg\" alt=\"\" width=\"300\" height=\"150\" srcset=\"https:\/\/www.pr-neu.de\/newsroom\/wordpress\/wp-content\/uploads\/2023\/01\/23-04_Beleuchtung_G-300x150.jpg 300w, https:\/\/www.pr-neu.de\/newsroom\/wordpress\/wp-content\/uploads\/2023\/01\/23-04_Beleuchtung_G-1024x511.jpg 1024w, https:\/\/www.pr-neu.de\/newsroom\/wordpress\/wp-content\/uploads\/2023\/01\/23-04_Beleuchtung_G-768x383.jpg 768w, https:\/\/www.pr-neu.de\/newsroom\/wordpress\/wp-content\/uploads\/2023\/01\/23-04_Beleuchtung_G-1536x766.jpg 1536w, https:\/\/www.pr-neu.de\/newsroom\/wordpress\/wp-content\/uploads\/2023\/01\/23-04_Beleuchtung_G-2048x1022.jpg 2048w, https:\/\/www.pr-neu.de\/newsroom\/wordpress\/wp-content\/uploads\/2023\/01\/23-04_Beleuchtung_G-110x55.jpg 110w, https:\/\/www.pr-neu.de\/newsroom\/wordpress\/wp-content\/uploads\/2023\/01\/23-04_Beleuchtung_G-420x210.jpg 420w, https:\/\/www.pr-neu.de\/newsroom\/wordpress\/wp-content\/uploads\/2023\/01\/23-04_Beleuchtung_G-770x384.jpg 770w\" sizes=\"auto, (max-width: 300px) 100vw, 300px\" \/><\/a><\/p>\n<p style=\"text-align: center;\">Mehr Licht! Energiesparende LED-L\u00f6sungen leuchten den Raum vor und in der Garage optimal aus.<br \/>\nBilder: Teckentrup<\/p>\n<p>&nbsp;<\/p>\n<hr \/>\n<p>&nbsp;<\/p>\n<p>Abdruck honorarfrei, Belegexemplar erbeten.<\/p>\n","protected":false},"excerpt":{"rendered":"<p>Teckentrup: CarTeck-Garagentore auf der BAU 2023<\/p>\n","protected":false},"author":9,"featured_media":15461,"comment_status":"closed","ping_status":"open","sticky":false,"template":"","format":"standard","meta":{"footnotes":""},"categories":[18],"tags":[73,2229,102,217,218,354,565],"class_list":["post-15451","post","type-post","status-publish","format-standard","has-post-thumbnail","hentry","category-teckentrup","tag-bau","tag-beleuchtung","tag-carteck","tag-garage","tag-garagentor","tag-messe","tag-teckentrup"],"_links":{"self":[{"href":"https:\/\/www.pr-neu.de\/newsroom\/wp-json\/wp\/v2\/posts\/15451","targetHints":{"allow":["GET"]}}],"collection":[{"href":"https:\/\/www.pr-neu.de\/newsroom\/wp-json\/wp\/v2\/posts"}],"about":[{"href":"https:\/\/www.pr-neu.de\/newsroom\/wp-json\/wp\/v2\/types\/post"}],"author":[{"embeddable":true,"href":"https:\/\/www.pr-neu.de\/newsroom\/wp-json\/wp\/v2\/users\/9"}],"replies":[{"embeddable":true,"href":"https:\/\/www.pr-neu.de\/newsroom\/wp-json\/wp\/v2\/comments?post=15451"}],"version-history":[{"count":4,"href":"https:\/\/www.pr-neu.de\/newsroom\/wp-json\/wp\/v2\/posts\/15451\/revisions"}],"predecessor-version":[{"id":15466,"href":"https:\/\/www.pr-neu.de\/newsroom\/wp-json\/wp\/v2\/posts\/15451\/revisions\/15466"}],"wp:featuredmedia":[{"embeddable":true,"href":"https:\/\/www.pr-neu.de\/newsroom\/wp-json\/wp\/v2\/media\/15461"}],"wp:attachment":[{"href":"https:\/\/www.pr-neu.de\/newsroom\/wp-json\/wp\/v2\/media?parent=15451"}],"wp:term":[{"taxonomy":"category","embeddable":true,"href":"https:\/\/www.pr-neu.de\/newsroom\/wp-json\/wp\/v2\/categories?post=15451"},{"taxonomy":"post_tag","embeddable":true,"href":"https:\/\/www.pr-neu.de\/newsroom\/wp-json\/wp\/v2\/tags?post=15451"}],"curies":[{"name":"wp","href":"https:\/\/api.w.org\/{rel}","templated":true}]}}