{"id":15444,"date":"2023-01-25T09:49:08","date_gmt":"2023-01-25T08:49:08","guid":{"rendered":"https:\/\/www.pr-neu.de\/newsroom\/?p=15444"},"modified":"2023-01-25T13:08:09","modified_gmt":"2023-01-25T12:08:09","slug":"blitzschnell-zu-prima-klima","status":"publish","type":"post","link":"https:\/\/www.pr-neu.de\/newsroom\/blitzschnell-zu-prima-klima\/","title":{"rendered":"Blitzschnell zu prima Klima"},"content":{"rendered":"<p><u>StoColor Rapid Neo: Hochdeckende konservierungsmittelfreie Innenfarbe<\/u><\/p>\n<p>Schnell zu makellosen Oberfl\u00e4chen und gesundem Innenraumklima: Mit nur einem Arbeitsgang sind W\u00e4nde mit der hochdeckenden Einschicht-Innenfarbe StoColor Rapid perfekt beschichtet. Sie ist frei von L\u00f6semitteln, Weichmachern und foggingaktiven Substanzen. Jetzt gibt es die emissionsarme Innen-Dispersionsfarbe als StoColor Rapid Neo auch ohne Konservierungsmittel (nach VdL-Richtlinie 01). Dazu geh\u00f6rt der Verzicht auf Isothiazolinone, die bei manchen Menschen allergische Reaktionen ausl\u00f6sen k\u00f6nnen. Somit ist StoColor Rapid Neo besonders gut vertr\u00e4glich und eignet sich gerade f\u00fcr sensible R\u00e4ume wie Wohn-, Schlaf- und Kinderzimmern oder Arztpraxen und Besprechungsr\u00e4umen. F\u00fcr die Produktion ist ein sehr hoher Hygiene-Standard notwendig, damit die Farbe im Eimer haltbar bleibt. Um die Produktqualit\u00e4t neutral zu dokumentieren, l\u00e4sst der Hersteller die Farbe regelm\u00e4\u00dfig vom T\u00dcV S\u00fcd \u00fcberwachen, zudem hat das Pr\u00fcfinstitut die Umwelt- und Gesundheitsvertr\u00e4glichkeit der neuen Farbe zertifiziert.<\/p>\n<p>&nbsp;<\/p>\n<hr \/>\n<p>&nbsp;<\/p>\n<p style=\"text-align: center;\"><a href=\"http:\/\/www.pr-neu.de\/newsroom\/wordpress\/wp-content\/uploads\/2023\/01\/23-03_StoColor_Rapid_Neo_G-scaled.jpg\" target=\"_blank\" rel=\"noopener\"><img loading=\"lazy\" decoding=\"async\" class=\"alignnone wp-image-15445 size-medium\" src=\"http:\/\/www.pr-neu.de\/newsroom\/wordpress\/wp-content\/uploads\/2023\/01\/23-03_StoColor_Rapid_Neo_G-300x210.jpg\" alt=\"\" width=\"300\" height=\"210\" srcset=\"https:\/\/www.pr-neu.de\/newsroom\/wordpress\/wp-content\/uploads\/2023\/01\/23-03_StoColor_Rapid_Neo_G-300x210.jpg 300w, https:\/\/www.pr-neu.de\/newsroom\/wordpress\/wp-content\/uploads\/2023\/01\/23-03_StoColor_Rapid_Neo_G-1024x717.jpg 1024w, https:\/\/www.pr-neu.de\/newsroom\/wordpress\/wp-content\/uploads\/2023\/01\/23-03_StoColor_Rapid_Neo_G-768x538.jpg 768w, https:\/\/www.pr-neu.de\/newsroom\/wordpress\/wp-content\/uploads\/2023\/01\/23-03_StoColor_Rapid_Neo_G-1536x1075.jpg 1536w, https:\/\/www.pr-neu.de\/newsroom\/wordpress\/wp-content\/uploads\/2023\/01\/23-03_StoColor_Rapid_Neo_G-2048x1434.jpg 2048w, https:\/\/www.pr-neu.de\/newsroom\/wordpress\/wp-content\/uploads\/2023\/01\/23-03_StoColor_Rapid_Neo_G-110x77.jpg 110w, https:\/\/www.pr-neu.de\/newsroom\/wordpress\/wp-content\/uploads\/2023\/01\/23-03_StoColor_Rapid_Neo_G-420x294.jpg 420w, https:\/\/www.pr-neu.de\/newsroom\/wordpress\/wp-content\/uploads\/2023\/01\/23-03_StoColor_Rapid_Neo_G-614x430.jpg 614w\" sizes=\"auto, (max-width: 300px) 100vw, 300px\" \/><\/a><\/p>\n<p style=\"text-align: center;\">Hochdeckend auf einen Streich: Die konservierungsmittelfreie<br \/>\nDispersions-Innenfarbe StoColor Rapid Neo. Sie tr\u00e4gt zu einem<br \/>\nguten Innenraumklima bei, da sie auch l\u00f6semittel- und weichmacherfrei ist.<br \/>\nFoto: Martin Baitinger, B\u00f6blingen<\/p>\n<p>&nbsp;<\/p>\n<p style=\"text-align: center;\"><a href=\"http:\/\/www.pr-neu.de\/newsroom\/wordpress\/wp-content\/uploads\/2023\/01\/23-03_Logo_TUV_Sued_G-scaled.jpg\" target=\"_blank\" rel=\"noopener\"><img loading=\"lazy\" decoding=\"async\" class=\"alignnone wp-image-15447 size-medium\" src=\"http:\/\/www.pr-neu.de\/newsroom\/wordpress\/wp-content\/uploads\/2023\/01\/23-03_Logo_TUV_Sued_G-300x300.jpg\" alt=\"\" width=\"300\" height=\"300\" srcset=\"https:\/\/www.pr-neu.de\/newsroom\/wordpress\/wp-content\/uploads\/2023\/01\/23-03_Logo_TUV_Sued_G-300x300.jpg 300w, https:\/\/www.pr-neu.de\/newsroom\/wordpress\/wp-content\/uploads\/2023\/01\/23-03_Logo_TUV_Sued_G-1024x1024.jpg 1024w, https:\/\/www.pr-neu.de\/newsroom\/wordpress\/wp-content\/uploads\/2023\/01\/23-03_Logo_TUV_Sued_G-150x150.jpg 150w, https:\/\/www.pr-neu.de\/newsroom\/wordpress\/wp-content\/uploads\/2023\/01\/23-03_Logo_TUV_Sued_G-768x768.jpg 768w, https:\/\/www.pr-neu.de\/newsroom\/wordpress\/wp-content\/uploads\/2023\/01\/23-03_Logo_TUV_Sued_G-1536x1536.jpg 1536w, https:\/\/www.pr-neu.de\/newsroom\/wordpress\/wp-content\/uploads\/2023\/01\/23-03_Logo_TUV_Sued_G-2048x2048.jpg 2048w, https:\/\/www.pr-neu.de\/newsroom\/wordpress\/wp-content\/uploads\/2023\/01\/23-03_Logo_TUV_Sued_G-250x250.jpg 250w, https:\/\/www.pr-neu.de\/newsroom\/wordpress\/wp-content\/uploads\/2023\/01\/23-03_Logo_TUV_Sued_G-125x125.jpg 125w, https:\/\/www.pr-neu.de\/newsroom\/wordpress\/wp-content\/uploads\/2023\/01\/23-03_Logo_TUV_Sued_G-110x110.jpg 110w, https:\/\/www.pr-neu.de\/newsroom\/wordpress\/wp-content\/uploads\/2023\/01\/23-03_Logo_TUV_Sued_G-420x420.jpg 420w, https:\/\/www.pr-neu.de\/newsroom\/wordpress\/wp-content\/uploads\/2023\/01\/23-03_Logo_TUV_Sued_G-430x430.jpg 430w\" sizes=\"auto, (max-width: 300px) 100vw, 300px\" \/><\/a><\/p>\n<p style=\"text-align: center;\">Schadstoffgepr\u00fcft und emissionsarm: Der T\u00dcV S\u00dcD best\u00e4tigt<br \/>\ndie gesundheitliche Unbedenklichkeit der neuen Einschichtfarbe.<br \/>\nSiegel: T\u00dcV S\u00dcD<\/p>\n<p>&nbsp;<\/p>\n<p>&nbsp;<\/p>\n<hr \/>\n<p>&nbsp;<\/p>\n<p>Abdruck honorarfrei, Belegexemplar erbeten.<\/p>\n","protected":false},"excerpt":{"rendered":"<p>Schadstofffrei und jetzt auch konservierungsmittelfrei: Die Einschicht-Innenfarbe StoColor Rapid gibt es jetzt auch als StoColor Rapid Neo in der neuen Qualit\u00e4t. <\/p>\n","protected":false},"author":9,"featured_media":15445,"comment_status":"closed","ping_status":"open","sticky":false,"template":"","format":"standard","meta":{"footnotes":""},"categories":[15],"tags":[2227,180,2225,347,504,509,2189],"class_list":["post-15444","post","type-post","status-publish","format-standard","has-post-thumbnail","hentry","category-sto","tag-antiallergen","tag-farbe","tag-innenfarbe","tag-maler","tag-sto-2","tag-stocolor","tag-stodeutschland"],"_links":{"self":[{"href":"https:\/\/www.pr-neu.de\/newsroom\/wp-json\/wp\/v2\/posts\/15444","targetHints":{"allow":["GET"]}}],"collection":[{"href":"https:\/\/www.pr-neu.de\/newsroom\/wp-json\/wp\/v2\/posts"}],"about":[{"href":"https:\/\/www.pr-neu.de\/newsroom\/wp-json\/wp\/v2\/types\/post"}],"author":[{"embeddable":true,"href":"https:\/\/www.pr-neu.de\/newsroom\/wp-json\/wp\/v2\/users\/9"}],"replies":[{"embeddable":true,"href":"https:\/\/www.pr-neu.de\/newsroom\/wp-json\/wp\/v2\/comments?post=15444"}],"version-history":[{"count":3,"href":"https:\/\/www.pr-neu.de\/newsroom\/wp-json\/wp\/v2\/posts\/15444\/revisions"}],"predecessor-version":[{"id":15450,"href":"https:\/\/www.pr-neu.de\/newsroom\/wp-json\/wp\/v2\/posts\/15444\/revisions\/15450"}],"wp:featuredmedia":[{"embeddable":true,"href":"https:\/\/www.pr-neu.de\/newsroom\/wp-json\/wp\/v2\/media\/15445"}],"wp:attachment":[{"href":"https:\/\/www.pr-neu.de\/newsroom\/wp-json\/wp\/v2\/media?parent=15444"}],"wp:term":[{"taxonomy":"category","embeddable":true,"href":"https:\/\/www.pr-neu.de\/newsroom\/wp-json\/wp\/v2\/categories?post=15444"},{"taxonomy":"post_tag","embeddable":true,"href":"https:\/\/www.pr-neu.de\/newsroom\/wp-json\/wp\/v2\/tags?post=15444"}],"curies":[{"name":"wp","href":"https:\/\/api.w.org\/{rel}","templated":true}]}}