{"id":15415,"date":"2022-11-30T10:10:16","date_gmt":"2022-11-30T09:10:16","guid":{"rendered":"https:\/\/www.pr-neu.de\/newsroom\/?p=15415"},"modified":"2022-12-01T10:34:38","modified_gmt":"2022-12-01T09:34:38","slug":"ehrung-fuer-einen-teamplayer","status":"publish","type":"post","link":"https:\/\/www.pr-neu.de\/newsroom\/ehrung-fuer-einen-teamplayer\/","title":{"rendered":"Ehrung f\u00fcr einen Teamplayer"},"content":{"rendered":"<p><u>\u00dcbergabe des Verdienstkreuzes an Jochen Stotmeister<\/u><\/p>\n<p><strong>Jochen Stotmeister aus Grafenhausen-Balzhausen wurde am Donnerstag, 24. November, mit dem Verdienstkreuz am Bande ausgezeichnet. Die Bundesrepublik Deutschland w\u00fcrdigte damit seine unternehmerische Leistung und sein soziales Engagement.<\/strong><\/p>\n<p>Bundespr\u00e4sident Frank-Walter Steinmeier hatte Jochen Stotmeister bereits im Sommer 2019 formal mit dem Verdienstkreuz am Bande der Bundesrepublik Deutschland ausgezeichnet. Die feierliche \u00dcbergabe am 24. November 2022 durch Joachim Burger, den B\u00fcrgermeister der Stadt St\u00fchlingen, konnte pandemiebedingt jedoch erst jetzt in Donaueschingens \u00d6schberghof im Rahmen eines Treffens der Familie Stotmeister mit einigen Weggef\u00e4hrten aus der Zeit der Internationalisierung der heutigen Sto SE &amp; Co. KGaA durchgef\u00fchrt werden.<\/p>\n<p>In ihrem Gratulationsschreiben nennt Baden-W\u00fcrttembergs Wirtschaftsministerin Nicole Hoffmeister-Kraut Jochen Stotmeister einen \u201eVorzeigeunternehmer\u201c und \u201esozial engagierten B\u00fcrger\u201c, der unserer Gesellschaft \u201egro\u00dfe Dienste\u201c erwiesen habe. Der heute 69 Jahre alte geb\u00fcrtige St\u00fchlinger studierte Betriebswirtschaft und \u00fcbernahm nach acht Jahren T\u00e4tigkeit f\u00fcr Sto in den USA 1988 den Vorstandsvorsitz der damaligen Sto AG. Das von seinem Vater Fritz Stotmeister gegr\u00fcndete Unternehmen erwirtschaftete in jenem Jahr mit 925 Mitarbeiterinnen und Mitarbeitern einen Jahresumsatz von 191,5 Millionen Mark (91.9 Mio. \u20ac). In dieser Zeit des Generationenwechsels wurde auch das bis heute g\u00fcltige Leitbild der Sto-Unternehmensgruppe (\u201eBewusst bauen.\u201c) formuliert. Dieses fr\u00fche Bekenntnis zum nachhaltigen und energiesparenden Bauen sollte in den folgenden Jahren \u00fcppige Fr\u00fcchte tragen. Als sich Jochen Stotmeister nach 27 Jahren 2015 von der aktiven Leitung des Konzerns zur\u00fcckzog und die F\u00fchrung des Aufsichtsrats der STO Management SE \u00fcbernahm, kam die Gruppe mit 5.032 Besch\u00e4ftigten auf einen Gesamtumsatz von 1.216,6 Millionen Euro.<\/p>\n<p>Es war jedoch nicht nur der wirtschaftliche Erfolg, der den seit 1980 mit Ulrike Stotmeister verheirateten Vater von drei Kindern f\u00fcr die Ehrung empfahl. Ebenso schwer wog sein beharrliches Eintreten f\u00fcr regionale Interessen wie die Unternehmerinitiative \u201eWirtschaftsraum Deutschland-Schweiz\u201c und sein soziales Engagement. Von besonderer Bedeutung dabei ist die von ihm initiierte und 2005 ins Leben gerufene Sto-Stiftung, die es sich zum Ziel gesetzt hat, junge Menschen im Maler- und Stuckateurhandwerk sowie Studierende des Bereichs Bauwesen\/Architektur zu unterst\u00fctzen. Neben der klassischen Bestenf\u00f6rderung legt die Stiftung gro\u00dfen Wert darauf, auch sozial Benachteiligten den Weg in das Berufsleben zu ebnen.<\/p>\n<p>Dass man den von seinen Mitarbeitern salopp \u201eJoSto\u201c genannten Unternehmer ordentlich dr\u00e4ngen musste, die Auszeichnung anzunehmen, beruht nicht auf falscher Bescheidenheit, sondern ist Ausdruck seiner \u00dcberzeugung, dass Erfolg keine Einzelleistung ist. \u201eEs sind die Menschen bei Sto, die den Unterschied machen\u201c, lautet das immer wieder formulierte Credo des Unternehmenslenkers, der in seiner pers\u00f6nlichen Ehrung auch eine Verbeugung vor der Unterst\u00fctzung durch seine Familie und vor der Leistung der \u201eStoler\u201c in aller Welt sieht.<\/p>\n<p>&nbsp;<\/p>\n<hr \/>\n<p style=\"text-align: center;\"><a href=\"http:\/\/www.pr-neu.de\/newsroom\/wordpress\/wp-content\/uploads\/2022\/11\/22_34_JochenStotmeister_BVK_G-scaled.jpg\" target=\"_blank\" rel=\"noopener\"><img loading=\"lazy\" decoding=\"async\" class=\"wp-image-15398 size-medium\" src=\"http:\/\/www.pr-neu.de\/newsroom\/wordpress\/wp-content\/uploads\/2022\/11\/22_34_JochenStotmeister_BVK_G-300x200.jpg\" alt=\"\" width=\"300\" height=\"200\" srcset=\"https:\/\/www.pr-neu.de\/newsroom\/wordpress\/wp-content\/uploads\/2022\/11\/22_34_JochenStotmeister_BVK_G-300x200.jpg 300w, https:\/\/www.pr-neu.de\/newsroom\/wordpress\/wp-content\/uploads\/2022\/11\/22_34_JochenStotmeister_BVK_G-1024x683.jpg 1024w, https:\/\/www.pr-neu.de\/newsroom\/wordpress\/wp-content\/uploads\/2022\/11\/22_34_JochenStotmeister_BVK_G-768x512.jpg 768w, https:\/\/www.pr-neu.de\/newsroom\/wordpress\/wp-content\/uploads\/2022\/11\/22_34_JochenStotmeister_BVK_G-1536x1024.jpg 1536w, https:\/\/www.pr-neu.de\/newsroom\/wordpress\/wp-content\/uploads\/2022\/11\/22_34_JochenStotmeister_BVK_G-2048x1365.jpg 2048w, https:\/\/www.pr-neu.de\/newsroom\/wordpress\/wp-content\/uploads\/2022\/11\/22_34_JochenStotmeister_BVK_G-110x73.jpg 110w, https:\/\/www.pr-neu.de\/newsroom\/wordpress\/wp-content\/uploads\/2022\/11\/22_34_JochenStotmeister_BVK_G-420x280.jpg 420w, https:\/\/www.pr-neu.de\/newsroom\/wordpress\/wp-content\/uploads\/2022\/11\/22_34_JochenStotmeister_BVK_G-645x430.jpg 645w\" sizes=\"auto, (max-width: 300px) 100vw, 300px\" \/><\/a><\/p>\n<p style=\"text-align: center;\">Jochen Stotmeister erh\u00e4lt das Verdienstkreuz am Bande.<\/p>\n<p style=\"text-align: center;\"><a href=\"http:\/\/www.pr-neu.de\/newsroom\/wordpress\/wp-content\/uploads\/2022\/11\/22_34_JochenStotmeister_Burger_BVK_G-scaled.jpg\" target=\"_blank\" rel=\"noopener\"><img loading=\"lazy\" decoding=\"async\" class=\"wp-image-15397 size-medium\" src=\"http:\/\/www.pr-neu.de\/newsroom\/wordpress\/wp-content\/uploads\/2022\/11\/22_34_JochenStotmeister_Burger_BVK_G-300x248.jpg\" alt=\"\" width=\"300\" height=\"248\" srcset=\"https:\/\/www.pr-neu.de\/newsroom\/wordpress\/wp-content\/uploads\/2022\/11\/22_34_JochenStotmeister_Burger_BVK_G-300x248.jpg 300w, https:\/\/www.pr-neu.de\/newsroom\/wordpress\/wp-content\/uploads\/2022\/11\/22_34_JochenStotmeister_Burger_BVK_G-1024x847.jpg 1024w, https:\/\/www.pr-neu.de\/newsroom\/wordpress\/wp-content\/uploads\/2022\/11\/22_34_JochenStotmeister_Burger_BVK_G-768x635.jpg 768w, https:\/\/www.pr-neu.de\/newsroom\/wordpress\/wp-content\/uploads\/2022\/11\/22_34_JochenStotmeister_Burger_BVK_G-1536x1270.jpg 1536w, https:\/\/www.pr-neu.de\/newsroom\/wordpress\/wp-content\/uploads\/2022\/11\/22_34_JochenStotmeister_Burger_BVK_G-2048x1694.jpg 2048w, https:\/\/www.pr-neu.de\/newsroom\/wordpress\/wp-content\/uploads\/2022\/11\/22_34_JochenStotmeister_Burger_BVK_G-110x91.jpg 110w, https:\/\/www.pr-neu.de\/newsroom\/wordpress\/wp-content\/uploads\/2022\/11\/22_34_JochenStotmeister_Burger_BVK_G-420x347.jpg 420w, https:\/\/www.pr-neu.de\/newsroom\/wordpress\/wp-content\/uploads\/2022\/11\/22_34_JochenStotmeister_Burger_BVK_G-520x430.jpg 520w\" sizes=\"auto, (max-width: 300px) 100vw, 300px\" \/><\/a><\/p>\n<p style=\"text-align: center;\">Jochen Stotmeister (links) bekommt das Verdienstkreuz von St\u00fchlingens B\u00fcrgermeister Joachim Burger \u00fcberreicht.<\/p>\n<p style=\"text-align: center;\">Fotos: Sto SE &amp; Co. KGaA, St\u00fchlingen<\/p>\n<p>&nbsp;<\/p>\n<hr \/>\n<p>&nbsp;<\/p>\n<p>Abdruck honorarfrei, Belegexemplar erbeten.<\/p>\n","protected":false},"excerpt":{"rendered":"<p>[PM f\u00fcr Regionalmedien] Jochen Stotmeister, lange Jahre Vorstandschef von Sto, erhielt jetzt das Verdienstkreuz am Bande der Bundesrepublik Deutschland f\u00fcr seine gro\u00dfen Leistungen als Unternehmer und sein soziales Engagement (u.a. Gr\u00fcndung der Sto-Stiftung). <\/p>\n","protected":false},"author":9,"featured_media":15397,"comment_status":"closed","ping_status":"open","sticky":false,"template":"","format":"standard","meta":{"footnotes":""},"categories":[15],"tags":[1759,2211,504,2189,1803,1635,2209],"class_list":["post-15415","post","type-post","status-publish","format-standard","has-post-thumbnail","hentry","category-sto","tag-auszeichnung","tag-socialengagement","tag-sto-2","tag-stodeutschland","tag-stotmeister","tag-stuehlingen","tag-verdienstkreuz"],"_links":{"self":[{"href":"https:\/\/www.pr-neu.de\/newsroom\/wp-json\/wp\/v2\/posts\/15415","targetHints":{"allow":["GET"]}}],"collection":[{"href":"https:\/\/www.pr-neu.de\/newsroom\/wp-json\/wp\/v2\/posts"}],"about":[{"href":"https:\/\/www.pr-neu.de\/newsroom\/wp-json\/wp\/v2\/types\/post"}],"author":[{"embeddable":true,"href":"https:\/\/www.pr-neu.de\/newsroom\/wp-json\/wp\/v2\/users\/9"}],"replies":[{"embeddable":true,"href":"https:\/\/www.pr-neu.de\/newsroom\/wp-json\/wp\/v2\/comments?post=15415"}],"version-history":[{"count":2,"href":"https:\/\/www.pr-neu.de\/newsroom\/wp-json\/wp\/v2\/posts\/15415\/revisions"}],"predecessor-version":[{"id":15417,"href":"https:\/\/www.pr-neu.de\/newsroom\/wp-json\/wp\/v2\/posts\/15415\/revisions\/15417"}],"wp:featuredmedia":[{"embeddable":true,"href":"https:\/\/www.pr-neu.de\/newsroom\/wp-json\/wp\/v2\/media\/15397"}],"wp:attachment":[{"href":"https:\/\/www.pr-neu.de\/newsroom\/wp-json\/wp\/v2\/media?parent=15415"}],"wp:term":[{"taxonomy":"category","embeddable":true,"href":"https:\/\/www.pr-neu.de\/newsroom\/wp-json\/wp\/v2\/categories?post=15415"},{"taxonomy":"post_tag","embeddable":true,"href":"https:\/\/www.pr-neu.de\/newsroom\/wp-json\/wp\/v2\/tags?post=15415"}],"curies":[{"name":"wp","href":"https:\/\/api.w.org\/{rel}","templated":true}]}}