{"id":15396,"date":"2022-11-30T10:20:43","date_gmt":"2022-11-30T09:20:43","guid":{"rendered":"https:\/\/www.pr-neu.de\/newsroom\/?p=15396"},"modified":"2022-11-30T10:20:43","modified_gmt":"2022-11-30T09:20:43","slug":"verdienstkreuz-fuer-jochen-stotmeister_fach","status":"publish","type":"post","link":"https:\/\/www.pr-neu.de\/newsroom\/verdienstkreuz-fuer-jochen-stotmeister_fach\/","title":{"rendered":"Verdienstkreuz f\u00fcr Jochen Stotmeister"},"content":{"rendered":"<p><u>Ehrung f\u00fcr einen Teamplayer<\/u><\/p>\n<p><strong>Jochen Stotmeister, ehemaliger langj\u00e4hriger Vorstandschef von Sto, erhielt jetzt das Verdienstkreuz am Bande der Bundesrepublik Deutschland. Damit wird seine unternehmerische Leistung und sein soziales Engagement gew\u00fcrdigt.<\/strong><\/p>\n<p>Bundespr\u00e4sident Frank-Walter Steinmeier hatte Jochen Stotmeister bereits im Sommer 2019 formal mit dem Verdienstkreuz am Bande der Bundesrepublik Deutschland ausgezeichnet, die feierliche \u00dcbergabe durch Joachim Burger, B\u00fcrgermeister der Stadt St\u00fchlingen, konnte pandemiebedingt erst jetzt in Donaueschingen mit einigen Weggef\u00e4hrten aus der Zeit der Internationalisierung der heutigen Sto SE &amp; Co. KGaA durchgef\u00fchrt werden. Die baden-w\u00fcrttembergische Wirtschaftsministerin Nicole Hoffmeister-Kraut nennt Jochen Stotmeister in ihrem Gratulationsschreiben einen \u201eVorzeigeunternehmer\u201c und \u201esozial engagierten B\u00fcrger\u201c, der unserer Gesellschaft \u201egro\u00dfe Dienste\u201c erwiesen habe. Dazu z\u00e4hlt unter anderem die Gr\u00fcndung der Sto-Stiftung, die sich vielf\u00e4ltig f\u00fcr den Nachwuchs in Architektur und Handwerk engagiert.<\/p>\n<p>Der 69 Jahre alte geb\u00fcrtige St\u00fchlinger studierte Betriebswirtschaft und \u00fcbernahm nach acht Jahren T\u00e4tigkeit f\u00fcr Sto in den USA 1988 den Vorstandsvorsitz der damaligen Sto AG. Das von seinem Vater Fritz Stotmeister gegr\u00fcndete Unternehmen erwirtschaftete in jenem Jahr mit 925 Mitarbeiterinnen und Mitarbeitern einen Jahresumsatz von 191,5 Millionen Mark (91,9 Millionen Euro). In dieser Zeit des Generationenwechsels wurde auch das bis heute g\u00fcltige Leitbild der Sto-Unternehmensgruppe (\u201eBewusst bauen.\u201c) formuliert. Dieses fr\u00fche Bekenntnis zum nachhaltigen und energiesparenden Bauen sollte in den folgenden Jahren Fr\u00fcchte tragen. Als sich Jochen Stotmeister nach 27 Jahren 2015 von der aktiven Leitung des Konzerns zur\u00fcckzog und die F\u00fchrung des Aufsichtsrats der STO Management SE \u00fcbernahm, kam die Gruppe mit 5.032 Besch\u00e4ftigten auf einen Gesamtumsatz von 1.216,6 Millionen Euro.<\/p>\n<p>Nicht nur der wirtschaftliche Erfolg sprach f\u00fcr die Ehrung, ebenso z\u00e4hlte sein beharrliches Eintreten f\u00fcr regionale Interessen wie die Unternehmerinitiative \u201eWirtschaftsraum Deutschland-Schweiz\u201c und sein soziales Engagement. Besonders bedeutend dabei ist die von ihm 2005 ins Leben gerufene Sto-Stiftung, die es sich zum Ziel gesetzt hat, junge Menschen im Maler- und Stuckateurhandwerk sowie Studierende in Bauwesen\/Architektur zu unterst\u00fctzen. Neben der klassischen Bestenf\u00f6rderung hilft die Stiftung sozial Benachteiligten, den Weg in das Berufsleben zu finden.<\/p>\n<p>\u201eEs sind die Menschen bei Sto, die den Unterschied machen\u201c, lautet das Credo des Unternehmenslenkers, der in seiner pers\u00f6nlichen Ehrung auch eine Verbeugung vor der Unterst\u00fctzung durch seine Familie und vor der Leistung der \u201eSto\u2018ler\u201c in aller Welt sieht. Stotmeister ist seit 1980 mit Ulrike Stotmeister verheiratetet und Vater von drei erwachsenen Kindern.<\/p>\n<p>&nbsp;<\/p>\n<hr \/>\n<p>&nbsp;<\/p>\n<p style=\"text-align: center;\"><a href=\"http:\/\/www.pr-neu.de\/newsroom\/wordpress\/wp-content\/uploads\/2022\/11\/22_34_JochenStotmeister_BVK_G-scaled.jpg\" target=\"_blank\" rel=\"noopener\"><img loading=\"lazy\" decoding=\"async\" class=\"wp-image-15398 size-medium\" src=\"http:\/\/www.pr-neu.de\/newsroom\/wordpress\/wp-content\/uploads\/2022\/11\/22_34_JochenStotmeister_BVK_G-300x200.jpg\" alt=\"\" width=\"300\" height=\"200\" srcset=\"https:\/\/www.pr-neu.de\/newsroom\/wordpress\/wp-content\/uploads\/2022\/11\/22_34_JochenStotmeister_BVK_G-300x200.jpg 300w, https:\/\/www.pr-neu.de\/newsroom\/wordpress\/wp-content\/uploads\/2022\/11\/22_34_JochenStotmeister_BVK_G-1024x683.jpg 1024w, https:\/\/www.pr-neu.de\/newsroom\/wordpress\/wp-content\/uploads\/2022\/11\/22_34_JochenStotmeister_BVK_G-768x512.jpg 768w, https:\/\/www.pr-neu.de\/newsroom\/wordpress\/wp-content\/uploads\/2022\/11\/22_34_JochenStotmeister_BVK_G-1536x1024.jpg 1536w, https:\/\/www.pr-neu.de\/newsroom\/wordpress\/wp-content\/uploads\/2022\/11\/22_34_JochenStotmeister_BVK_G-2048x1365.jpg 2048w, https:\/\/www.pr-neu.de\/newsroom\/wordpress\/wp-content\/uploads\/2022\/11\/22_34_JochenStotmeister_BVK_G-110x73.jpg 110w, https:\/\/www.pr-neu.de\/newsroom\/wordpress\/wp-content\/uploads\/2022\/11\/22_34_JochenStotmeister_BVK_G-420x280.jpg 420w, https:\/\/www.pr-neu.de\/newsroom\/wordpress\/wp-content\/uploads\/2022\/11\/22_34_JochenStotmeister_BVK_G-645x430.jpg 645w\" sizes=\"auto, (max-width: 300px) 100vw, 300px\" \/><\/a><\/p>\n<p style=\"text-align: center;\">Jochen Stotmeister erh\u00e4lt das Verdienstkreuz am Bande.<\/p>\n<p>&nbsp;<\/p>\n<p style=\"text-align: center;\"><a href=\"http:\/\/www.pr-neu.de\/newsroom\/wordpress\/wp-content\/uploads\/2022\/11\/22_34_JochenStotmeister_Burger_BVK_G-scaled.jpg\" target=\"_blank\" rel=\"noopener\"><img loading=\"lazy\" decoding=\"async\" class=\"wp-image-15397 size-medium\" src=\"http:\/\/www.pr-neu.de\/newsroom\/wordpress\/wp-content\/uploads\/2022\/11\/22_34_JochenStotmeister_Burger_BVK_G-300x248.jpg\" alt=\"\" width=\"300\" height=\"248\" srcset=\"https:\/\/www.pr-neu.de\/newsroom\/wordpress\/wp-content\/uploads\/2022\/11\/22_34_JochenStotmeister_Burger_BVK_G-300x248.jpg 300w, https:\/\/www.pr-neu.de\/newsroom\/wordpress\/wp-content\/uploads\/2022\/11\/22_34_JochenStotmeister_Burger_BVK_G-1024x847.jpg 1024w, https:\/\/www.pr-neu.de\/newsroom\/wordpress\/wp-content\/uploads\/2022\/11\/22_34_JochenStotmeister_Burger_BVK_G-768x635.jpg 768w, https:\/\/www.pr-neu.de\/newsroom\/wordpress\/wp-content\/uploads\/2022\/11\/22_34_JochenStotmeister_Burger_BVK_G-1536x1270.jpg 1536w, https:\/\/www.pr-neu.de\/newsroom\/wordpress\/wp-content\/uploads\/2022\/11\/22_34_JochenStotmeister_Burger_BVK_G-2048x1694.jpg 2048w, https:\/\/www.pr-neu.de\/newsroom\/wordpress\/wp-content\/uploads\/2022\/11\/22_34_JochenStotmeister_Burger_BVK_G-110x91.jpg 110w, https:\/\/www.pr-neu.de\/newsroom\/wordpress\/wp-content\/uploads\/2022\/11\/22_34_JochenStotmeister_Burger_BVK_G-420x347.jpg 420w, https:\/\/www.pr-neu.de\/newsroom\/wordpress\/wp-content\/uploads\/2022\/11\/22_34_JochenStotmeister_Burger_BVK_G-520x430.jpg 520w\" sizes=\"auto, (max-width: 300px) 100vw, 300px\" \/><\/a><\/p>\n<p style=\"text-align: center;\">Jochen Stotmeister (links) bekommt das Verdienstkreuz von St\u00fchlingens B\u00fcrgermeister Joachim Burger \u00fcberreicht.<\/p>\n<p style=\"text-align: center;\">Fotos: Sto SE &amp; Co. KGaA, St\u00fchlingen<\/p>\n<p>&nbsp;<\/p>\n<hr \/>\n<p>&nbsp;<\/p>\n<p>Abdruck honorarfrei, Belegexemplar erbeten.<\/p>\n","protected":false},"excerpt":{"rendered":"<p>[PM f\u00fcr Fachmedien] Jochen Stotmeister, lange Jahre Vorstandschef von Sto, erhielt jetzt das Verdienstkreuz am Bande der Bundesrepublik Deutschland f\u00fcr seine gro\u00dfen Leistungen als Unternehmer und sein soziales Engagement (u.a. Gr\u00fcndung der Sto-Stiftung). <\/p>\n","protected":false},"author":9,"featured_media":15398,"comment_status":"closed","ping_status":"open","sticky":false,"template":"","format":"standard","meta":{"footnotes":""},"categories":[15],"tags":[1759,2211,504,2189,1803,1635,2209],"class_list":["post-15396","post","type-post","status-publish","format-standard","has-post-thumbnail","hentry","category-sto","tag-auszeichnung","tag-socialengagement","tag-sto-2","tag-stodeutschland","tag-stotmeister","tag-stuehlingen","tag-verdienstkreuz"],"_links":{"self":[{"href":"https:\/\/www.pr-neu.de\/newsroom\/wp-json\/wp\/v2\/posts\/15396","targetHints":{"allow":["GET"]}}],"collection":[{"href":"https:\/\/www.pr-neu.de\/newsroom\/wp-json\/wp\/v2\/posts"}],"about":[{"href":"https:\/\/www.pr-neu.de\/newsroom\/wp-json\/wp\/v2\/types\/post"}],"author":[{"embeddable":true,"href":"https:\/\/www.pr-neu.de\/newsroom\/wp-json\/wp\/v2\/users\/9"}],"replies":[{"embeddable":true,"href":"https:\/\/www.pr-neu.de\/newsroom\/wp-json\/wp\/v2\/comments?post=15396"}],"version-history":[{"count":7,"href":"https:\/\/www.pr-neu.de\/newsroom\/wp-json\/wp\/v2\/posts\/15396\/revisions"}],"predecessor-version":[{"id":15414,"href":"https:\/\/www.pr-neu.de\/newsroom\/wp-json\/wp\/v2\/posts\/15396\/revisions\/15414"}],"wp:featuredmedia":[{"embeddable":true,"href":"https:\/\/www.pr-neu.de\/newsroom\/wp-json\/wp\/v2\/media\/15398"}],"wp:attachment":[{"href":"https:\/\/www.pr-neu.de\/newsroom\/wp-json\/wp\/v2\/media?parent=15396"}],"wp:term":[{"taxonomy":"category","embeddable":true,"href":"https:\/\/www.pr-neu.de\/newsroom\/wp-json\/wp\/v2\/categories?post=15396"},{"taxonomy":"post_tag","embeddable":true,"href":"https:\/\/www.pr-neu.de\/newsroom\/wp-json\/wp\/v2\/tags?post=15396"}],"curies":[{"name":"wp","href":"https:\/\/api.w.org\/{rel}","templated":true}]}}