{"id":15389,"date":"2022-11-22T10:21:33","date_gmt":"2022-11-22T09:21:33","guid":{"rendered":"https:\/\/www.pr-neu.de\/newsroom\/?p=15389"},"modified":"2022-11-22T10:21:42","modified_gmt":"2022-11-22T09:21:42","slug":"selbstverstaendlich-fugenlos","status":"publish","type":"post","link":"https:\/\/www.pr-neu.de\/newsroom\/selbstverstaendlich-fugenlos\/","title":{"rendered":"(Selbst)verst\u00e4ndlich fugenlos"},"content":{"rendered":"<p><u>Bayerische Staatskanzlei<br \/>\nNeuartige Akustikdecke: StoSilent Distance C<\/u><\/p>\n<p><strong>Der Videoraum der Bayerischen Staatskanzlei wurde 2021 umgebaut. Dabei kam eine Akustikdecke zum Einsatz, die wegen eines neuartigen patentierten Montageverfahrens spektakul\u00e4r planebene und glatte Oberfl\u00e4chen erm\u00f6glicht und zudem mit langen Renovierungsintervallen erfreut.<\/strong><\/p>\n<p>Der 1993 fertiggestellte Bau der Bayerischen Staatskanzlei in M\u00fcnchen besteht aus dem prunkvollen klassizistischen Mittelbau des historischen Armeemuseums und zwei modernen gl\u00e4sernen Seitenfl\u00fcgeln. Im Inneren des 8.800 Quadratmeter-Geb\u00e4udes befindet sich unter anderem ein Videoraum, den der Bayerische Ministerpr\u00e4sident regelm\u00e4\u00dfig f\u00fcr \u00f6ffentliche Statements nutzt. Damit er gut zu verstehen ist, ist seit 2021 die Akustikdecke StoSilent Distance C montiert, ein abgeh\u00e4ngtes Akustiksystem f\u00fcr planebene fugenlose Fl\u00e4chen. Es \u00fcberzeugt aufgrund eines neuartigen, patentierten Befestigungssystems mit h\u00f6chster Ergebnissicherheit (keine Sto\u00df- oder Schraubpunkt-Abzeichnungen), langen Sanierungsintervallen (keine selektive Staubablagerung) und gro\u00dfer akustischer Wirksamkeit.<\/p>\n<p>Das System basiert auf akustisch wirksamen Platten aus Bl\u00e4hglasgranulat mit einem sehr hohen Anteil an Altglasrezyklat. Da diese Platten auf einer Metall-Unterkonstruktion verklebt und nicht wie \u00fcblich verschraubt werden, lassen sie sich pr\u00e4ziser dreidimensional ausrichten. Das erleichtert die Schaffung einer v\u00f6llig ebenen Oberfl\u00e4che. Eine nivellierende Spachtelung der Plattenst\u00f6\u00dfe und der Schraubpunkte entf\u00e4llt, Schleifen ist nicht mehr n\u00f6tig. Ohne gespachtelte Fl\u00e4chenanteile gibt es keine unterschiedlichen Str\u00f6mungswiderst\u00e4nde und somit keine sichtbaren Staubablagerungen mehr.<\/p>\n<p>Beim Projekt \u201eVideoraum der Staatskanzlei\u201c \u00fcberzeugte sich der renommierte Fachhandwerksbetrieb Ru\u00dfbach Maler Akustik Trockenbau aus Odelzhausen von den Vorz\u00fcgen des nichtbrennbaren Systems (nach DIN 4102 \/ A2s1, d0 nach EN 135011), das fugenlos bis 200 Quadratmeter verlegt werden kann. F\u00fcr die optische Qualit\u00e4t der Fl\u00e4che sorgt die feinstk\u00f6rnige, schalltransparente Schlussbeschichtung StoSilent Top Finish. Und \u00fcber die akustische Qualit\u00e4t \u2013 StoSilent Distance C sorgt f\u00fcr eine breitbandige Schallabsorption und bietet auch bei tiefen Frequenzen gute Werte \u2013 konnten sich der Ministerpr\u00e4sident und seine Zuh\u00f6rer seit der Fertigstellung des Videoraums bereits mehrfach freuen.<\/p>\n<p>&nbsp;<\/p>\n<hr \/>\n<p>&nbsp;<\/p>\n<p style=\"text-align: center;\"><a href=\"http:\/\/www.pr-neu.de\/newsroom\/wordpress\/wp-content\/uploads\/2022\/11\/22-31_Akustikdecke_1_G-scaled.jpg\" target=\"_blank\" rel=\"noopener\"><img loading=\"lazy\" decoding=\"async\" class=\"wp-image-15391 size-medium\" src=\"http:\/\/www.pr-neu.de\/newsroom\/wordpress\/wp-content\/uploads\/2022\/11\/22-31_Akustikdecke_1_G-300x200.jpg\" alt=\"\" width=\"300\" height=\"200\" srcset=\"https:\/\/www.pr-neu.de\/newsroom\/wordpress\/wp-content\/uploads\/2022\/11\/22-31_Akustikdecke_1_G-300x200.jpg 300w, https:\/\/www.pr-neu.de\/newsroom\/wordpress\/wp-content\/uploads\/2022\/11\/22-31_Akustikdecke_1_G-1024x683.jpg 1024w, https:\/\/www.pr-neu.de\/newsroom\/wordpress\/wp-content\/uploads\/2022\/11\/22-31_Akustikdecke_1_G-768x512.jpg 768w, https:\/\/www.pr-neu.de\/newsroom\/wordpress\/wp-content\/uploads\/2022\/11\/22-31_Akustikdecke_1_G-1536x1025.jpg 1536w, https:\/\/www.pr-neu.de\/newsroom\/wordpress\/wp-content\/uploads\/2022\/11\/22-31_Akustikdecke_1_G-2048x1366.jpg 2048w, https:\/\/www.pr-neu.de\/newsroom\/wordpress\/wp-content\/uploads\/2022\/11\/22-31_Akustikdecke_1_G-110x73.jpg 110w, https:\/\/www.pr-neu.de\/newsroom\/wordpress\/wp-content\/uploads\/2022\/11\/22-31_Akustikdecke_1_G-420x280.jpg 420w, https:\/\/www.pr-neu.de\/newsroom\/wordpress\/wp-content\/uploads\/2022\/11\/22-31_Akustikdecke_1_G-645x430.jpg 645w\" sizes=\"auto, (max-width: 300px) 100vw, 300px\" \/><\/a><\/p>\n<p style=\"text-align: center;\">F\u00fcr optimale Akustik im Videoraum der Bayerischen Staatskanzlei sorgt die fugenlose Akustikdecke StoSilent Distance C.<br \/>\nBild: Boris Storz \/ Sto SE &amp; Co. KGaA<\/p>\n<p>&nbsp;<\/p>\n<p style=\"text-align: center;\"><a href=\"http:\/\/www.pr-neu.de\/newsroom\/wordpress\/wp-content\/uploads\/2022\/11\/22-31_-Akustikdecke-2_G-scaled.jpg\" target=\"_blank\" rel=\"noopener\"><img loading=\"lazy\" decoding=\"async\" class=\"aligncenter wp-image-15390 size-medium\" src=\"http:\/\/www.pr-neu.de\/newsroom\/wordpress\/wp-content\/uploads\/2022\/11\/22-31_-Akustikdecke-2_G-300x200.jpg\" alt=\"\" width=\"300\" height=\"200\" srcset=\"https:\/\/www.pr-neu.de\/newsroom\/wordpress\/wp-content\/uploads\/2022\/11\/22-31_-Akustikdecke-2_G-300x200.jpg 300w, https:\/\/www.pr-neu.de\/newsroom\/wordpress\/wp-content\/uploads\/2022\/11\/22-31_-Akustikdecke-2_G-1024x683.jpg 1024w, https:\/\/www.pr-neu.de\/newsroom\/wordpress\/wp-content\/uploads\/2022\/11\/22-31_-Akustikdecke-2_G-768x512.jpg 768w, https:\/\/www.pr-neu.de\/newsroom\/wordpress\/wp-content\/uploads\/2022\/11\/22-31_-Akustikdecke-2_G-1536x1025.jpg 1536w, https:\/\/www.pr-neu.de\/newsroom\/wordpress\/wp-content\/uploads\/2022\/11\/22-31_-Akustikdecke-2_G-2048x1366.jpg 2048w, https:\/\/www.pr-neu.de\/newsroom\/wordpress\/wp-content\/uploads\/2022\/11\/22-31_-Akustikdecke-2_G-110x73.jpg 110w, https:\/\/www.pr-neu.de\/newsroom\/wordpress\/wp-content\/uploads\/2022\/11\/22-31_-Akustikdecke-2_G-420x280.jpg 420w, https:\/\/www.pr-neu.de\/newsroom\/wordpress\/wp-content\/uploads\/2022\/11\/22-31_-Akustikdecke-2_G-645x430.jpg 645w\" sizes=\"auto, (max-width: 300px) 100vw, 300px\" \/><\/a><\/p>\n<p style=\"text-align: center;\">Die feinstk\u00f6rnige Schlussbeschichtung sorgt f\u00fcr einen planebenen Deckenspiegel.<br \/>\nBild: Boris Storz \/ Sto SE &amp; Co. KGaA<\/p>\n<p>&nbsp;<\/p>\n<p style=\"text-align: center;\"><a href=\"http:\/\/www.pr-neu.de\/newsroom\/wordpress\/wp-content\/uploads\/2022\/11\/22-31_Staatskanzlei_G-scaled.jpg\" target=\"_blank\" rel=\"noopener\"><img loading=\"lazy\" decoding=\"async\" class=\"wp-image-15392 size-medium\" src=\"http:\/\/www.pr-neu.de\/newsroom\/wordpress\/wp-content\/uploads\/2022\/11\/22-31_Staatskanzlei_G-300x200.jpg\" alt=\"\" width=\"300\" height=\"200\" srcset=\"https:\/\/www.pr-neu.de\/newsroom\/wordpress\/wp-content\/uploads\/2022\/11\/22-31_Staatskanzlei_G-300x200.jpg 300w, https:\/\/www.pr-neu.de\/newsroom\/wordpress\/wp-content\/uploads\/2022\/11\/22-31_Staatskanzlei_G-1024x683.jpg 1024w, https:\/\/www.pr-neu.de\/newsroom\/wordpress\/wp-content\/uploads\/2022\/11\/22-31_Staatskanzlei_G-768x512.jpg 768w, https:\/\/www.pr-neu.de\/newsroom\/wordpress\/wp-content\/uploads\/2022\/11\/22-31_Staatskanzlei_G-1536x1024.jpg 1536w, https:\/\/www.pr-neu.de\/newsroom\/wordpress\/wp-content\/uploads\/2022\/11\/22-31_Staatskanzlei_G-2048x1365.jpg 2048w, https:\/\/www.pr-neu.de\/newsroom\/wordpress\/wp-content\/uploads\/2022\/11\/22-31_Staatskanzlei_G-110x73.jpg 110w, https:\/\/www.pr-neu.de\/newsroom\/wordpress\/wp-content\/uploads\/2022\/11\/22-31_Staatskanzlei_G-420x280.jpg 420w, https:\/\/www.pr-neu.de\/newsroom\/wordpress\/wp-content\/uploads\/2022\/11\/22-31_Staatskanzlei_G-645x430.jpg 645w\" sizes=\"auto, (max-width: 300px) 100vw, 300px\" \/><\/a><\/p>\n<p style=\"text-align: center;\">Die Bayerische Staatskanzlei verkn\u00fcpft Tradition und Moderne. In ihrem Inneren sorgen effiziente Baustoffe f\u00fcr h\u00f6chste Funktionalit\u00e4t.<br \/>\nBild: Boris Storz \/ Sto SE &amp; Co. KGaA<\/p>\n<p>&nbsp;<\/p>\n<hr \/>\n<p>&nbsp;<\/p>\n<p>Abdruck honorarfrei, Belegexemplar erbeten.<\/p>\n","protected":false},"excerpt":{"rendered":"<p>Der Videoraum der Bayerischen Staatskanzlei wurde 2021 umgebaut. Dabei kam eine Akustikdecke zum Einsatz, die wegen eines neuartigen patentierten Montageverfahrens spektakul\u00e4r planebene und glatte Oberfl\u00e4chen erm\u00f6glicht.<\/p>\n","protected":false},"author":9,"featured_media":15392,"comment_status":"closed","ping_status":"open","sticky":false,"template":"","format":"standard","meta":{"footnotes":""},"categories":[15],"tags":[1719,2087,2201,2205,1721,1969,2207,430,504,2189,2203],"class_list":["post-15389","post","type-post","status-publish","format-standard","has-post-thumbnail","hentry","category-sto","tag-akustik","tag-akustikdecke","tag-bayerischestaatskanzlei","tag-bayern","tag-decke","tag-montage","tag-regierungsgebaeude","tag-renovierung","tag-sto-2","tag-stodeutschland","tag-stosilent"],"_links":{"self":[{"href":"https:\/\/www.pr-neu.de\/newsroom\/wp-json\/wp\/v2\/posts\/15389","targetHints":{"allow":["GET"]}}],"collection":[{"href":"https:\/\/www.pr-neu.de\/newsroom\/wp-json\/wp\/v2\/posts"}],"about":[{"href":"https:\/\/www.pr-neu.de\/newsroom\/wp-json\/wp\/v2\/types\/post"}],"author":[{"embeddable":true,"href":"https:\/\/www.pr-neu.de\/newsroom\/wp-json\/wp\/v2\/users\/9"}],"replies":[{"embeddable":true,"href":"https:\/\/www.pr-neu.de\/newsroom\/wp-json\/wp\/v2\/comments?post=15389"}],"version-history":[{"count":2,"href":"https:\/\/www.pr-neu.de\/newsroom\/wp-json\/wp\/v2\/posts\/15389\/revisions"}],"predecessor-version":[{"id":15394,"href":"https:\/\/www.pr-neu.de\/newsroom\/wp-json\/wp\/v2\/posts\/15389\/revisions\/15394"}],"wp:featuredmedia":[{"embeddable":true,"href":"https:\/\/www.pr-neu.de\/newsroom\/wp-json\/wp\/v2\/media\/15392"}],"wp:attachment":[{"href":"https:\/\/www.pr-neu.de\/newsroom\/wp-json\/wp\/v2\/media?parent=15389"}],"wp:term":[{"taxonomy":"category","embeddable":true,"href":"https:\/\/www.pr-neu.de\/newsroom\/wp-json\/wp\/v2\/categories?post=15389"},{"taxonomy":"post_tag","embeddable":true,"href":"https:\/\/www.pr-neu.de\/newsroom\/wp-json\/wp\/v2\/tags?post=15389"}],"curies":[{"name":"wp","href":"https:\/\/api.w.org\/{rel}","templated":true}]}}