{"id":15383,"date":"2022-11-18T09:30:36","date_gmt":"2022-11-18T08:30:36","guid":{"rendered":"https:\/\/www.pr-neu.de\/newsroom\/?p=15383"},"modified":"2022-11-17T16:56:00","modified_gmt":"2022-11-17T15:56:00","slug":"sto-ist-wieder-ein-liebling-der-architekten","status":"publish","type":"post","link":"https:\/\/www.pr-neu.de\/newsroom\/sto-ist-wieder-ein-liebling-der-architekten\/","title":{"rendered":"Sto ist wieder ein Liebling der Architekten"},"content":{"rendered":"<p><u>Gold und Silber bei den Architects\u2018 Darlings<\/u><\/p>\n<p><strong>Gold bei W\u00e4rmed\u00e4mm-Verbundsystemen, Silber f\u00fcr die Objektberatung und in der Kategorie Fassade\/Fassadenkonstruktion: Bei den diesj\u00e4hrigen Architects\u2018 Darling-Awards erreicht Sto gleich dreimal das Treppchen.<\/strong><\/p>\n<p>Die Marktforschungsexperten von Heinze hatten wieder nahezu 1900 Architekten und Fachplanern in insgesamt 24 Segmenten befragt. Hinzu kommen 13 weitere Preise, bei denen eine Fachjury die Sieger k\u00fcrte \u2013 aus insgesamt 171 Unternehmen. Damit geh\u00f6rt Sto zum f\u00fcnften Mal in Folge bei den \u201eArchitects&#8216; Darling Awards\u201c zu den Siegern. \u201eDer Gold-Award zeigt, dass wir als WDVS-Weltmarktf\u00fchrer auch in unserem Heimatland vorne liegen\u201c, freut sich Rolf Wohllaib, Leiter Sto-Marketing Deutschland \u00fcber den Erfolg. \u201eWir sehen dies vor allem als Leistung unserer gesamten Belegschaft, die sich f\u00fcr die Sto-Qualit\u00e4t von der Beratung \u00fcber die Produkte bis zur perfekten Logistik jeden Tag mit hohem Einsatz f\u00fcr unsere Marktpartner engagiert.\u201c Die Gala fand im November im Rahmen des \u201eCeller Werktags\u201c statt.<\/p>\n<p>&nbsp;<\/p>\n<hr \/>\n<p>&nbsp;<\/p>\n<p style=\"text-align: center;\"><a href=\"http:\/\/www.pr-neu.de\/newsroom\/wordpress\/wp-content\/uploads\/2022\/11\/22-33-arcDarling_2022_Sto_Gold_G-scaled.jpg\" target=\"_blank\" rel=\"noopener\"><img loading=\"lazy\" decoding=\"async\" class=\"wp-image-15385 size-medium\" src=\"http:\/\/www.pr-neu.de\/newsroom\/wordpress\/wp-content\/uploads\/2022\/11\/22-33-arcDarling_2022_Sto_Gold_G-300x200.jpg\" alt=\"\" width=\"300\" height=\"200\" srcset=\"https:\/\/www.pr-neu.de\/newsroom\/wordpress\/wp-content\/uploads\/2022\/11\/22-33-arcDarling_2022_Sto_Gold_G-300x200.jpg 300w, https:\/\/www.pr-neu.de\/newsroom\/wordpress\/wp-content\/uploads\/2022\/11\/22-33-arcDarling_2022_Sto_Gold_G-1024x683.jpg 1024w, https:\/\/www.pr-neu.de\/newsroom\/wordpress\/wp-content\/uploads\/2022\/11\/22-33-arcDarling_2022_Sto_Gold_G-768x512.jpg 768w, https:\/\/www.pr-neu.de\/newsroom\/wordpress\/wp-content\/uploads\/2022\/11\/22-33-arcDarling_2022_Sto_Gold_G-1536x1025.jpg 1536w, https:\/\/www.pr-neu.de\/newsroom\/wordpress\/wp-content\/uploads\/2022\/11\/22-33-arcDarling_2022_Sto_Gold_G-2048x1366.jpg 2048w, https:\/\/www.pr-neu.de\/newsroom\/wordpress\/wp-content\/uploads\/2022\/11\/22-33-arcDarling_2022_Sto_Gold_G-110x73.jpg 110w, https:\/\/www.pr-neu.de\/newsroom\/wordpress\/wp-content\/uploads\/2022\/11\/22-33-arcDarling_2022_Sto_Gold_G-420x280.jpg 420w, https:\/\/www.pr-neu.de\/newsroom\/wordpress\/wp-content\/uploads\/2022\/11\/22-33-arcDarling_2022_Sto_Gold_G-645x430.jpg 645w\" sizes=\"auto, (max-width: 300px) 100vw, 300px\" \/><\/a><\/p>\n<p style=\"text-align: center;\">Freuen sich \u00fcber Platz 1 bei den Heinze \u201eArchitects\u2018 Darlings\u201c in der Kategorie W\u00e4rmed\u00e4mm-Verbundsysteme (von links): Michael Lang (Heinze), Heiner R\u00f6hr (Leiter Region Deutschland bei Sto) und Rolf Wohllaib (Leiter Marketing bei Sto).<br \/>\nFoto: Heinze GmbH, Marcus Jacobs<\/p>\n<p>&nbsp;<\/p>\n<p style=\"text-align: center;\"><a href=\"http:\/\/www.pr-neu.de\/newsroom\/wordpress\/wp-content\/uploads\/2022\/11\/22-33-arcDarling_2022_Sto_G-scaled.jpg\" target=\"_blank\" rel=\"noopener\"><img loading=\"lazy\" decoding=\"async\" class=\"wp-image-15384 size-medium\" src=\"http:\/\/www.pr-neu.de\/newsroom\/wordpress\/wp-content\/uploads\/2022\/11\/22-33-arcDarling_2022_Sto_G-190x300.jpg\" alt=\"\" width=\"190\" height=\"300\" srcset=\"https:\/\/www.pr-neu.de\/newsroom\/wordpress\/wp-content\/uploads\/2022\/11\/22-33-arcDarling_2022_Sto_G-190x300.jpg 190w, https:\/\/www.pr-neu.de\/newsroom\/wordpress\/wp-content\/uploads\/2022\/11\/22-33-arcDarling_2022_Sto_G-647x1024.jpg 647w, https:\/\/www.pr-neu.de\/newsroom\/wordpress\/wp-content\/uploads\/2022\/11\/22-33-arcDarling_2022_Sto_G-768x1215.jpg 768w, https:\/\/www.pr-neu.de\/newsroom\/wordpress\/wp-content\/uploads\/2022\/11\/22-33-arcDarling_2022_Sto_G-971x1536.jpg 971w, https:\/\/www.pr-neu.de\/newsroom\/wordpress\/wp-content\/uploads\/2022\/11\/22-33-arcDarling_2022_Sto_G-1294x2048.jpg 1294w, https:\/\/www.pr-neu.de\/newsroom\/wordpress\/wp-content\/uploads\/2022\/11\/22-33-arcDarling_2022_Sto_G-70x110.jpg 70w, https:\/\/www.pr-neu.de\/newsroom\/wordpress\/wp-content\/uploads\/2022\/11\/22-33-arcDarling_2022_Sto_G-265x420.jpg 265w, https:\/\/www.pr-neu.de\/newsroom\/wordpress\/wp-content\/uploads\/2022\/11\/22-33-arcDarling_2022_Sto_G-272x430.jpg 272w, https:\/\/www.pr-neu.de\/newsroom\/wordpress\/wp-content\/uploads\/2022\/11\/22-33-arcDarling_2022_Sto_G-scaled.jpg 1618w\" sizes=\"auto, (max-width: 190px) 100vw, 190px\" \/><\/a><\/p>\n<p style=\"text-align: center;\">Architects\u2018 Darlings gab es f\u00fcr Sto in Gold in der Kategorie W\u00e4rmed\u00e4mm-Verbundsysteme und in Silber in den Kategorien Objektberatung und Fassade\/Fassadenkonstruktion. Heiner R\u00f6hr (Leiter Region Deutschland bei Sto, rechts) und Rolf Wohllaib (Leiter Marketing bei Sto) nahmen die dreifache Auszeichnung beim Celler Werktag im November entgegen.<br \/>\nFoto: Heinze GmbH, Marcus Jacobs<\/p>\n<p>&nbsp;<\/p>\n<hr \/>\n<p>&nbsp;<\/p>\n<p>Abdruck honorarfrei, Belegexemplar erbeten.<\/p>\n","protected":false},"excerpt":{"rendered":"<p>Gold bei W\u00e4rmed\u00e4mm-Verbundsystemen, Silber f\u00fcr die Objektberatung und in der Kategorie Fassade\/Fassadenkonstruktion: Bei den diesj\u00e4hrigen Architects\u2018 Darling-Awards erreicht Sto gleich dreimal das Treppchen.<\/p>\n","protected":false},"author":9,"featured_media":15385,"comment_status":"closed","ping_status":"open","sticky":false,"template":"","format":"standard","meta":{"footnotes":""},"categories":[15],"tags":[2195,1759,2197,2199,228,2193,2191,504,2189],"class_list":["post-15383","post","type-post","status-publish","format-standard","has-post-thumbnail","hentry","category-sto","tag-architects-darlings","tag-auszeichnung","tag-award","tag-cellerwerktag","tag-gewinner","tag-heinze","tag-preisverleihung","tag-sto-2","tag-stodeutschland"],"_links":{"self":[{"href":"https:\/\/www.pr-neu.de\/newsroom\/wp-json\/wp\/v2\/posts\/15383","targetHints":{"allow":["GET"]}}],"collection":[{"href":"https:\/\/www.pr-neu.de\/newsroom\/wp-json\/wp\/v2\/posts"}],"about":[{"href":"https:\/\/www.pr-neu.de\/newsroom\/wp-json\/wp\/v2\/types\/post"}],"author":[{"embeddable":true,"href":"https:\/\/www.pr-neu.de\/newsroom\/wp-json\/wp\/v2\/users\/9"}],"replies":[{"embeddable":true,"href":"https:\/\/www.pr-neu.de\/newsroom\/wp-json\/wp\/v2\/comments?post=15383"}],"version-history":[{"count":3,"href":"https:\/\/www.pr-neu.de\/newsroom\/wp-json\/wp\/v2\/posts\/15383\/revisions"}],"predecessor-version":[{"id":15388,"href":"https:\/\/www.pr-neu.de\/newsroom\/wp-json\/wp\/v2\/posts\/15383\/revisions\/15388"}],"wp:featuredmedia":[{"embeddable":true,"href":"https:\/\/www.pr-neu.de\/newsroom\/wp-json\/wp\/v2\/media\/15385"}],"wp:attachment":[{"href":"https:\/\/www.pr-neu.de\/newsroom\/wp-json\/wp\/v2\/media?parent=15383"}],"wp:term":[{"taxonomy":"category","embeddable":true,"href":"https:\/\/www.pr-neu.de\/newsroom\/wp-json\/wp\/v2\/categories?post=15383"},{"taxonomy":"post_tag","embeddable":true,"href":"https:\/\/www.pr-neu.de\/newsroom\/wp-json\/wp\/v2\/tags?post=15383"}],"curies":[{"name":"wp","href":"https:\/\/api.w.org\/{rel}","templated":true}]}}