{"id":15365,"date":"2022-11-10T15:04:31","date_gmt":"2022-11-10T14:04:31","guid":{"rendered":"https:\/\/www.pr-neu.de\/newsroom\/?p=15365"},"modified":"2022-11-10T15:05:57","modified_gmt":"2022-11-10T14:05:57","slug":"so-werden-keller-oder-dachgeschoss-zum-homeoffice","status":"publish","type":"post","link":"https:\/\/www.pr-neu.de\/newsroom\/so-werden-keller-oder-dachgeschoss-zum-homeoffice\/","title":{"rendered":"So werden Keller oder Dachgeschoss zum Homeoffice"},"content":{"rendered":"<p><u>Brachliegende R\u00e4ume nutzbar machen: Mehr Behaglichkeit durch DIY-Innenausbau<\/u><\/p>\n<p>Viele Prognosen gehen davon aus, dass ein deutlicher Anteil an B\u00fcro-Arbeitszeit auch zuk\u00fcnftig im Homeoffice bleibt. Damit steigt der Platzbedarf in den eigenen vier W\u00e4nden \u2013 dauerhaft am K\u00fcchentisch oder im Wohnzimmer wollen die wenigsten arbeiten. So r\u00fccken Nebenr\u00e4ume wieder in den Fokus, zum Beispiel der unausgebaute Dachboden oder ein wenig genutzter Kellerraum. W\u00e4hrend Strom und Internet in der Regel kein Problem sind, m\u00fcssen die R\u00e4ume selbst f\u00fcr den dauernden Aufenthalt erst einmal hergerichtet werden. Heimwerker k\u00f6nnen das oft in Eigenregie stemmen. Gerade im Altbau bew\u00e4hren sich dabei Leichtbauplatten wie VeroBoard Rapid. Sie lassen sich einfach verarbeiten und sorgen f\u00fcr ein behagliches Raumklima.<\/p>\n<p>Beim Innenausbau von Nebenr\u00e4umen geht es vor allem darum, W\u00e4nde und Decken wohnlich zu gestalten. Unter dem Dach hei\u00dft das, die Schr\u00e4gen zu d\u00e4mmen und zu verkleiden und gegebenenfalls neue W\u00e4nde einzuziehen. Im Keller geht es oft darum, eine glatte Wand zu bekommen, die zudem nicht die K\u00e4lte abstrahlt, die \u00fcber die massive Wand in den Raum gelangt. In beiden F\u00e4llen eignet sich daf\u00fcr der trockene Innenausbau ideal. Er bringt keine Feuchte in das Geb\u00e4ude und l\u00e4sst sich auch von Heimwerkern realisieren. Zum Einziehen von W\u00e4nden und der Verkleidung von Decken und Dachschr\u00e4gen gen\u00fcgt es, eine stabile Unterkonstruktion zu errichten (aus Holz oder Metall) und darauf die passenden Platten zu montieren. Um kaltes Abstrahlen bestehender Massivw\u00e4nde zu reduzieren, wird die Platte einfach direkt auf vorhandenes Mauerwerk aufgeklebt. Daf\u00fcr bieten sich offenporige, mineralische Platten wie VeroBoard Rapid an: Sie sind besonders leicht und nicht so feuchteempfindlich wie etwa Platten auf Gipsbasis. So wirken die Platten als Feuchtepuffer und lassen Wandoberfl\u00e4chen schneller aufheizen. Das beugt Schimmel vor und macht R\u00e4ume in kurzer Zeit gem\u00fctlich warm, auch wenn sie l\u00e4ngere Zeit ungenutzt waren. Hinzu kommt der Umwelt-Aspekt: Die Platten bestehen zu 96 Prozent aus Altglas \u2013 eine ressourcenschonende Rohstoffquelle also.<\/p>\n<p>&nbsp;<\/p>\n<hr \/>\n<p>&nbsp;<\/p>\n<p><strong>Selbermachen: leicht und sicher<\/strong><\/p>\n<p>Die Montage ist unkompliziert und von ge\u00fcbten Heimwerkern umsetzbar. Die leichten Platten werden direkt auf die Unterkonstruktion geschraubt. Noch einfacher geht es, wenn sie direkt auf die Wand kommen, bspw. im Keller. Hier gen\u00fcgt es, die Platten mit einem Klebem\u00f6rtel direkt auf die Wand zu bringen. Zuvor m\u00fcssen nur lose Putz- und Farbreste oder Tapeten entfernt werden. Zuschnitte erfolgen einfach mit einem Cutter, Fugen k\u00f6nnen mit Gewebeband kaschiert werden. Mit einem Spachtel gl\u00e4tten \u2013 fertig. VeroBoard Rapid und den passenden diffusionsoffenen Gl\u00e4ttspachtel gibt es im Baumarkt.<\/p>\n<p>&nbsp;<\/p>\n<hr \/>\n<p>&nbsp;<\/p>\n<p style=\"text-align: center;\"><a href=\"http:\/\/www.pr-neu.de\/newsroom\/wordpress\/wp-content\/uploads\/2022\/11\/22-03_Homeoffice_K.jpg\" target=\"_blank\" rel=\"noopener\"><img loading=\"lazy\" decoding=\"async\" class=\"aligncenter wp-image-15373 size-medium\" src=\"http:\/\/www.pr-neu.de\/newsroom\/wordpress\/wp-content\/uploads\/2022\/11\/22-03_Homeoffice_K-300x200.jpg\" alt=\"\" width=\"300\" height=\"200\" srcset=\"https:\/\/www.pr-neu.de\/newsroom\/wordpress\/wp-content\/uploads\/2022\/11\/22-03_Homeoffice_K-300x200.jpg 300w, https:\/\/www.pr-neu.de\/newsroom\/wordpress\/wp-content\/uploads\/2022\/11\/22-03_Homeoffice_K-1024x683.jpg 1024w, https:\/\/www.pr-neu.de\/newsroom\/wordpress\/wp-content\/uploads\/2022\/11\/22-03_Homeoffice_K-768x512.jpg 768w, https:\/\/www.pr-neu.de\/newsroom\/wordpress\/wp-content\/uploads\/2022\/11\/22-03_Homeoffice_K-1536x1024.jpg 1536w, https:\/\/www.pr-neu.de\/newsroom\/wordpress\/wp-content\/uploads\/2022\/11\/22-03_Homeoffice_K-2048x1365.jpg 2048w, https:\/\/www.pr-neu.de\/newsroom\/wordpress\/wp-content\/uploads\/2022\/11\/22-03_Homeoffice_K-110x73.jpg 110w, https:\/\/www.pr-neu.de\/newsroom\/wordpress\/wp-content\/uploads\/2022\/11\/22-03_Homeoffice_K-420x280.jpg 420w, https:\/\/www.pr-neu.de\/newsroom\/wordpress\/wp-content\/uploads\/2022\/11\/22-03_Homeoffice_K-645x430.jpg 645w\" sizes=\"auto, (max-width: 300px) 100vw, 300px\" \/><\/a><br \/>\nNeue R\u00e4ume f\u00fcr Homeoffice und mehr. Das Abstrahlen kalter, massiver (Keller-)W\u00e4nde verhindert die Verkleidung mit Leichtbauplatten wie VeroBoard Rapid.<br \/>\nFoto: Adobe Stock<\/p>\n<p>&nbsp;<\/p>\n<p style=\"text-align: center;\"><a href=\"http:\/\/www.pr-neu.de\/newsroom\/wordpress\/wp-content\/uploads\/2022\/11\/22-03_Verobard_Montage_K.jpg\" target=\"_blank\" rel=\"noopener\"><img loading=\"lazy\" decoding=\"async\" class=\"aligncenter wp-image-15372 size-medium\" src=\"http:\/\/www.pr-neu.de\/newsroom\/wordpress\/wp-content\/uploads\/2022\/11\/22-03_Verobard_Montage_K-300x200.jpg\" alt=\"\" width=\"300\" height=\"200\" srcset=\"https:\/\/www.pr-neu.de\/newsroom\/wordpress\/wp-content\/uploads\/2022\/11\/22-03_Verobard_Montage_K-300x200.jpg 300w, https:\/\/www.pr-neu.de\/newsroom\/wordpress\/wp-content\/uploads\/2022\/11\/22-03_Verobard_Montage_K-1024x683.jpg 1024w, https:\/\/www.pr-neu.de\/newsroom\/wordpress\/wp-content\/uploads\/2022\/11\/22-03_Verobard_Montage_K-768x512.jpg 768w, https:\/\/www.pr-neu.de\/newsroom\/wordpress\/wp-content\/uploads\/2022\/11\/22-03_Verobard_Montage_K-1536x1024.jpg 1536w, https:\/\/www.pr-neu.de\/newsroom\/wordpress\/wp-content\/uploads\/2022\/11\/22-03_Verobard_Montage_K-2048x1365.jpg 2048w, https:\/\/www.pr-neu.de\/newsroom\/wordpress\/wp-content\/uploads\/2022\/11\/22-03_Verobard_Montage_K-110x73.jpg 110w, https:\/\/www.pr-neu.de\/newsroom\/wordpress\/wp-content\/uploads\/2022\/11\/22-03_Verobard_Montage_K-420x280.jpg 420w, https:\/\/www.pr-neu.de\/newsroom\/wordpress\/wp-content\/uploads\/2022\/11\/22-03_Verobard_Montage_K-645x430.jpg 645w\" sizes=\"auto, (max-width: 300px) 100vw, 300px\" \/><\/a><br \/>\nEinfach montiert: Wer seine Kellerw\u00e4nde von innen mit einer leicht w\u00e4rmed\u00e4mmenden Leichtbauplatte verkleidet, schafft behagliche R\u00e4ume auch im Untergeschoss.<br \/>\nFoto: Verotec<\/p>\n<p>&nbsp;<\/p>\n<p style=\"text-align: center;\"><a href=\"http:\/\/www.pr-neu.de\/newsroom\/wordpress\/wp-content\/uploads\/2022\/11\/22-03_Wohngesund_G-scaled.jpg\" target=\"_blank\" rel=\"noopener\"><img loading=\"lazy\" decoding=\"async\" class=\"aligncenter wp-image-15367 size-medium\" src=\"http:\/\/www.pr-neu.de\/newsroom\/wordpress\/wp-content\/uploads\/2022\/11\/22-03_Wohngesund_G-300x155.jpg\" alt=\"\" width=\"300\" height=\"155\" srcset=\"https:\/\/www.pr-neu.de\/newsroom\/wordpress\/wp-content\/uploads\/2022\/11\/22-03_Wohngesund_G-300x155.jpg 300w, https:\/\/www.pr-neu.de\/newsroom\/wordpress\/wp-content\/uploads\/2022\/11\/22-03_Wohngesund_G-1024x528.jpg 1024w, https:\/\/www.pr-neu.de\/newsroom\/wordpress\/wp-content\/uploads\/2022\/11\/22-03_Wohngesund_G-768x396.jpg 768w, https:\/\/www.pr-neu.de\/newsroom\/wordpress\/wp-content\/uploads\/2022\/11\/22-03_Wohngesund_G-1536x793.jpg 1536w, https:\/\/www.pr-neu.de\/newsroom\/wordpress\/wp-content\/uploads\/2022\/11\/22-03_Wohngesund_G-2048x1057.jpg 2048w, https:\/\/www.pr-neu.de\/newsroom\/wordpress\/wp-content\/uploads\/2022\/11\/22-03_Wohngesund_G-110x57.jpg 110w, https:\/\/www.pr-neu.de\/newsroom\/wordpress\/wp-content\/uploads\/2022\/11\/22-03_Wohngesund_G-420x217.jpg 420w, https:\/\/www.pr-neu.de\/newsroom\/wordpress\/wp-content\/uploads\/2022\/11\/22-03_Wohngesund_G-770x397.jpg 770w\" sizes=\"auto, (max-width: 300px) 100vw, 300px\" \/><\/a><br \/>\nEin Plus an Behaglichkeit: Warme Wandoberfl\u00e4chen sorgen f\u00fcr ein angenehmes Raumklima.<br \/>\nFoto: Verotec<\/p>\n<p>&nbsp;<\/p>\n<p style=\"text-align: center;\"><a href=\"http:\/\/www.pr-neu.de\/newsroom\/wordpress\/wp-content\/uploads\/2022\/11\/22-03_Veroboard_Schnellbauschrauber_G-scaled.jpg\" target=\"_blank\" rel=\"noopener\"><img loading=\"lazy\" decoding=\"async\" class=\"aligncenter wp-image-15366 size-medium\" src=\"http:\/\/www.pr-neu.de\/newsroom\/wordpress\/wp-content\/uploads\/2022\/11\/22-03_Veroboard_Schnellbauschrauber_G-300x200.jpg\" alt=\"\" width=\"300\" height=\"200\" srcset=\"https:\/\/www.pr-neu.de\/newsroom\/wordpress\/wp-content\/uploads\/2022\/11\/22-03_Veroboard_Schnellbauschrauber_G-300x200.jpg 300w, https:\/\/www.pr-neu.de\/newsroom\/wordpress\/wp-content\/uploads\/2022\/11\/22-03_Veroboard_Schnellbauschrauber_G-1024x683.jpg 1024w, https:\/\/www.pr-neu.de\/newsroom\/wordpress\/wp-content\/uploads\/2022\/11\/22-03_Veroboard_Schnellbauschrauber_G-768x512.jpg 768w, https:\/\/www.pr-neu.de\/newsroom\/wordpress\/wp-content\/uploads\/2022\/11\/22-03_Veroboard_Schnellbauschrauber_G-1536x1024.jpg 1536w, https:\/\/www.pr-neu.de\/newsroom\/wordpress\/wp-content\/uploads\/2022\/11\/22-03_Veroboard_Schnellbauschrauber_G-2048x1366.jpg 2048w, https:\/\/www.pr-neu.de\/newsroom\/wordpress\/wp-content\/uploads\/2022\/11\/22-03_Veroboard_Schnellbauschrauber_G-110x73.jpg 110w, https:\/\/www.pr-neu.de\/newsroom\/wordpress\/wp-content\/uploads\/2022\/11\/22-03_Veroboard_Schnellbauschrauber_G-420x280.jpg 420w, https:\/\/www.pr-neu.de\/newsroom\/wordpress\/wp-content\/uploads\/2022\/11\/22-03_Veroboard_Schnellbauschrauber_G-645x430.jpg 645w\" sizes=\"auto, (max-width: 300px) 100vw, 300px\" \/><\/a><br \/>\nAuch bislang leerstehende Dachkammern werden mit leichten Bauplatten schnell und einfach zum Arbeits- und Aufenthaltsraum.<br \/>\nFoto: Verotec<\/p>\n<p>&nbsp;<\/p>\n<p style=\"text-align: center;\"><a href=\"http:\/\/www.pr-neu.de\/newsroom\/wordpress\/wp-content\/uploads\/2022\/11\/22-03_Dachschraege_G-scaled.jpg\" target=\"_blank\" rel=\"noopener\"><img loading=\"lazy\" decoding=\"async\" class=\"aligncenter wp-image-15368 size-medium\" src=\"http:\/\/www.pr-neu.de\/newsroom\/wordpress\/wp-content\/uploads\/2022\/11\/22-03_Dachschraege_G-225x300.jpg\" alt=\"\" width=\"225\" height=\"300\" srcset=\"https:\/\/www.pr-neu.de\/newsroom\/wordpress\/wp-content\/uploads\/2022\/11\/22-03_Dachschraege_G-225x300.jpg 225w, https:\/\/www.pr-neu.de\/newsroom\/wordpress\/wp-content\/uploads\/2022\/11\/22-03_Dachschraege_G-768x1024.jpg 768w, https:\/\/www.pr-neu.de\/newsroom\/wordpress\/wp-content\/uploads\/2022\/11\/22-03_Dachschraege_G-1152x1536.jpg 1152w, https:\/\/www.pr-neu.de\/newsroom\/wordpress\/wp-content\/uploads\/2022\/11\/22-03_Dachschraege_G-1536x2048.jpg 1536w, https:\/\/www.pr-neu.de\/newsroom\/wordpress\/wp-content\/uploads\/2022\/11\/22-03_Dachschraege_G-83x110.jpg 83w, https:\/\/www.pr-neu.de\/newsroom\/wordpress\/wp-content\/uploads\/2022\/11\/22-03_Dachschraege_G-315x420.jpg 315w, https:\/\/www.pr-neu.de\/newsroom\/wordpress\/wp-content\/uploads\/2022\/11\/22-03_Dachschraege_G-323x430.jpg 323w, https:\/\/www.pr-neu.de\/newsroom\/wordpress\/wp-content\/uploads\/2022\/11\/22-03_Dachschraege_G-scaled.jpg 1920w\" sizes=\"auto, (max-width: 225px) 100vw, 225px\" \/><\/a><\/p>\n<p style=\"text-align: center;\"><a href=\"http:\/\/www.pr-neu.de\/newsroom\/wordpress\/wp-content\/uploads\/2022\/11\/22-03_Sportraum_G-scaled.jpg\" target=\"_blank\" rel=\"noopener\"><img loading=\"lazy\" decoding=\"async\" class=\"aligncenter wp-image-15369 size-medium\" src=\"http:\/\/www.pr-neu.de\/newsroom\/wordpress\/wp-content\/uploads\/2022\/11\/22-03_Sportraum_G-300x200.jpg\" alt=\"\" width=\"300\" height=\"200\" srcset=\"https:\/\/www.pr-neu.de\/newsroom\/wordpress\/wp-content\/uploads\/2022\/11\/22-03_Sportraum_G-300x200.jpg 300w, https:\/\/www.pr-neu.de\/newsroom\/wordpress\/wp-content\/uploads\/2022\/11\/22-03_Sportraum_G-1024x683.jpg 1024w, https:\/\/www.pr-neu.de\/newsroom\/wordpress\/wp-content\/uploads\/2022\/11\/22-03_Sportraum_G-768x512.jpg 768w, https:\/\/www.pr-neu.de\/newsroom\/wordpress\/wp-content\/uploads\/2022\/11\/22-03_Sportraum_G-1536x1024.jpg 1536w, https:\/\/www.pr-neu.de\/newsroom\/wordpress\/wp-content\/uploads\/2022\/11\/22-03_Sportraum_G-2048x1365.jpg 2048w, https:\/\/www.pr-neu.de\/newsroom\/wordpress\/wp-content\/uploads\/2022\/11\/22-03_Sportraum_G-110x73.jpg 110w, https:\/\/www.pr-neu.de\/newsroom\/wordpress\/wp-content\/uploads\/2022\/11\/22-03_Sportraum_G-420x280.jpg 420w, https:\/\/www.pr-neu.de\/newsroom\/wordpress\/wp-content\/uploads\/2022\/11\/22-03_Sportraum_G-645x430.jpg 645w\" sizes=\"auto, (max-width: 300px) 100vw, 300px\" \/><\/a><br \/>\nVom leerstehenden Speicher zum Arbeits- und Sportraum: Vorhandene R\u00e4ume bestm\u00f6glich zu nutzen statt neu zu bauen, ist sinnvoller denn je.<br \/>\nFotos: Verotec<\/p>\n<p>&nbsp;<\/p>\n<p style=\"text-align: center;\"><a href=\"http:\/\/www.pr-neu.de\/newsroom\/wordpress\/wp-content\/uploads\/2022\/11\/22-03_Verobard_Keller_1_G-scaled.jpg\" target=\"_blank\" rel=\"noopener\"><img loading=\"lazy\" decoding=\"async\" class=\"aligncenter wp-image-15370 size-medium\" src=\"http:\/\/www.pr-neu.de\/newsroom\/wordpress\/wp-content\/uploads\/2022\/11\/22-03_Verobard_Keller_1_G-200x300.jpg\" alt=\"\" width=\"200\" height=\"300\" srcset=\"https:\/\/www.pr-neu.de\/newsroom\/wordpress\/wp-content\/uploads\/2022\/11\/22-03_Verobard_Keller_1_G-200x300.jpg 200w, https:\/\/www.pr-neu.de\/newsroom\/wordpress\/wp-content\/uploads\/2022\/11\/22-03_Verobard_Keller_1_G-683x1024.jpg 683w, https:\/\/www.pr-neu.de\/newsroom\/wordpress\/wp-content\/uploads\/2022\/11\/22-03_Verobard_Keller_1_G-768x1152.jpg 768w, https:\/\/www.pr-neu.de\/newsroom\/wordpress\/wp-content\/uploads\/2022\/11\/22-03_Verobard_Keller_1_G-1024x1536.jpg 1024w, https:\/\/www.pr-neu.de\/newsroom\/wordpress\/wp-content\/uploads\/2022\/11\/22-03_Verobard_Keller_1_G-1365x2048.jpg 1365w, https:\/\/www.pr-neu.de\/newsroom\/wordpress\/wp-content\/uploads\/2022\/11\/22-03_Verobard_Keller_1_G-73x110.jpg 73w, https:\/\/www.pr-neu.de\/newsroom\/wordpress\/wp-content\/uploads\/2022\/11\/22-03_Verobard_Keller_1_G-280x420.jpg 280w, https:\/\/www.pr-neu.de\/newsroom\/wordpress\/wp-content\/uploads\/2022\/11\/22-03_Verobard_Keller_1_G-287x430.jpg 287w, https:\/\/www.pr-neu.de\/newsroom\/wordpress\/wp-content\/uploads\/2022\/11\/22-03_Verobard_Keller_1_G-scaled.jpg 1707w\" sizes=\"auto, (max-width: 200px) 100vw, 200px\" \/><\/a><\/p>\n<p style=\"text-align: center;\"><a href=\"http:\/\/www.pr-neu.de\/newsroom\/wordpress\/wp-content\/uploads\/2022\/11\/22-03_Verobard_Keller_2_G-scaled.jpg\" target=\"_blank\" rel=\"noopener\"><img loading=\"lazy\" decoding=\"async\" class=\"aligncenter wp-image-15371 size-medium\" src=\"http:\/\/www.pr-neu.de\/newsroom\/wordpress\/wp-content\/uploads\/2022\/11\/22-03_Verobard_Keller_2_G-300x300.jpg\" alt=\"\" width=\"300\" height=\"300\" srcset=\"https:\/\/www.pr-neu.de\/newsroom\/wordpress\/wp-content\/uploads\/2022\/11\/22-03_Verobard_Keller_2_G-300x300.jpg 300w, https:\/\/www.pr-neu.de\/newsroom\/wordpress\/wp-content\/uploads\/2022\/11\/22-03_Verobard_Keller_2_G-1024x1024.jpg 1024w, https:\/\/www.pr-neu.de\/newsroom\/wordpress\/wp-content\/uploads\/2022\/11\/22-03_Verobard_Keller_2_G-150x150.jpg 150w, https:\/\/www.pr-neu.de\/newsroom\/wordpress\/wp-content\/uploads\/2022\/11\/22-03_Verobard_Keller_2_G-768x768.jpg 768w, https:\/\/www.pr-neu.de\/newsroom\/wordpress\/wp-content\/uploads\/2022\/11\/22-03_Verobard_Keller_2_G-1536x1536.jpg 1536w, https:\/\/www.pr-neu.de\/newsroom\/wordpress\/wp-content\/uploads\/2022\/11\/22-03_Verobard_Keller_2_G-2048x2048.jpg 2048w, https:\/\/www.pr-neu.de\/newsroom\/wordpress\/wp-content\/uploads\/2022\/11\/22-03_Verobard_Keller_2_G-250x250.jpg 250w, https:\/\/www.pr-neu.de\/newsroom\/wordpress\/wp-content\/uploads\/2022\/11\/22-03_Verobard_Keller_2_G-125x125.jpg 125w, https:\/\/www.pr-neu.de\/newsroom\/wordpress\/wp-content\/uploads\/2022\/11\/22-03_Verobard_Keller_2_G-110x110.jpg 110w, https:\/\/www.pr-neu.de\/newsroom\/wordpress\/wp-content\/uploads\/2022\/11\/22-03_Verobard_Keller_2_G-420x420.jpg 420w, https:\/\/www.pr-neu.de\/newsroom\/wordpress\/wp-content\/uploads\/2022\/11\/22-03_Verobard_Keller_2_G-430x430.jpg 430w\" sizes=\"auto, (max-width: 300px) 100vw, 300px\" \/><\/a><br \/>\nUmbau selbstgemacht: In Zeiten des Fachhandwerkermangels k\u00f6nnen Bauprojekte mit den passenden Baumaterialien leicht in Eigenregie realisiert werden.<br \/>\nFotos: Verotec<\/p>\n<p>&nbsp;<\/p>\n<hr \/>\n<p>&nbsp;<\/p>\n<p><strong>Hintergrund:<\/strong><br \/>\n<strong>Verotec<\/strong> (Lauingen\/Donau), bekannt als Hersteller von Systemen f\u00fcr vorgeh\u00e4ngte, hinterl\u00fcftete Fassaden und Akustik, ist Teil der Sto Group, agiert seit 2014 eigenst\u00e4ndig \u2013 mit eigenem Vertrieb, in neuen M\u00e4rkten. Die hochwertigen Leichtbauplatten aus Bl\u00e4hglas und Verolith\u00ae sind im Industrievertrieb und \u00fcber den Fach- und Einzelhandel erh\u00e4ltlich. Weitere Verotec-Produkte und Infos \u00fcber Verotec unter www.verotec.de.<br \/>\n<strong>VeroBoard\u00ae Rapid<\/strong> ist die Verotec-Eigenmarke f\u00fcr Leichtbauprodukte im DIY. Das Sortiment besteht aus der diffusionsoffenen Leichtbauplatte VeroBoard\u00ae Rapid und dem gleichnamigen mineralisch basierten Gl\u00e4ttspachtel. Die Allround-Leichtbauplatte besteht zu 96 Prozent aus recyceltem Altglas (Bl\u00e4hglas) und ist damit unabh\u00e4ngig von knappen Rohstoffquellen. Sie ist besonders leicht (5 kg\/m\u00b2), schnell und einfach zu verarbeiten, in Innenr\u00e4umen, Feuchtr\u00e4umen und auch au\u00dfen einsetzbar und deshalb besonders bei Heimwerkern beliebt. Emissionsarm und diffusionsoffen tr\u00e4gt sie zu einem gesunden und behaglichen Raumklima bei und verbessert die Energiebilanz.<br \/>\nSortiment:<br \/>\n\u2022 VeroBoard\u00ae Rapid Leichtbauplatte 80 x 120 cm:<br \/>\nf\u00fcr die handliche Solo-Verarbeitung<br \/>\n\u2022 VeroBoard\u00ae Rapid Leichtbauplatte 120 x 240 cm:<br \/>\nf\u00fcr den gro\u00dffl\u00e4chigen Einsatz<br \/>\n\u2022 VeroBoard\u00ae Rapid Silikat-Spachtel, 10l verarbeitungsfertig:<br \/>\nzum fl\u00e4chigen Gl\u00e4tten von VeroBoard-Rapid Oberfl\u00e4chen und W\u00e4nden.<br \/>\nWeitere Infos unter www.veroboard-rapid.de<\/p>\n<p>&nbsp;<\/p>\n<hr \/>\n<p>&nbsp;<\/p>\n<p>Abdruck honorarfrei, Belegexemplar erbeten<\/p>\n","protected":false},"excerpt":{"rendered":"<p>Brachliegende R\u00e4ume nutzbar machen: Mehr Behaglichkeit durch DIY-Innenausbau<\/p>\n","protected":false},"author":9,"featured_media":15371,"comment_status":"closed","ping_status":"open","sticky":false,"template":"","format":"standard","meta":{"footnotes":""},"categories":[22],"tags":[1973,2177,1721,2171,2173,2169,2175,2179,2167,1727,430,439,2165,2163,617],"class_list":["post-15365","post","type-post","status-publish","format-standard","has-post-thumbnail","hentry","category-verotec","tag-altbau","tag-dachboden","tag-decke","tag-diy","tag-do-it-yourself","tag-heimwerker","tag-innenausbau","tag-keller","tag-leichtbau","tag-platten","tag-renovierung","tag-sanierung","tag-veroboard","tag-verotec","tag-wand"],"_links":{"self":[{"href":"https:\/\/www.pr-neu.de\/newsroom\/wp-json\/wp\/v2\/posts\/15365","targetHints":{"allow":["GET"]}}],"collection":[{"href":"https:\/\/www.pr-neu.de\/newsroom\/wp-json\/wp\/v2\/posts"}],"about":[{"href":"https:\/\/www.pr-neu.de\/newsroom\/wp-json\/wp\/v2\/types\/post"}],"author":[{"embeddable":true,"href":"https:\/\/www.pr-neu.de\/newsroom\/wp-json\/wp\/v2\/users\/9"}],"replies":[{"embeddable":true,"href":"https:\/\/www.pr-neu.de\/newsroom\/wp-json\/wp\/v2\/comments?post=15365"}],"version-history":[{"count":4,"href":"https:\/\/www.pr-neu.de\/newsroom\/wp-json\/wp\/v2\/posts\/15365\/revisions"}],"predecessor-version":[{"id":15377,"href":"https:\/\/www.pr-neu.de\/newsroom\/wp-json\/wp\/v2\/posts\/15365\/revisions\/15377"}],"wp:featuredmedia":[{"embeddable":true,"href":"https:\/\/www.pr-neu.de\/newsroom\/wp-json\/wp\/v2\/media\/15371"}],"wp:attachment":[{"href":"https:\/\/www.pr-neu.de\/newsroom\/wp-json\/wp\/v2\/media?parent=15365"}],"wp:term":[{"taxonomy":"category","embeddable":true,"href":"https:\/\/www.pr-neu.de\/newsroom\/wp-json\/wp\/v2\/categories?post=15365"},{"taxonomy":"post_tag","embeddable":true,"href":"https:\/\/www.pr-neu.de\/newsroom\/wp-json\/wp\/v2\/tags?post=15365"}],"curies":[{"name":"wp","href":"https:\/\/api.w.org\/{rel}","templated":true}]}}