{"id":15362,"date":"2022-11-09T09:15:47","date_gmt":"2022-11-09T08:15:47","guid":{"rendered":"https:\/\/www.pr-neu.de\/newsroom\/?p=15362"},"modified":"2022-11-10T09:19:09","modified_gmt":"2022-11-10T08:19:09","slug":"geplant-und-montiert","status":"publish","type":"post","link":"https:\/\/www.pr-neu.de\/newsroom\/geplant-und-montiert\/","title":{"rendered":"Geplant und montiert"},"content":{"rendered":"<p><u>Praxisnah: Seminare von TS-Aluminium im Januar und Februar 2023<\/u><\/p>\n<p><strong>Als Partner des Handwerks teilt TS-Aluminium regelm\u00e4\u00dfig sein Fachwissen rund um die Themen Sommergarten-, Wintergarten- und Terrassendachbau. So auch im Januar und Februar 2023. Der f\u00fchrende Profil-Hersteller veranstaltet an acht Terminen Seminare in Gro\u00dfefehn und Burgst\u00e4dt \u2013 jeweils zugeschnitten auf die Anforderungen von Planern beziehungsweise Monteuren.<\/strong><\/p>\n<p>Das Seminar f\u00fcr Planer umfasst Grundlagen zur Planung von Sommerg\u00e4rten, Winterg\u00e4rten und Terrassend\u00e4chern, inklusive hilfreicher Tools wie dem Online-Konfigurator und der Konstruktionssoftware WiGaCAD. Neben der Schneelastermittlung und Profilauswahl erfahren Planer alles Wichtige \u00fcber unter anderem Befestigungstechniken und thermische Einschnitte. Der Workshop f\u00fcr Montage-Teams vermittelt kompaktes Wissen zum fachgerechten Bau der Profil-Konstruktionen. Dabei kombiniert TS-Aluminium theoretische Grundlagen in Statik, L\u00fcftung und W\u00e4rmeschutz mit der Montage in der Praxis.<\/p>\n<p>Teilnahmegeb\u00fchr: 98 Euro zzgl. MwSt.<br \/>\nAnmeldung unter <a href=\"https:\/\/www.ts-alu.de\/servicebereich\/ts-seminare.html\" target=\"_blank\" rel=\"noopener\">www.ts-alu.de\/servicebereich\/ts-seminare.html<\/a><\/p>\n<p>&nbsp;<\/p>\n<hr \/>\n<p>&nbsp;<\/p>\n<p><strong>Die Seminar-Termine<\/strong><\/p>\n<p><strong>TS Seminar Planung 2023 f\u00fcr Winterg\u00e4rten, Sommerg\u00e4rten und Terrassend\u00e4cher<\/strong><br \/>\nDonnerstag, den 12.01.2023 in Gro\u00dfefehn<br \/>\nDonnerstag, den 19.01.2023 in Gro\u00dfefehn<br \/>\nDienstag, den 21.02.2023 in Burgst\u00e4dt<br \/>\nDonnerstag, den 23.02.2023 in Burgst\u00e4dt<\/p>\n<p><strong>TS Seminar Montage 2022 f\u00fcr Winterg\u00e4rten, Sommerg\u00e4rten und Terrassend\u00e4cher<\/strong><br \/>\nFreitag, den 13.01.2023 in Gro\u00dfefehn<br \/>\nFreitag, den 20.01.2023 in Gro\u00dfefehn<br \/>\nMittwoch, den 22.02.2023 in Burgst\u00e4dt<br \/>\nFreitag, den 24.02.2023 in Burgst\u00e4dt<\/p>\n","protected":false},"excerpt":{"rendered":"<p>Als Partner des Handwerks teilt TS-Aluminium regelm\u00e4\u00dfig sein Fachwissen rund um die Themen Sommergarten-, Wintergarten- und Terrassendachbau. So auch im Januar und Februar 2023.<\/p>\n","protected":false},"author":10,"featured_media":13939,"comment_status":"closed","ping_status":"open","sticky":false,"template":"","format":"standard","meta":{"footnotes":""},"categories":[1761],"tags":[2159,2161,398,461,1893,1895,1793,1637,635,641],"class_list":["post-15362","post","type-post","status-publish","format-standard","has-post-thumbnail","hentry","category-ts-aluminium","tag-fachwissung","tag-monteure","tag-planer","tag-seminar","tag-sommergarten","tag-terrassendach","tag-ts-aluminium","tag-weiterbildung","tag-wintergarten","tag-workshop"],"_links":{"self":[{"href":"https:\/\/www.pr-neu.de\/newsroom\/wp-json\/wp\/v2\/posts\/15362","targetHints":{"allow":["GET"]}}],"collection":[{"href":"https:\/\/www.pr-neu.de\/newsroom\/wp-json\/wp\/v2\/posts"}],"about":[{"href":"https:\/\/www.pr-neu.de\/newsroom\/wp-json\/wp\/v2\/types\/post"}],"author":[{"embeddable":true,"href":"https:\/\/www.pr-neu.de\/newsroom\/wp-json\/wp\/v2\/users\/10"}],"replies":[{"embeddable":true,"href":"https:\/\/www.pr-neu.de\/newsroom\/wp-json\/wp\/v2\/comments?post=15362"}],"version-history":[{"count":2,"href":"https:\/\/www.pr-neu.de\/newsroom\/wp-json\/wp\/v2\/posts\/15362\/revisions"}],"predecessor-version":[{"id":15364,"href":"https:\/\/www.pr-neu.de\/newsroom\/wp-json\/wp\/v2\/posts\/15362\/revisions\/15364"}],"wp:featuredmedia":[{"embeddable":true,"href":"https:\/\/www.pr-neu.de\/newsroom\/wp-json\/wp\/v2\/media\/13939"}],"wp:attachment":[{"href":"https:\/\/www.pr-neu.de\/newsroom\/wp-json\/wp\/v2\/media?parent=15362"}],"wp:term":[{"taxonomy":"category","embeddable":true,"href":"https:\/\/www.pr-neu.de\/newsroom\/wp-json\/wp\/v2\/categories?post=15362"},{"taxonomy":"post_tag","embeddable":true,"href":"https:\/\/www.pr-neu.de\/newsroom\/wp-json\/wp\/v2\/tags?post=15362"}],"curies":[{"name":"wp","href":"https:\/\/api.w.org\/{rel}","templated":true}]}}