{"id":15334,"date":"2022-11-03T15:28:12","date_gmt":"2022-11-03T14:28:12","guid":{"rendered":"https:\/\/www.pr-neu.de\/newsroom\/?p=15334"},"modified":"2022-11-03T15:41:37","modified_gmt":"2022-11-03T14:41:37","slug":"montageanleitung-hannoband-3e-easy","status":"publish","type":"post","link":"https:\/\/www.pr-neu.de\/newsroom\/montageanleitung-hannoband-3e-easy\/","title":{"rendered":"Das \u201eBand f\u00fcr alle F\u00e4lle\u201c richtig anbringen"},"content":{"rendered":"<p><u>Montageanleitung: Hannoband-3E Easy<\/u><\/p>\n<p><strong>Das neue Hannoband-3E Easy dichtet Fugen rund ums Fenster schnell, einfach und normgerecht ab. Weil das Band des Dicht- und D\u00e4mmspezialisten Hanno sowohl MF1- als auch MF2-Anforderungen entspricht, eignet es sich f\u00fcr ein breites Einsatzspektrum. Zudem sparen Verarbeiter Zeit und Kosten: Durch die verschiedenen Bandbreiten und -st\u00e4rken lassen sich unterschiedlichste Fugenbreiten (MF1: 5 bis 35 Millimeter, MF2: 5 bis 40 Millimeter) und Fensterprofilst\u00e4rken abdichten und Lagerkosten reduzieren. Dank seiner neutralen Laufrichtung l\u00e4sst sich das selbstklebende Band schnell, einfach und richtungsunabh\u00e4ngig verarbeiten \u2013 wie folgende Schritt-f\u00fcr-Schritt Anleitung zeigt.<\/strong><\/p>\n<p>&nbsp;<\/p>\n<p><strong>Schritt 1: Vorbereitung<\/strong><\/p>\n<div id='gallery-1' class='gallery galleryid-15334 gallery-columns-2 gallery-size-thumbnail'><figure class='gallery-item'>\n\t\t\t<div class='gallery-icon landscape'>\n\t\t\t\t<a href='https:\/\/www.pr-neu.de\/newsroom\/wordpress\/wp-content\/uploads\/2022\/11\/22-20_Bild_1a_G-scaled.jpg'><img loading=\"lazy\" decoding=\"async\" width=\"150\" height=\"150\" src=\"https:\/\/www.pr-neu.de\/newsroom\/wordpress\/wp-content\/uploads\/2022\/11\/22-20_Bild_1a_G-150x150.jpg\" class=\"attachment-thumbnail size-thumbnail\" alt=\"\" aria-describedby=\"gallery-1-15335\" srcset=\"https:\/\/www.pr-neu.de\/newsroom\/wordpress\/wp-content\/uploads\/2022\/11\/22-20_Bild_1a_G-150x150.jpg 150w, https:\/\/www.pr-neu.de\/newsroom\/wordpress\/wp-content\/uploads\/2022\/11\/22-20_Bild_1a_G-250x250.jpg 250w, https:\/\/www.pr-neu.de\/newsroom\/wordpress\/wp-content\/uploads\/2022\/11\/22-20_Bild_1a_G-125x125.jpg 125w, https:\/\/www.pr-neu.de\/newsroom\/wordpress\/wp-content\/uploads\/2022\/11\/22-20_Bild_1a_G-110x110.jpg 110w, https:\/\/www.pr-neu.de\/newsroom\/wordpress\/wp-content\/uploads\/2022\/11\/22-20_Bild_1a_G-420x420.jpg 420w\" sizes=\"auto, (max-width: 150px) 100vw, 150px\" \/><\/a>\n\t\t\t<\/div>\n\t\t\t\t<figcaption class='wp-caption-text gallery-caption' id='gallery-1-15335'>\n\t\t\t\t1a\n\t\t\t\t<\/figcaption><\/figure><figure class='gallery-item'>\n\t\t\t<div class='gallery-icon landscape'>\n\t\t\t\t<a href='https:\/\/www.pr-neu.de\/newsroom\/wordpress\/wp-content\/uploads\/2022\/11\/22-20_Bild_1b_G-scaled.jpg'><img loading=\"lazy\" decoding=\"async\" width=\"150\" height=\"150\" src=\"https:\/\/www.pr-neu.de\/newsroom\/wordpress\/wp-content\/uploads\/2022\/11\/22-20_Bild_1b_G-150x150.jpg\" class=\"attachment-thumbnail size-thumbnail\" alt=\"\" aria-describedby=\"gallery-1-15336\" srcset=\"https:\/\/www.pr-neu.de\/newsroom\/wordpress\/wp-content\/uploads\/2022\/11\/22-20_Bild_1b_G-150x150.jpg 150w, https:\/\/www.pr-neu.de\/newsroom\/wordpress\/wp-content\/uploads\/2022\/11\/22-20_Bild_1b_G-250x250.jpg 250w, https:\/\/www.pr-neu.de\/newsroom\/wordpress\/wp-content\/uploads\/2022\/11\/22-20_Bild_1b_G-125x125.jpg 125w, https:\/\/www.pr-neu.de\/newsroom\/wordpress\/wp-content\/uploads\/2022\/11\/22-20_Bild_1b_G-110x110.jpg 110w, https:\/\/www.pr-neu.de\/newsroom\/wordpress\/wp-content\/uploads\/2022\/11\/22-20_Bild_1b_G-420x420.jpg 420w\" sizes=\"auto, (max-width: 150px) 100vw, 150px\" \/><\/a>\n\t\t\t<\/div>\n\t\t\t\t<figcaption class='wp-caption-text gallery-caption' id='gallery-1-15336'>\n\t\t\t\t1b\n\t\t\t\t<\/figcaption><\/figure>\n\t\t<\/div>\n\n<p>Die Fugenbreite zwischen Rahmen und Fenster\u00f6ffnung zun\u00e4chst messen. Vergewissern Sie sich, dass die Untergr\u00fcnde und Pressfl\u00e4chen eben sind und entfernen Sie gegebenenfalls Verunreinigungen wie M\u00f6rtelreste. Die Vorgaben f\u00fcr die Fugenbreiten d\u00fcrfen auch bei Unebenheiten nicht \u00fcber- und unterschritten werden. Die Fugenflanken sollten weitgehend parallel verlaufen, gegebenenfalls sind diese glatt zu streichen und zu reprofilieren. Die ersten drei Zentimeter der Rolle abschneiden und den Abdeckstreifen entfernen.<\/p>\n<p><strong>Schritt 2: Das Band anbringen<\/strong><\/p>\n<div id='gallery-2' class='gallery galleryid-15334 gallery-columns-2 gallery-size-thumbnail'><figure class='gallery-item'>\n\t\t\t<div class='gallery-icon landscape'>\n\t\t\t\t<a href='https:\/\/www.pr-neu.de\/newsroom\/wordpress\/wp-content\/uploads\/2022\/11\/22-20_Bild_2a_G-scaled.jpg'><img loading=\"lazy\" decoding=\"async\" width=\"150\" height=\"150\" src=\"https:\/\/www.pr-neu.de\/newsroom\/wordpress\/wp-content\/uploads\/2022\/11\/22-20_Bild_2a_G-150x150.jpg\" class=\"attachment-thumbnail size-thumbnail\" alt=\"\" aria-describedby=\"gallery-2-15337\" srcset=\"https:\/\/www.pr-neu.de\/newsroom\/wordpress\/wp-content\/uploads\/2022\/11\/22-20_Bild_2a_G-150x150.jpg 150w, https:\/\/www.pr-neu.de\/newsroom\/wordpress\/wp-content\/uploads\/2022\/11\/22-20_Bild_2a_G-250x250.jpg 250w, https:\/\/www.pr-neu.de\/newsroom\/wordpress\/wp-content\/uploads\/2022\/11\/22-20_Bild_2a_G-125x125.jpg 125w, https:\/\/www.pr-neu.de\/newsroom\/wordpress\/wp-content\/uploads\/2022\/11\/22-20_Bild_2a_G-110x110.jpg 110w, https:\/\/www.pr-neu.de\/newsroom\/wordpress\/wp-content\/uploads\/2022\/11\/22-20_Bild_2a_G-420x420.jpg 420w\" sizes=\"auto, (max-width: 150px) 100vw, 150px\" \/><\/a>\n\t\t\t<\/div>\n\t\t\t\t<figcaption class='wp-caption-text gallery-caption' id='gallery-2-15337'>\n\t\t\t\t2a\n\t\t\t\t<\/figcaption><\/figure><figure class='gallery-item'>\n\t\t\t<div class='gallery-icon landscape'>\n\t\t\t\t<a href='https:\/\/www.pr-neu.de\/newsroom\/wordpress\/wp-content\/uploads\/2022\/11\/22-20_Bild_2b_G-scaled.jpg'><img loading=\"lazy\" decoding=\"async\" width=\"150\" height=\"150\" src=\"https:\/\/www.pr-neu.de\/newsroom\/wordpress\/wp-content\/uploads\/2022\/11\/22-20_Bild_2b_G-150x150.jpg\" class=\"attachment-thumbnail size-thumbnail\" alt=\"\" aria-describedby=\"gallery-2-15338\" srcset=\"https:\/\/www.pr-neu.de\/newsroom\/wordpress\/wp-content\/uploads\/2022\/11\/22-20_Bild_2b_G-150x150.jpg 150w, https:\/\/www.pr-neu.de\/newsroom\/wordpress\/wp-content\/uploads\/2022\/11\/22-20_Bild_2b_G-250x250.jpg 250w, https:\/\/www.pr-neu.de\/newsroom\/wordpress\/wp-content\/uploads\/2022\/11\/22-20_Bild_2b_G-125x125.jpg 125w, https:\/\/www.pr-neu.de\/newsroom\/wordpress\/wp-content\/uploads\/2022\/11\/22-20_Bild_2b_G-110x110.jpg 110w, https:\/\/www.pr-neu.de\/newsroom\/wordpress\/wp-content\/uploads\/2022\/11\/22-20_Bild_2b_G-420x420.jpg 420w\" sizes=\"auto, (max-width: 150px) 100vw, 150px\" \/><\/a>\n\t\t\t<\/div>\n\t\t\t\t<figcaption class='wp-caption-text gallery-caption' id='gallery-2-15338'>\n\t\t\t\t2b\n\t\t\t\t<\/figcaption><\/figure>\n\t\t<\/div>\n\n<p>Verarbeiten Sie das Fugendichtband z\u00fcgig. Umgebungs- und Materialtemperatur und das Alter des Bandes wirken sich auf das Aufgehverhalten aus \u2013 je k\u00fchler die Temperatur, desto langsamer die Ausbreitung. Das selbstklebende Band mit der gemessenen Fugenbreite auf den Rahmen kleben und andr\u00fccken. An den Ecken muss das Band um die gemessene Fugenbreite \u00fcberstehen.<\/p>\n<p><strong>Schritt 3: Ausbildung der Abdichtung in den Ecken<\/strong><\/p>\n<div id='gallery-3' class='gallery galleryid-15334 gallery-columns-3 gallery-size-thumbnail'><figure class='gallery-item'>\n\t\t\t<div class='gallery-icon landscape'>\n\t\t\t\t<a href='https:\/\/www.pr-neu.de\/newsroom\/wordpress\/wp-content\/uploads\/2022\/11\/22-20_Bild_3a_G-scaled.jpg'><img loading=\"lazy\" decoding=\"async\" width=\"150\" height=\"150\" src=\"https:\/\/www.pr-neu.de\/newsroom\/wordpress\/wp-content\/uploads\/2022\/11\/22-20_Bild_3a_G-150x150.jpg\" class=\"attachment-thumbnail size-thumbnail\" alt=\"\" aria-describedby=\"gallery-3-15339\" srcset=\"https:\/\/www.pr-neu.de\/newsroom\/wordpress\/wp-content\/uploads\/2022\/11\/22-20_Bild_3a_G-150x150.jpg 150w, https:\/\/www.pr-neu.de\/newsroom\/wordpress\/wp-content\/uploads\/2022\/11\/22-20_Bild_3a_G-250x250.jpg 250w, https:\/\/www.pr-neu.de\/newsroom\/wordpress\/wp-content\/uploads\/2022\/11\/22-20_Bild_3a_G-125x125.jpg 125w, https:\/\/www.pr-neu.de\/newsroom\/wordpress\/wp-content\/uploads\/2022\/11\/22-20_Bild_3a_G-110x110.jpg 110w, https:\/\/www.pr-neu.de\/newsroom\/wordpress\/wp-content\/uploads\/2022\/11\/22-20_Bild_3a_G-420x420.jpg 420w\" sizes=\"auto, (max-width: 150px) 100vw, 150px\" \/><\/a>\n\t\t\t<\/div>\n\t\t\t\t<figcaption class='wp-caption-text gallery-caption' id='gallery-3-15339'>\n\t\t\t\t3a\n\t\t\t\t<\/figcaption><\/figure><figure class='gallery-item'>\n\t\t\t<div class='gallery-icon landscape'>\n\t\t\t\t<a href='https:\/\/www.pr-neu.de\/newsroom\/wordpress\/wp-content\/uploads\/2022\/11\/22-20_Bild_3b_G-scaled.jpg'><img loading=\"lazy\" decoding=\"async\" width=\"150\" height=\"150\" src=\"https:\/\/www.pr-neu.de\/newsroom\/wordpress\/wp-content\/uploads\/2022\/11\/22-20_Bild_3b_G-150x150.jpg\" class=\"attachment-thumbnail size-thumbnail\" alt=\"\" aria-describedby=\"gallery-3-15340\" srcset=\"https:\/\/www.pr-neu.de\/newsroom\/wordpress\/wp-content\/uploads\/2022\/11\/22-20_Bild_3b_G-150x150.jpg 150w, https:\/\/www.pr-neu.de\/newsroom\/wordpress\/wp-content\/uploads\/2022\/11\/22-20_Bild_3b_G-250x250.jpg 250w, https:\/\/www.pr-neu.de\/newsroom\/wordpress\/wp-content\/uploads\/2022\/11\/22-20_Bild_3b_G-125x125.jpg 125w, https:\/\/www.pr-neu.de\/newsroom\/wordpress\/wp-content\/uploads\/2022\/11\/22-20_Bild_3b_G-110x110.jpg 110w, https:\/\/www.pr-neu.de\/newsroom\/wordpress\/wp-content\/uploads\/2022\/11\/22-20_Bild_3b_G-420x420.jpg 420w\" sizes=\"auto, (max-width: 150px) 100vw, 150px\" \/><\/a>\n\t\t\t<\/div>\n\t\t\t\t<figcaption class='wp-caption-text gallery-caption' id='gallery-3-15340'>\n\t\t\t\t3b\n\t\t\t\t<\/figcaption><\/figure><figure class='gallery-item'>\n\t\t\t<div class='gallery-icon portrait'>\n\t\t\t\t<a href='https:\/\/www.pr-neu.de\/newsroom\/wordpress\/wp-content\/uploads\/2022\/11\/22-20_Bild_3c_G-scaled.jpg'><img loading=\"lazy\" decoding=\"async\" width=\"150\" height=\"150\" src=\"https:\/\/www.pr-neu.de\/newsroom\/wordpress\/wp-content\/uploads\/2022\/11\/22-20_Bild_3c_G-150x150.jpg\" class=\"attachment-thumbnail size-thumbnail\" alt=\"\" aria-describedby=\"gallery-3-15341\" srcset=\"https:\/\/www.pr-neu.de\/newsroom\/wordpress\/wp-content\/uploads\/2022\/11\/22-20_Bild_3c_G-150x150.jpg 150w, https:\/\/www.pr-neu.de\/newsroom\/wordpress\/wp-content\/uploads\/2022\/11\/22-20_Bild_3c_G-250x250.jpg 250w, https:\/\/www.pr-neu.de\/newsroom\/wordpress\/wp-content\/uploads\/2022\/11\/22-20_Bild_3c_G-125x125.jpg 125w, https:\/\/www.pr-neu.de\/newsroom\/wordpress\/wp-content\/uploads\/2022\/11\/22-20_Bild_3c_G-110x110.jpg 110w, https:\/\/www.pr-neu.de\/newsroom\/wordpress\/wp-content\/uploads\/2022\/11\/22-20_Bild_3c_G-420x420.jpg 420w\" sizes=\"auto, (max-width: 150px) 100vw, 150px\" \/><\/a>\n\t\t\t<\/div>\n\t\t\t\t<figcaption class='wp-caption-text gallery-caption' id='gallery-3-15341'>\n\t\t\t\t3c\n\t\t\t\t<\/figcaption><\/figure><figure class='gallery-item'>\n\t\t\t<div class='gallery-icon landscape'>\n\t\t\t\t<a href='https:\/\/www.pr-neu.de\/newsroom\/wordpress\/wp-content\/uploads\/2022\/11\/22-20_Bild_3d_G-scaled.jpg'><img loading=\"lazy\" decoding=\"async\" width=\"150\" height=\"150\" src=\"https:\/\/www.pr-neu.de\/newsroom\/wordpress\/wp-content\/uploads\/2022\/11\/22-20_Bild_3d_G-150x150.jpg\" class=\"attachment-thumbnail size-thumbnail\" alt=\"\" aria-describedby=\"gallery-3-15342\" srcset=\"https:\/\/www.pr-neu.de\/newsroom\/wordpress\/wp-content\/uploads\/2022\/11\/22-20_Bild_3d_G-150x150.jpg 150w, https:\/\/www.pr-neu.de\/newsroom\/wordpress\/wp-content\/uploads\/2022\/11\/22-20_Bild_3d_G-250x250.jpg 250w, https:\/\/www.pr-neu.de\/newsroom\/wordpress\/wp-content\/uploads\/2022\/11\/22-20_Bild_3d_G-125x125.jpg 125w, https:\/\/www.pr-neu.de\/newsroom\/wordpress\/wp-content\/uploads\/2022\/11\/22-20_Bild_3d_G-110x110.jpg 110w, https:\/\/www.pr-neu.de\/newsroom\/wordpress\/wp-content\/uploads\/2022\/11\/22-20_Bild_3d_G-420x420.jpg 420w\" sizes=\"auto, (max-width: 150px) 100vw, 150px\" \/><\/a>\n\t\t\t<\/div>\n\t\t\t\t<figcaption class='wp-caption-text gallery-caption' id='gallery-3-15342'>\n\t\t\t\t3d\n\t\t\t\t<\/figcaption><\/figure><figure class='gallery-item'>\n\t\t\t<div class='gallery-icon landscape'>\n\t\t\t\t<a href='https:\/\/www.pr-neu.de\/newsroom\/wordpress\/wp-content\/uploads\/2022\/11\/22-20_Bild_3e_G-scaled.jpg'><img loading=\"lazy\" decoding=\"async\" width=\"150\" height=\"150\" src=\"https:\/\/www.pr-neu.de\/newsroom\/wordpress\/wp-content\/uploads\/2022\/11\/22-20_Bild_3e_G-150x150.jpg\" class=\"attachment-thumbnail size-thumbnail\" alt=\"\" aria-describedby=\"gallery-3-15343\" srcset=\"https:\/\/www.pr-neu.de\/newsroom\/wordpress\/wp-content\/uploads\/2022\/11\/22-20_Bild_3e_G-150x150.jpg 150w, https:\/\/www.pr-neu.de\/newsroom\/wordpress\/wp-content\/uploads\/2022\/11\/22-20_Bild_3e_G-250x250.jpg 250w, https:\/\/www.pr-neu.de\/newsroom\/wordpress\/wp-content\/uploads\/2022\/11\/22-20_Bild_3e_G-125x125.jpg 125w, https:\/\/www.pr-neu.de\/newsroom\/wordpress\/wp-content\/uploads\/2022\/11\/22-20_Bild_3e_G-110x110.jpg 110w, https:\/\/www.pr-neu.de\/newsroom\/wordpress\/wp-content\/uploads\/2022\/11\/22-20_Bild_3e_G-420x420.jpg 420w\" sizes=\"auto, (max-width: 150px) 100vw, 150px\" \/><\/a>\n\t\t\t<\/div>\n\t\t\t\t<figcaption class='wp-caption-text gallery-caption' id='gallery-3-15343'>\n\t\t\t\t3e\n\t\t\t\t<\/figcaption><\/figure>\n\t\t<\/div>\n\n<p>Sto\u00dfen Sie die B\u00e4nder im Eckbereich mit leichtem Druck aneinander, um eine l\u00fcckenlose Abdichtung sicherzustellen. Der \u00dcberstand der durchgehenden B\u00e4nder sollte der gemessenen Fugenbreite entsprechen (siehe Schritt 2). Das vertikal laufende Band wird mit leichter Materialzugabe sauber rechtwinklig abgeschnitten und gesto\u00dfen. Da die Ecken zur Abdichtung vollst\u00e4ndig ausgef\u00fcllt sein m\u00fcssen, darf das Band unter keinen Umst\u00e4nden um die Ecke gelegt werden. Schneiden Sie die B\u00e4nder im Eckbereich in Form des Fensterbankanschlussprofils mit einem Cuttermesser zu.<\/p>\n<p><strong>Schritt 4: Ausrichten, montieren und fixieren<\/strong><\/p>\n<div id='gallery-4' class='gallery galleryid-15334 gallery-columns-2 gallery-size-thumbnail'><figure class='gallery-item'>\n\t\t\t<div class='gallery-icon landscape'>\n\t\t\t\t<a href='https:\/\/www.pr-neu.de\/newsroom\/wordpress\/wp-content\/uploads\/2022\/11\/22-20_Bild_4a_G-scaled.jpg'><img loading=\"lazy\" decoding=\"async\" width=\"150\" height=\"150\" src=\"https:\/\/www.pr-neu.de\/newsroom\/wordpress\/wp-content\/uploads\/2022\/11\/22-20_Bild_4a_G-150x150.jpg\" class=\"attachment-thumbnail size-thumbnail\" alt=\"\" aria-describedby=\"gallery-4-15344\" srcset=\"https:\/\/www.pr-neu.de\/newsroom\/wordpress\/wp-content\/uploads\/2022\/11\/22-20_Bild_4a_G-150x150.jpg 150w, https:\/\/www.pr-neu.de\/newsroom\/wordpress\/wp-content\/uploads\/2022\/11\/22-20_Bild_4a_G-250x250.jpg 250w, https:\/\/www.pr-neu.de\/newsroom\/wordpress\/wp-content\/uploads\/2022\/11\/22-20_Bild_4a_G-125x125.jpg 125w, https:\/\/www.pr-neu.de\/newsroom\/wordpress\/wp-content\/uploads\/2022\/11\/22-20_Bild_4a_G-110x110.jpg 110w, https:\/\/www.pr-neu.de\/newsroom\/wordpress\/wp-content\/uploads\/2022\/11\/22-20_Bild_4a_G-420x420.jpg 420w\" sizes=\"auto, (max-width: 150px) 100vw, 150px\" \/><\/a>\n\t\t\t<\/div>\n\t\t\t\t<figcaption class='wp-caption-text gallery-caption' id='gallery-4-15344'>\n\t\t\t\t4a\n\t\t\t\t<\/figcaption><\/figure><figure class='gallery-item'>\n\t\t\t<div class='gallery-icon landscape'>\n\t\t\t\t<a href='https:\/\/www.pr-neu.de\/newsroom\/wordpress\/wp-content\/uploads\/2022\/11\/22-20_Bild_4b_G-scaled.jpg'><img loading=\"lazy\" decoding=\"async\" width=\"150\" height=\"150\" src=\"https:\/\/www.pr-neu.de\/newsroom\/wordpress\/wp-content\/uploads\/2022\/11\/22-20_Bild_4b_G-150x150.jpg\" class=\"attachment-thumbnail size-thumbnail\" alt=\"\" aria-describedby=\"gallery-4-15345\" srcset=\"https:\/\/www.pr-neu.de\/newsroom\/wordpress\/wp-content\/uploads\/2022\/11\/22-20_Bild_4b_G-150x150.jpg 150w, https:\/\/www.pr-neu.de\/newsroom\/wordpress\/wp-content\/uploads\/2022\/11\/22-20_Bild_4b_G-250x250.jpg 250w, https:\/\/www.pr-neu.de\/newsroom\/wordpress\/wp-content\/uploads\/2022\/11\/22-20_Bild_4b_G-125x125.jpg 125w, https:\/\/www.pr-neu.de\/newsroom\/wordpress\/wp-content\/uploads\/2022\/11\/22-20_Bild_4b_G-110x110.jpg 110w, https:\/\/www.pr-neu.de\/newsroom\/wordpress\/wp-content\/uploads\/2022\/11\/22-20_Bild_4b_G-420x420.jpg 420w\" sizes=\"auto, (max-width: 150px) 100vw, 150px\" \/><\/a>\n\t\t\t<\/div>\n\t\t\t\t<figcaption class='wp-caption-text gallery-caption' id='gallery-4-15345'>\n\t\t\t\t4b\n\t\t\t\t<\/figcaption><\/figure>\n\t\t<\/div>\n\n<p>Richten Sie den Rahmen aus und kippen Sie ihn vorsichtig in die Fenster\u00f6ffnung. Anschlie\u00dfend fixieren und das Fenster einsetzen.<\/p>\n<p>Weitere Infos und das Montagevideo unter www.hanno.com\/multifunktionsbaender\/hannoband-3e-easy<\/p>\n<p>&nbsp;<\/p>\n<p>&nbsp;<\/p>\n<p><em>Alle Bilder: Hanno Werk GmbH &amp; Co. KG<\/em><\/p>\n<p>&nbsp;<\/p>\n<hr \/>\n<p>&nbsp;<\/p>\n<p>Abdruck honorarfrei, Belegexemplar erbeten.<\/p>\n","protected":false},"excerpt":{"rendered":"<p>Dank seiner neutralen Laufrichtung l\u00e4sst sich das selbstklebende Band schnell, einfach und richtungsunabh\u00e4ngig verarbeiten \u2013 wie folgende Schritt-f\u00fcr-Schritt Anleitung zeigt.<\/p>\n","protected":false},"author":10,"featured_media":15339,"comment_status":"closed","ping_status":"open","sticky":false,"template":"","format":"standard","meta":{"footnotes":""},"categories":[655],"tags":[2147,2141,2151,1997,2145,2143,1747,2005,194,1743,2007,1969,2153,2149],"class_list":["post-15334","post","type-post","status-publish","format-standard","has-post-thumbnail","hentry","category-hanno","tag-3e-easy","tag-abdichten","tag-anleitung","tag-band","tag-daemmband","tag-dichtband","tag-dichtung","tag-einbau","tag-fenster","tag-hanno","tag-installation","tag-montage","tag-montageanleitung","tag-praxistipp"],"_links":{"self":[{"href":"https:\/\/www.pr-neu.de\/newsroom\/wp-json\/wp\/v2\/posts\/15334","targetHints":{"allow":["GET"]}}],"collection":[{"href":"https:\/\/www.pr-neu.de\/newsroom\/wp-json\/wp\/v2\/posts"}],"about":[{"href":"https:\/\/www.pr-neu.de\/newsroom\/wp-json\/wp\/v2\/types\/post"}],"author":[{"embeddable":true,"href":"https:\/\/www.pr-neu.de\/newsroom\/wp-json\/wp\/v2\/users\/10"}],"replies":[{"embeddable":true,"href":"https:\/\/www.pr-neu.de\/newsroom\/wp-json\/wp\/v2\/comments?post=15334"}],"version-history":[{"count":7,"href":"https:\/\/www.pr-neu.de\/newsroom\/wp-json\/wp\/v2\/posts\/15334\/revisions"}],"predecessor-version":[{"id":15352,"href":"https:\/\/www.pr-neu.de\/newsroom\/wp-json\/wp\/v2\/posts\/15334\/revisions\/15352"}],"wp:featuredmedia":[{"embeddable":true,"href":"https:\/\/www.pr-neu.de\/newsroom\/wp-json\/wp\/v2\/media\/15339"}],"wp:attachment":[{"href":"https:\/\/www.pr-neu.de\/newsroom\/wp-json\/wp\/v2\/media?parent=15334"}],"wp:term":[{"taxonomy":"category","embeddable":true,"href":"https:\/\/www.pr-neu.de\/newsroom\/wp-json\/wp\/v2\/categories?post=15334"},{"taxonomy":"post_tag","embeddable":true,"href":"https:\/\/www.pr-neu.de\/newsroom\/wp-json\/wp\/v2\/tags?post=15334"}],"curies":[{"name":"wp","href":"https:\/\/api.w.org\/{rel}","templated":true}]}}