{"id":15320,"date":"2022-10-06T11:24:04","date_gmt":"2022-10-06T09:24:04","guid":{"rendered":"https:\/\/www.pr-neu.de\/newsroom\/?p=15320"},"modified":"2022-10-07T09:38:02","modified_gmt":"2022-10-07T07:38:02","slug":"zusammen-auf-der-ueberholspur","status":"publish","type":"post","link":"https:\/\/www.pr-neu.de\/newsroom\/zusammen-auf-der-ueberholspur\/","title":{"rendered":"Zusammen auf der \u00dcberholspur"},"content":{"rendered":"<p><u>\u201eSonne-am-Haus\u201c-Event: Neuheiten, Marketing-Service und frische Impulse<\/u><\/p>\n<p><strong>Gemeinsam f\u00fcr eine runde Sache: Unter diesem Motto kamen 80 Mitglieder des Online-Portals \u201eSonne-am-Haus.de\u201c vom 16. bis 18. September 2022 in Warnem\u00fcnde zusammen. Das erfolgreiche Veranstaltungsformat informierte Fachbetriebe \u00fcber Produktneuheiten und passgenaue Marketing-Ma\u00dfnahmen f\u00fcr den Verkauf von Terrassend\u00e4chern, Sommer- und Winterg\u00e4rten und lud zum Netzwerken ein.<\/strong><\/p>\n<p>Schon seit vielen Jahren unterst\u00fctzt das Internet-Portal \u201eSonne-am-Haus.de\u201c Verarbeiter und H\u00e4ndler im Verkauf von Terrassend\u00e4chern, Sommer- und Winterg\u00e4rten. Mit Erfolg: Schon \u00fcber 130 Betriebe sind Mitglied. Nach zweij\u00e4hriger Corona-Verschiebung fand nun das langersehnte \u201eSonne-am-Haus\u201c-Event vom 16. bis 18. September 2022 in Warnem\u00fcnde statt. Rund 200 G\u00e4ste kamen zusammen, um sich zu informieren, auszutauschen und um gemeinsame Erfolge zu feiern. \u201eWir freuen uns, dass die Veranstaltung so gro\u00dfen Anklang gefunden hat. Das zeigt einmal mehr, wie gro\u00df die \u201eSonne-am-Haus\u201c-Familie bereits ist und dass eine Partnerschaft auf Augenh\u00f6he bei uns gro\u00dfgeschrieben wird\u201c, berichtet Roland Drechsel, Niederlassungsleiter Burgst\u00e4dt von TS-Aluminium.<\/p>\n<p>Neben vielen Gelegenheiten zum Netzwerken hielt die Veranstaltung auch einige \u00dcberraschungen bereit: So wurden in erster Linie aktuelle Ma\u00dfnahmen zur Verkaufsf\u00f6rderung pr\u00e4sentiert. \u201eAls Mitglied von \u201eSonne-am-Haus\u201c profitieren wir in erster Linie von der umfassenden Verkaufserfahrung, aber auch durch den erstklassigen Service. Jedes Mitglied kann frei w\u00e4hlen, inwieweit es in Sachen Marketing von den Profis unterst\u00fctzt werden m\u00f6chte. Das geschieht dann ganz bedarfsgerecht und individuell durch die Auswahl verschiedener Marketing-Pakete \u2013 f\u00fcr uns eine optimale und flexible M\u00f6glichkeit\u201c, erl\u00e4utert Bernd Kentzler, vom Fachbetrieb Lebens(t)raum Terrasse aus Rostock.<\/p>\n<p>\u201eVeranstaltungen wie diese sind uns enorm wichtig: So haben wir das Ohr direkt am Kunden, erfahren Sorgen und W\u00fcnsche aus erster Hand und k\u00f6nnen daraus weitere Schritte ableiten, um uns noch weiter zu verbessern. Auch in Zukunft m\u00f6chten wir in den regelm\u00e4\u00dfigen Austausch gehen und Formate wie dieses stattfinden lassen \u2013 Gemein f\u00fcr eine runde Sache, ist und bleibt das Motto\u201c, res\u00fcmiert Drechsel.<\/p>\n<p>&nbsp;<\/p>\n<hr \/>\n<p>&nbsp;<\/p>\n<p><a href=\"http:\/\/www.pr-neu.de\/newsroom\/wordpress\/wp-content\/uploads\/2022\/10\/22-29_Sonne-am-Haus-Mitglieder_K.jpg\" target=\"_blank\" rel=\"noopener\"><img loading=\"lazy\" decoding=\"async\" class=\"aligncenter wp-image-15321 size-medium\" src=\"http:\/\/www.pr-neu.de\/newsroom\/wordpress\/wp-content\/uploads\/2022\/10\/22-29_Sonne-am-Haus-Mitglieder_K-300x200.jpg\" alt=\"\" width=\"300\" height=\"200\" srcset=\"https:\/\/www.pr-neu.de\/newsroom\/wordpress\/wp-content\/uploads\/2022\/10\/22-29_Sonne-am-Haus-Mitglieder_K-300x200.jpg 300w, https:\/\/www.pr-neu.de\/newsroom\/wordpress\/wp-content\/uploads\/2022\/10\/22-29_Sonne-am-Haus-Mitglieder_K-1024x683.jpg 1024w, https:\/\/www.pr-neu.de\/newsroom\/wordpress\/wp-content\/uploads\/2022\/10\/22-29_Sonne-am-Haus-Mitglieder_K-768x512.jpg 768w, https:\/\/www.pr-neu.de\/newsroom\/wordpress\/wp-content\/uploads\/2022\/10\/22-29_Sonne-am-Haus-Mitglieder_K-1536x1024.jpg 1536w, https:\/\/www.pr-neu.de\/newsroom\/wordpress\/wp-content\/uploads\/2022\/10\/22-29_Sonne-am-Haus-Mitglieder_K-2048x1365.jpg 2048w, https:\/\/www.pr-neu.de\/newsroom\/wordpress\/wp-content\/uploads\/2022\/10\/22-29_Sonne-am-Haus-Mitglieder_K-110x73.jpg 110w, https:\/\/www.pr-neu.de\/newsroom\/wordpress\/wp-content\/uploads\/2022\/10\/22-29_Sonne-am-Haus-Mitglieder_K-420x280.jpg 420w, https:\/\/www.pr-neu.de\/newsroom\/wordpress\/wp-content\/uploads\/2022\/10\/22-29_Sonne-am-Haus-Mitglieder_K-645x430.jpg 645w\" sizes=\"auto, (max-width: 300px) 100vw, 300px\" \/><\/a><\/p>\n<p style=\"text-align: center;\">200 stolze G\u00e4ste der Online-Plattform \u201eSonne-am-Haus.de\u201c kamen in Warnem\u00fcnde zusammen, um den gemeinsamen Erfolg zu feiern.<\/p>\n<p>&nbsp;<\/p>\n<p><a href=\"http:\/\/www.pr-neu.de\/newsroom\/wordpress\/wp-content\/uploads\/2022\/10\/22-29_TS-Aluminium_K.jpg\" target=\"_blank\" rel=\"noopener\"><img loading=\"lazy\" decoding=\"async\" class=\"aligncenter wp-image-15322 size-medium\" src=\"http:\/\/www.pr-neu.de\/newsroom\/wordpress\/wp-content\/uploads\/2022\/10\/22-29_TS-Aluminium_K-300x229.jpg\" alt=\"\" width=\"300\" height=\"229\" srcset=\"https:\/\/www.pr-neu.de\/newsroom\/wordpress\/wp-content\/uploads\/2022\/10\/22-29_TS-Aluminium_K-300x229.jpg 300w, https:\/\/www.pr-neu.de\/newsroom\/wordpress\/wp-content\/uploads\/2022\/10\/22-29_TS-Aluminium_K-1024x783.jpg 1024w, https:\/\/www.pr-neu.de\/newsroom\/wordpress\/wp-content\/uploads\/2022\/10\/22-29_TS-Aluminium_K-768x587.jpg 768w, https:\/\/www.pr-neu.de\/newsroom\/wordpress\/wp-content\/uploads\/2022\/10\/22-29_TS-Aluminium_K-1536x1174.jpg 1536w, https:\/\/www.pr-neu.de\/newsroom\/wordpress\/wp-content\/uploads\/2022\/10\/22-29_TS-Aluminium_K-2048x1565.jpg 2048w, https:\/\/www.pr-neu.de\/newsroom\/wordpress\/wp-content\/uploads\/2022\/10\/22-29_TS-Aluminium_K-110x84.jpg 110w, https:\/\/www.pr-neu.de\/newsroom\/wordpress\/wp-content\/uploads\/2022\/10\/22-29_TS-Aluminium_K-420x321.jpg 420w, https:\/\/www.pr-neu.de\/newsroom\/wordpress\/wp-content\/uploads\/2022\/10\/22-29_TS-Aluminium_K-563x430.jpg 563w\" sizes=\"auto, (max-width: 300px) 100vw, 300px\" \/><\/a><\/p>\n<p style=\"text-align: center;\">Das Marketing-Team von TS-Aluminium freut sich \u00fcber die erfolgreiche Veranstaltung.<\/p>\n<p style=\"text-align: center;\">Bilder: TS-Aluminium-Profilsysteme GmbH &amp; Co. KG<\/p>\n<p>&nbsp;<\/p>\n<hr \/>\n<p>&nbsp;<\/p>\n<p>Abdruck honorarfrei, Belegexemplar erbeten.<\/p>\n","protected":false},"excerpt":{"rendered":"<p>\u201eSonne-am-Haus\u201c-Event: Neuheiten, Marketing-Service und frische Impulse Gemeinsam f\u00fcr eine runde Sache: Unter diesem Motto kamen 80 Mitglieder des Online-Portals \u201eSonne-am-Haus.de\u201c vom 16. bis 18. September 2022 in Warnem\u00fcnde zusammen. Das erfolgreiche Veranstaltungsformat informierte Fachbetriebe \u00fcber Produktneuheiten und passgenaue Marketing-Ma\u00dfnahmen f\u00fcr den Verkauf von Terrassend\u00e4chern, Sommer- und Winterg\u00e4rten und lud zum Netzwerken ein. Schon seit vielen [&hellip;]<\/p>\n","protected":false},"author":10,"featured_media":15321,"comment_status":"closed","ping_status":"open","sticky":false,"template":"","format":"standard","meta":{"footnotes":""},"categories":[1761],"tags":[2131,1933,1939,1893,2129,1895,1793,611,635],"class_list":["post-15320","post","type-post","status-publish","format-standard","has-post-thumbnail","hentry","category-ts-aluminium","tag-fachbetriebe","tag-marketing","tag-partner","tag-sommergarten","tag-sonne-am-haus","tag-terrassendach","tag-ts-aluminium","tag-vertrieb","tag-wintergarten"],"_links":{"self":[{"href":"https:\/\/www.pr-neu.de\/newsroom\/wp-json\/wp\/v2\/posts\/15320","targetHints":{"allow":["GET"]}}],"collection":[{"href":"https:\/\/www.pr-neu.de\/newsroom\/wp-json\/wp\/v2\/posts"}],"about":[{"href":"https:\/\/www.pr-neu.de\/newsroom\/wp-json\/wp\/v2\/types\/post"}],"author":[{"embeddable":true,"href":"https:\/\/www.pr-neu.de\/newsroom\/wp-json\/wp\/v2\/users\/10"}],"replies":[{"embeddable":true,"href":"https:\/\/www.pr-neu.de\/newsroom\/wp-json\/wp\/v2\/comments?post=15320"}],"version-history":[{"count":2,"href":"https:\/\/www.pr-neu.de\/newsroom\/wp-json\/wp\/v2\/posts\/15320\/revisions"}],"predecessor-version":[{"id":15324,"href":"https:\/\/www.pr-neu.de\/newsroom\/wp-json\/wp\/v2\/posts\/15320\/revisions\/15324"}],"wp:featuredmedia":[{"embeddable":true,"href":"https:\/\/www.pr-neu.de\/newsroom\/wp-json\/wp\/v2\/media\/15321"}],"wp:attachment":[{"href":"https:\/\/www.pr-neu.de\/newsroom\/wp-json\/wp\/v2\/media?parent=15320"}],"wp:term":[{"taxonomy":"category","embeddable":true,"href":"https:\/\/www.pr-neu.de\/newsroom\/wp-json\/wp\/v2\/categories?post=15320"},{"taxonomy":"post_tag","embeddable":true,"href":"https:\/\/www.pr-neu.de\/newsroom\/wp-json\/wp\/v2\/tags?post=15320"}],"curies":[{"name":"wp","href":"https:\/\/api.w.org\/{rel}","templated":true}]}}