{"id":15310,"date":"2022-09-23T09:00:33","date_gmt":"2022-09-23T07:00:33","guid":{"rendered":"https:\/\/www.pr-neu.de\/newsroom\/?p=15310"},"modified":"2022-09-23T09:00:33","modified_gmt":"2022-09-23T07:00:33","slug":"oker-wird-abgesenkt-2","status":"publish","type":"post","link":"https:\/\/www.pr-neu.de\/newsroom\/oker-wird-abgesenkt-2\/","title":{"rendered":"Oker wird abgesenkt"},"content":{"rendered":"<p><!--MBNHE--><\/p>\n<p>Wegen dringend erforderlicher Kanalbauma\u00dfnahmen am Augusttorwall senkt die Stadtentw\u00e4sserung Braunschweig GmbH (SE|BS) die Oker innerst\u00e4dtisch im Zeitraum 27. September bis 5. Oktober 2022 um 1,30 Meter ab. F\u00fcr die Arbeiten muss der Baubereich trocken liegen, daher ist die Absenkung unumg\u00e4nglich, sie betrifft auch den Fischkanu-Pass am Petriwehr, dessen Passierbarkeit in dieser Zeit nicht m\u00f6glich bzw. eingeschr\u00e4nkt ist.<\/p>\n<p>&nbsp;<\/p>\n<hr \/>\n<p>&nbsp;<\/p>\n<p>Abdruck honorarfrei, Belegexemplar erbeten.<\/p>\n","protected":false},"excerpt":{"rendered":"<p>Wegen dringend erforderlicher Kanalbauma\u00dfnahmen am Augusttorwall senkt die Stadtentw\u00e4sserung Braunschweig GmbH (SE|BS) die Oker innerst\u00e4dtisch im Zeitraum 27. September bis 5. Oktober 2022 um 1,30 Meter ab.<\/p>\n","protected":false},"author":9,"featured_media":8697,"comment_status":"closed","ping_status":"open","sticky":false,"template":"","format":"standard","meta":{"footnotes":""},"categories":[1517],"tags":[2121,1557,2119,1607,1563,1601],"class_list":["post-15310","post","type-post","status-publish","format-standard","has-post-thumbnail","hentry","category-sebs","tag-absenkung","tag-braunschweig","tag-fluss","tag-oker","tag-se-bs","tag-stadtentwaesserung"],"_links":{"self":[{"href":"https:\/\/www.pr-neu.de\/newsroom\/wp-json\/wp\/v2\/posts\/15310","targetHints":{"allow":["GET"]}}],"collection":[{"href":"https:\/\/www.pr-neu.de\/newsroom\/wp-json\/wp\/v2\/posts"}],"about":[{"href":"https:\/\/www.pr-neu.de\/newsroom\/wp-json\/wp\/v2\/types\/post"}],"author":[{"embeddable":true,"href":"https:\/\/www.pr-neu.de\/newsroom\/wp-json\/wp\/v2\/users\/9"}],"replies":[{"embeddable":true,"href":"https:\/\/www.pr-neu.de\/newsroom\/wp-json\/wp\/v2\/comments?post=15310"}],"version-history":[{"count":1,"href":"https:\/\/www.pr-neu.de\/newsroom\/wp-json\/wp\/v2\/posts\/15310\/revisions"}],"predecessor-version":[{"id":15311,"href":"https:\/\/www.pr-neu.de\/newsroom\/wp-json\/wp\/v2\/posts\/15310\/revisions\/15311"}],"wp:featuredmedia":[{"embeddable":true,"href":"https:\/\/www.pr-neu.de\/newsroom\/wp-json\/wp\/v2\/media\/8697"}],"wp:attachment":[{"href":"https:\/\/www.pr-neu.de\/newsroom\/wp-json\/wp\/v2\/media?parent=15310"}],"wp:term":[{"taxonomy":"category","embeddable":true,"href":"https:\/\/www.pr-neu.de\/newsroom\/wp-json\/wp\/v2\/categories?post=15310"},{"taxonomy":"post_tag","embeddable":true,"href":"https:\/\/www.pr-neu.de\/newsroom\/wp-json\/wp\/v2\/tags?post=15310"}],"curies":[{"name":"wp","href":"https:\/\/api.w.org\/{rel}","templated":true}]}}