{"id":15301,"date":"2022-09-22T09:37:55","date_gmt":"2022-09-22T07:37:55","guid":{"rendered":"https:\/\/www.pr-neu.de\/newsroom\/?p=15301"},"modified":"2022-10-26T14:07:47","modified_gmt":"2022-10-26T12:07:47","slug":"ein-stadion-braucht-mehr-als-zwei-tore","status":"publish","type":"post","link":"https:\/\/www.pr-neu.de\/newsroom\/ein-stadion-braucht-mehr-als-zwei-tore\/","title":{"rendered":"Ein Stadion braucht mehr als zwei Tore"},"content":{"rendered":"<p><u>Neues Stadion f\u00fcr den SC Freiburg<\/u><\/p>\n<p><strong>Der SC Freiburg hat eine neue Heimat, das neue Stadion des Europa-Pokal-Teilnehmers erf\u00fcllt jetzt die gestiegenen Anforderungen des Profi-Fu\u00dfballs. Neben den beiden Toren auf dem Spielfeld stellen viele T\u00fcren und Tore im ganzen Stadion den reibungslosen Betrieb sicher. Um die Vorgaben f\u00fcr Fluchtwege, Brandschutz und Barrierefreiheit zu erf\u00fcllen, arbeitete der verantwortliche Objekteur SchwarzwaldElemente eng mit dem T\u00fcren- und Torhersteller Teckentrup (Verl) zusammen.<\/strong><\/p>\n<p>Das neue Europa-Park-Stadion (Architekten: HPP) l\u00f6st das legend\u00e4re Dreisamstadion als Heimst\u00e4tte des SC Freiburg ab. Die Kapazit\u00e4t steigt auf 34.700 Zuschauer, das Spielfeld gen\u00fcgt jetzt internationalen Standards und die Infrastruktur erf\u00fcllt moderne Anspr\u00fcche. Barrierefrei, mehr Fahrrad- als PKW-Stellpl\u00e4tze, hoher Stehplatz-Anteil \u2013 etwas \u201eDreisam-Gef\u00fchl\u201c ist auch im neuen Stadion zu sp\u00fcren. Mit den diagonalen Zugst\u00fctzen f\u00fcr das Dach zeigt es sich schon von Weitem eigenst\u00e4ndig-charakterstark. Innen besticht es mit Kompaktheit, steilen Trib\u00fcnen und der N\u00e4he zum Spielfeld. Optisches (und emotionales) Zentrum ist die S\u00fcdtrib\u00fcne f\u00fcr 8.000 Fans.<\/p>\n<p>Im Fokus stehen zwar die beiden Tore auf dem Spielfeld, doch gerade die weniger beachteten Tore und T\u00fcren m\u00fcssen zuverl\u00e4ssig ihren Zweck erf\u00fcllen. Verantwortlich f\u00fcr die T\u00fcrenplanung und -montage war die SchwarzwaldElemente GmbH, die gemeinsam mit dem T\u00fcren- und Torhersteller Teckentrup die optimalen L\u00f6sungen f\u00fcr die verschiedenen Anforderungen im Stadion erarbeiteten. Zum Beispiel sind in den K\u00fcchen- und Cateringtrakten T\u00fcren mit Edelstahl-Oberfl\u00e4chen verbaut. Das Material ist pflegeleicht und passt zu den hygienischen Standards, die in diesen R\u00e4umen gelten, und das schlichte Oberfl\u00e4chendesign wirkt modern und \u00e4sthetisch. In den Technik-R\u00e4umen sind gro\u00dfe Durchg\u00e4nge erforderlich, da hier zum Teil gro\u00dfe Ger\u00e4te und Fahrzeuge bewegt werden. Hier sorgen Doppelfl\u00fcgel-T\u00fcren im Ausma\u00df eines Tores f\u00fcr gen\u00fcgend Platz.<\/p>\n<p><strong>Barrierefrei und f\u00fcr alle sicher<\/strong><\/p>\n<p>Barrierefreiheit war dem SC Freiburg besonders wichtig, um Personen mit Handicap den Stadionbesuch zu erleichtern. Rampen, schwellenlose und automatisch \u00f6ffnende T\u00fcren wurden ebenso wie geeignete Rollstuhlpl\u00e4tze von Beginn an eingeplant. Ebenso waren die Brandschutzt\u00fcren barrierefrei auszuf\u00fchren. Hier kam die EI2 30-C5-SA \u201eTeckentrup 62\u201c zum Einsatz (klassifiziert nach Produktnorm EN 16034 \/ EN 14351-1).<\/p>\n<p>Zum Standard in Stadien geh\u00f6ren inzwischen Zellen, sogenannte \u201eGewahrsamsr\u00e4ume\u201c. Mit der Haftraumt\u00fcr \u201eTeckentrup dw 62-1\u201c verbauten die Monteure eine gegen mechanische Einwirkungen robuste T\u00fcr, die \u00fcber einen Knauf schnell zu entriegeln ist. Die T\u00fcr ist gegen pl\u00f6tzliches Aufsto\u00dfen gesch\u00fctzt und l\u00e4sst sich mit einem Schubriegel schnell verschlie\u00dfen. Der fl\u00e4chenbu\u0308ndige Einbau beugt beidseitig Verletzungen vor. Dank verglaster Ausschnitte mit Sichtverschluss k\u00f6nnen die Insassen bei Bedarf beobachtet werden.<\/p>\n<p><strong>Im Fu\u00dfball wie am Bau: Besser im Team<\/strong><\/p>\n<p>SchwarzwaldElemente und Teckentrup arbeiten im S\u00fcdwesten bereits seit vielen Jahren erfolgreich zusammen. Auch die T\u00fcren im Stadion haben sie als Team umgesetzt: \u201eWir haben das Projekt von der Anfragephase bis zur Abwicklung gemeinsam intensiv verfolgt und konnten so in jeder Phase unsere Expertise einbringen\u201c, fasst Daniel Hamburger, Projektleiter bei SchwarzwaldElemente, die Teamarbeit zusammen. Im neuen Europa-Park Stadion haben sie gemeinsam insgesamt 250 T\u00fcren verbaut, die harmonisch zur Architektur des neuen Stadions passen.<\/p>\n<p>&nbsp;<\/p>\n<hr \/>\n<p>&nbsp;<\/p>\n<p><strong>Bautafel<\/strong><\/p>\n<p><strong>Bauherr<\/strong>: Stadion Freiburg Objekttr\u00e4ger GmbH &amp; Co. KG (SFG)<br \/>\n<strong>Architekten<\/strong>: HPP Architekten<br \/>\n<strong>Verarbeiter T\u00fcren\/Tore<\/strong>: SchwarzwaldElemente GmbH<br \/>\n<strong>T\u00fcren<\/strong>: u.a. Teckentrup, ca. 260 T\u00fcren<br \/>\n<strong>Bauzeit<\/strong>: 11\/2018 bis 08\/2021<br \/>\n<strong>Kapazit\u00e4t<\/strong>: 34.700 Fans<br \/>\n<strong>Stellpl\u00e4tze<\/strong>: 3.700 (Fahrrad) \/ 2.100 (PKW, Bus)<br \/>\n<strong>Kosten<\/strong>: 76,5 Mio. Euro (Stadion) plus ca. 50 Mio. Euro (Infrastruktur)<\/p>\n<p>&nbsp;<\/p>\n<hr \/>\n<p>&nbsp;<\/p>\n<p style=\"text-align: center;\"><a href=\"http:\/\/www.pr-neu.de\/newsroom\/wordpress\/wp-content\/uploads\/2022\/09\/22-07_Zweifluegelige-Tueren_G-scaled.jpg\" target=\"_blank\" rel=\"noopener\"><img loading=\"lazy\" decoding=\"async\" class=\"wp-image-15302 size-medium\" src=\"http:\/\/www.pr-neu.de\/newsroom\/wordpress\/wp-content\/uploads\/2022\/09\/22-07_Zweifluegelige-Tueren_G-202x300.jpg\" alt=\"\" width=\"202\" height=\"300\" srcset=\"https:\/\/www.pr-neu.de\/newsroom\/wordpress\/wp-content\/uploads\/2022\/09\/22-07_Zweifluegelige-Tueren_G-202x300.jpg 202w, https:\/\/www.pr-neu.de\/newsroom\/wordpress\/wp-content\/uploads\/2022\/09\/22-07_Zweifluegelige-Tueren_G-691x1024.jpg 691w, https:\/\/www.pr-neu.de\/newsroom\/wordpress\/wp-content\/uploads\/2022\/09\/22-07_Zweifluegelige-Tueren_G-768x1138.jpg 768w, https:\/\/www.pr-neu.de\/newsroom\/wordpress\/wp-content\/uploads\/2022\/09\/22-07_Zweifluegelige-Tueren_G-1037x1536.jpg 1037w, https:\/\/www.pr-neu.de\/newsroom\/wordpress\/wp-content\/uploads\/2022\/09\/22-07_Zweifluegelige-Tueren_G-1382x2048.jpg 1382w, https:\/\/www.pr-neu.de\/newsroom\/wordpress\/wp-content\/uploads\/2022\/09\/22-07_Zweifluegelige-Tueren_G-74x110.jpg 74w, https:\/\/www.pr-neu.de\/newsroom\/wordpress\/wp-content\/uploads\/2022\/09\/22-07_Zweifluegelige-Tueren_G-283x420.jpg 283w, https:\/\/www.pr-neu.de\/newsroom\/wordpress\/wp-content\/uploads\/2022\/09\/22-07_Zweifluegelige-Tueren_G-290x430.jpg 290w, https:\/\/www.pr-neu.de\/newsroom\/wordpress\/wp-content\/uploads\/2022\/09\/22-07_Zweifluegelige-Tueren_G-scaled.jpg 1728w\" sizes=\"auto, (max-width: 202px) 100vw, 202px\" \/><\/a><\/p>\n<p style=\"text-align: center;\"><a href=\"http:\/\/www.pr-neu.de\/newsroom\/wordpress\/wp-content\/uploads\/2022\/09\/22-07_Zweifluegelige-Tueren-2_G-scaled.jpg\" target=\"_blank\" rel=\"noopener\"><img loading=\"lazy\" decoding=\"async\" class=\"wp-image-15303 size-medium\" src=\"http:\/\/www.pr-neu.de\/newsroom\/wordpress\/wp-content\/uploads\/2022\/09\/22-07_Zweifluegelige-Tueren-2_G-300x200.jpg\" alt=\"\" width=\"300\" height=\"200\" srcset=\"https:\/\/www.pr-neu.de\/newsroom\/wordpress\/wp-content\/uploads\/2022\/09\/22-07_Zweifluegelige-Tueren-2_G-300x200.jpg 300w, https:\/\/www.pr-neu.de\/newsroom\/wordpress\/wp-content\/uploads\/2022\/09\/22-07_Zweifluegelige-Tueren-2_G-1024x683.jpg 1024w, https:\/\/www.pr-neu.de\/newsroom\/wordpress\/wp-content\/uploads\/2022\/09\/22-07_Zweifluegelige-Tueren-2_G-768x512.jpg 768w, https:\/\/www.pr-neu.de\/newsroom\/wordpress\/wp-content\/uploads\/2022\/09\/22-07_Zweifluegelige-Tueren-2_G-1536x1025.jpg 1536w, https:\/\/www.pr-neu.de\/newsroom\/wordpress\/wp-content\/uploads\/2022\/09\/22-07_Zweifluegelige-Tueren-2_G-2048x1366.jpg 2048w, https:\/\/www.pr-neu.de\/newsroom\/wordpress\/wp-content\/uploads\/2022\/09\/22-07_Zweifluegelige-Tueren-2_G-110x73.jpg 110w, https:\/\/www.pr-neu.de\/newsroom\/wordpress\/wp-content\/uploads\/2022\/09\/22-07_Zweifluegelige-Tueren-2_G-420x280.jpg 420w, https:\/\/www.pr-neu.de\/newsroom\/wordpress\/wp-content\/uploads\/2022\/09\/22-07_Zweifluegelige-Tueren-2_G-645x430.jpg 645w\" sizes=\"auto, (max-width: 300px) 100vw, 300px\" \/><\/a><\/p>\n<p style=\"text-align: center;\">Durch diese zweifl\u00fcgeligen T\u00fcren im \u00dcberformat l\u00e4sst sich sogar ein Fu\u00dfball-Tor aufs Spielfeld bringen.<\/p>\n<p>&nbsp;<\/p>\n<p style=\"text-align: center;\"><a href=\"http:\/\/www.pr-neu.de\/newsroom\/wordpress\/wp-content\/uploads\/2022\/09\/22-07_Stadion-Aussenaufnahme_G-scaled.jpg\" target=\"_blank\" rel=\"noopener\"><img loading=\"lazy\" decoding=\"async\" class=\"wp-image-15305 size-medium\" src=\"http:\/\/www.pr-neu.de\/newsroom\/wordpress\/wp-content\/uploads\/2022\/09\/22-07_Stadion-Aussenaufnahme_G-300x197.jpg\" alt=\"\" width=\"300\" height=\"197\" srcset=\"https:\/\/www.pr-neu.de\/newsroom\/wordpress\/wp-content\/uploads\/2022\/09\/22-07_Stadion-Aussenaufnahme_G-300x197.jpg 300w, https:\/\/www.pr-neu.de\/newsroom\/wordpress\/wp-content\/uploads\/2022\/09\/22-07_Stadion-Aussenaufnahme_G-1024x674.jpg 1024w, https:\/\/www.pr-neu.de\/newsroom\/wordpress\/wp-content\/uploads\/2022\/09\/22-07_Stadion-Aussenaufnahme_G-768x505.jpg 768w, https:\/\/www.pr-neu.de\/newsroom\/wordpress\/wp-content\/uploads\/2022\/09\/22-07_Stadion-Aussenaufnahme_G-1536x1011.jpg 1536w, https:\/\/www.pr-neu.de\/newsroom\/wordpress\/wp-content\/uploads\/2022\/09\/22-07_Stadion-Aussenaufnahme_G-2048x1348.jpg 2048w, https:\/\/www.pr-neu.de\/newsroom\/wordpress\/wp-content\/uploads\/2022\/09\/22-07_Stadion-Aussenaufnahme_G-110x72.jpg 110w, https:\/\/www.pr-neu.de\/newsroom\/wordpress\/wp-content\/uploads\/2022\/09\/22-07_Stadion-Aussenaufnahme_G-420x276.jpg 420w, https:\/\/www.pr-neu.de\/newsroom\/wordpress\/wp-content\/uploads\/2022\/09\/22-07_Stadion-Aussenaufnahme_G-653x430.jpg 653w\" sizes=\"auto, (max-width: 300px) 100vw, 300px\" \/><\/a><\/p>\n<p style=\"text-align: center;\">Eigenst\u00e4ndige Stadion-Architektur: Mit den schr\u00e4gen St\u00fctzen pr\u00e4gt das neue Europapark-Stadion die Umgebung schon von Weitem.<\/p>\n<p>&nbsp;<\/p>\n<p style=\"text-align: center;\"><a href=\"http:\/\/www.pr-neu.de\/newsroom\/wordpress\/wp-content\/uploads\/2022\/09\/22-07_Zellenrakt_G-scaled.jpg\" target=\"_blank\" rel=\"noopener\"><img loading=\"lazy\" decoding=\"async\" class=\"wp-image-15306 size-medium\" src=\"http:\/\/www.pr-neu.de\/newsroom\/wordpress\/wp-content\/uploads\/2022\/09\/22-07_Zellenrakt_G-300x200.jpg\" alt=\"\" width=\"300\" height=\"200\" srcset=\"https:\/\/www.pr-neu.de\/newsroom\/wordpress\/wp-content\/uploads\/2022\/09\/22-07_Zellenrakt_G-300x200.jpg 300w, https:\/\/www.pr-neu.de\/newsroom\/wordpress\/wp-content\/uploads\/2022\/09\/22-07_Zellenrakt_G-1024x683.jpg 1024w, https:\/\/www.pr-neu.de\/newsroom\/wordpress\/wp-content\/uploads\/2022\/09\/22-07_Zellenrakt_G-768x512.jpg 768w, https:\/\/www.pr-neu.de\/newsroom\/wordpress\/wp-content\/uploads\/2022\/09\/22-07_Zellenrakt_G-1536x1025.jpg 1536w, https:\/\/www.pr-neu.de\/newsroom\/wordpress\/wp-content\/uploads\/2022\/09\/22-07_Zellenrakt_G-2048x1366.jpg 2048w, https:\/\/www.pr-neu.de\/newsroom\/wordpress\/wp-content\/uploads\/2022\/09\/22-07_Zellenrakt_G-110x73.jpg 110w, https:\/\/www.pr-neu.de\/newsroom\/wordpress\/wp-content\/uploads\/2022\/09\/22-07_Zellenrakt_G-420x280.jpg 420w, https:\/\/www.pr-neu.de\/newsroom\/wordpress\/wp-content\/uploads\/2022\/09\/22-07_Zellenrakt_G-645x430.jpg 645w\" sizes=\"auto, (max-width: 300px) 100vw, 300px\" \/><\/a><\/p>\n<p style=\"text-align: center;\">Sicher gegen Ausbruch, mit Schnellverschluss, Kostklappe und Sichtfenster: Die Gewahrsamst\u00fcr sorgt f\u00fcr Sicherheit im Zellentrakt.<\/p>\n<p>&nbsp;<\/p>\n<p style=\"text-align: center;\"><a href=\"http:\/\/www.pr-neu.de\/newsroom\/wordpress\/wp-content\/uploads\/2022\/09\/22-07_Edelstahltuer_G-scaled.jpg\" target=\"_blank\" rel=\"noopener\"><img loading=\"lazy\" decoding=\"async\" class=\"wp-image-15304 size-medium\" src=\"http:\/\/www.pr-neu.de\/newsroom\/wordpress\/wp-content\/uploads\/2022\/09\/22-07_Edelstahltuer_G-200x300.jpg\" alt=\"\" width=\"200\" height=\"300\" srcset=\"https:\/\/www.pr-neu.de\/newsroom\/wordpress\/wp-content\/uploads\/2022\/09\/22-07_Edelstahltuer_G-200x300.jpg 200w, https:\/\/www.pr-neu.de\/newsroom\/wordpress\/wp-content\/uploads\/2022\/09\/22-07_Edelstahltuer_G-683x1024.jpg 683w, https:\/\/www.pr-neu.de\/newsroom\/wordpress\/wp-content\/uploads\/2022\/09\/22-07_Edelstahltuer_G-768x1151.jpg 768w, https:\/\/www.pr-neu.de\/newsroom\/wordpress\/wp-content\/uploads\/2022\/09\/22-07_Edelstahltuer_G-1025x1536.jpg 1025w, https:\/\/www.pr-neu.de\/newsroom\/wordpress\/wp-content\/uploads\/2022\/09\/22-07_Edelstahltuer_G-1366x2048.jpg 1366w, https:\/\/www.pr-neu.de\/newsroom\/wordpress\/wp-content\/uploads\/2022\/09\/22-07_Edelstahltuer_G-73x110.jpg 73w, https:\/\/www.pr-neu.de\/newsroom\/wordpress\/wp-content\/uploads\/2022\/09\/22-07_Edelstahltuer_G-280x420.jpg 280w, https:\/\/www.pr-neu.de\/newsroom\/wordpress\/wp-content\/uploads\/2022\/09\/22-07_Edelstahltuer_G-287x430.jpg 287w, https:\/\/www.pr-neu.de\/newsroom\/wordpress\/wp-content\/uploads\/2022\/09\/22-07_Edelstahltuer_G-scaled.jpg 1708w\" sizes=\"auto, (max-width: 200px) 100vw, 200px\" \/><\/a><\/p>\n<p style=\"text-align: center;\">Edel, Stahl: Die hohen Hygiene-Anforderungen f\u00fcr K\u00fcche und Catering sehen auch prima aus. Das schlichte Oberfl\u00e4chendesign der Edelstahl-T\u00fcren schafft eine moderne, \u00e4sthetische Architektur und ist einfach sauber zu halten.<\/p>\n<p style=\"text-align: center;\">Bilder: Teckentrup \/ Photodesign Eblenkamp<\/p>\n<p>&nbsp;<\/p>\n<hr \/>\n<p>&nbsp;<\/p>\n<p>Abdruck honorarfrei, Belegexemplar erbeten.<\/p>\n","protected":false},"excerpt":{"rendered":"<p>Der SC Freiburg hat eine neue Heimat, das neue Stadion des Europa-Pokal-Teilnehmers erf\u00fcllt jetzt die gestiegenen Anforderungen des Profi-Fu\u00dfballs. Neben den beiden Toren auf dem Spielfeld stellen viele T\u00fcren und Tore im ganzen Stadion den reibungslosen Betrieb sicher.<\/p>\n","protected":false},"author":9,"featured_media":15305,"comment_status":"closed","ping_status":"open","sticky":false,"template":"","format":"standard","meta":{"footnotes":""},"categories":[18],"tags":[2111,2115,2113,213,2117,1511,2109,565,577,589],"class_list":["post-15301","post","type-post","status-publish","format-standard","has-post-thumbnail","hentry","category-teckentrup","tag-arena","tag-europapark","tag-freiburg","tag-fusball","tag-sc-freiburg","tag-sport","tag-stadion","tag-teckentrup","tag-tor","tag-tur"],"_links":{"self":[{"href":"https:\/\/www.pr-neu.de\/newsroom\/wp-json\/wp\/v2\/posts\/15301","targetHints":{"allow":["GET"]}}],"collection":[{"href":"https:\/\/www.pr-neu.de\/newsroom\/wp-json\/wp\/v2\/posts"}],"about":[{"href":"https:\/\/www.pr-neu.de\/newsroom\/wp-json\/wp\/v2\/types\/post"}],"author":[{"embeddable":true,"href":"https:\/\/www.pr-neu.de\/newsroom\/wp-json\/wp\/v2\/users\/9"}],"replies":[{"embeddable":true,"href":"https:\/\/www.pr-neu.de\/newsroom\/wp-json\/wp\/v2\/comments?post=15301"}],"version-history":[{"count":4,"href":"https:\/\/www.pr-neu.de\/newsroom\/wp-json\/wp\/v2\/posts\/15301\/revisions"}],"predecessor-version":[{"id":15332,"href":"https:\/\/www.pr-neu.de\/newsroom\/wp-json\/wp\/v2\/posts\/15301\/revisions\/15332"}],"wp:featuredmedia":[{"embeddable":true,"href":"https:\/\/www.pr-neu.de\/newsroom\/wp-json\/wp\/v2\/media\/15305"}],"wp:attachment":[{"href":"https:\/\/www.pr-neu.de\/newsroom\/wp-json\/wp\/v2\/media?parent=15301"}],"wp:term":[{"taxonomy":"category","embeddable":true,"href":"https:\/\/www.pr-neu.de\/newsroom\/wp-json\/wp\/v2\/categories?post=15301"},{"taxonomy":"post_tag","embeddable":true,"href":"https:\/\/www.pr-neu.de\/newsroom\/wp-json\/wp\/v2\/tags?post=15301"}],"curies":[{"name":"wp","href":"https:\/\/api.w.org\/{rel}","templated":true}]}}