{"id":15282,"date":"2022-09-12T08:07:42","date_gmt":"2022-09-12T06:07:42","guid":{"rendered":"https:\/\/www.pr-neu.de\/newsroom\/?p=15282"},"modified":"2024-06-07T13:38:12","modified_gmt":"2024-06-07T11:38:12","slug":"nachhaltige-fassade-umweltfreundlicher-daemmstoff","status":"publish","type":"post","link":"https:\/\/www.pr-neu.de\/newsroom\/nachhaltige-fassade-umweltfreundlicher-daemmstoff\/","title":{"rendered":"Nachhaltige Fassade, umweltfreundlicher D\u00e4mmstoff"},"content":{"rendered":"<p><u>Fassadensanierung: Energieeffizienz \u2013 Wirtschaftlichkeit \u2013 Nachhaltigkeit<\/u><\/p>\n<p><strong>Bei der Sanierung der Fassade eines Mehrfamilienhauses in Ostfildern bei Stuttgart, Baujahr 1993, standen gleich mehrere Ziele im Vordergrund: Eine neue Optik f\u00fcr das Geb\u00e4ude, eine bessere Energieeffizienz und die wirtschaftliche Umsetzung der Ma\u00dfnahmen mit nachhaltigen Produkten. Energieberater und Fachhandwerker entwickelten ein ma\u00dfgeschneidertes Konzept mit der neuartigen Sto-D\u00e4mmplatte Top32 Biomass im Zentrum. Sie basiert zu 100 Prozent auf organischen Reststoffen der Land- und Forstwirtschaft (Biomassenbilanz-Verfahren).<\/strong><\/p>\n<p>Bevor die Sanierung startete, holte sich der Bauherr fachlichen Rat von einem Fachhandwerker und einem Energieberater, die die Sanierung gemeinsam planten. Diplom-Bauingenieur und Stuckateur Hans Haussmann schaute sich zun\u00e4chst den Ist-Zustand des Sechsfamilienhauses genau an. \u201eDer Putz musste ausgebessert und neu gestrichen werden. F\u00fcr diese Arbeiten m\u00fcssen wir ein Ger\u00fcst aufstellen. Bei einem 30 Jahre alten Geb\u00e4ude lohnt es sich in diesem Fall, seinen Wandaufbau auch gleich energetisch auf den aktuellen Stand zu bringen\u201c, berichtet er. \u201eDas vierst\u00f6ckige Haus war \u2013 wie viele Objekte aus den 90er-Jahren \u2013 mit 30 Zentimeter Lochziegel-Mauerwerk gebaut und wies einen Lambda-Wert von 0,16 W\/m\u00b2K auf. Durch die nicht ausreichend ged\u00e4mmten W\u00e4nde floss wertvolle Heizenergie nach drau\u00dfen.\u201c Au\u00dferdem kam es an einigen der ausgek\u00fchlten Innenw\u00e4nde zu Schimmelproblemen. Die L\u00f6sung in beiden F\u00e4llen: eine hocheffiziente Fassadend\u00e4mmung. Sie sorgt daf\u00fcr, dass weniger W\u00e4rme aus dem Geb\u00e4udeinneren abflie\u00dft, schont so die Umwelt und spart Heizkosten. So bleibt auch die Temperatur der Innenw\u00e4nde h\u00f6her, wodurch das Risiko von Schimmelbildung sinkt.<\/p>\n<p><strong>Energiekosten gesenkt<\/strong><\/p>\n<p>Das sieht auch Energieberater und Architekt J\u00fcrgen Aldinger aus Marbach so: \u201eEine Fassadend\u00e4mmung sorgt bei kalten Au\u00dfentemperaturen f\u00fcr eine erh\u00f6hte Innenraumtemperatur. Ein gut ged\u00e4mmtes Haus senkt die Heizkosten\u201c, betont er. Angesichts der aktuell hohen Energiekostenpreise sei das f\u00fcr die meisten Bauherren ein wichtiges Argument f\u00fcr die energetische Geb\u00e4udesanierung, die zudem vom Staat durch F\u00f6rdermittel unterst\u00fctzt wird.<\/p>\n<p>J\u00fcrgen Aldinger hat die Energieeffizienz des Objekts exakt beurteilt, den Besitzer umfassend zu m\u00f6glichen F\u00f6rdermitteln beraten und einen genauen Sanierungsfahrplan mit angestrebten Energieverbrauchswerten aufgestellt. Wieviel Geld man durch eine energetische Sanierung einsparen kann, m\u00f6chte er aber nicht pauschal sagen: \u201eDie Einsparung ist immer nutzerabh\u00e4ngig, und wir m\u00fcssen jedes Geb\u00e4ude individuell betrachten. Wichtig ist, die gesamte Geb\u00e4udeh\u00fclle in die Untersuchungen und Berechnungen einzubeziehen, um dann die sinnvollen energetischen Ma\u00dfnahmen festzulegen. Das kann dann eine einzelne Ma\u00dfnahme wie eine Fassadend\u00e4mmung sein oder auch die Optimierung der gesamten Geb\u00e4udeh\u00fclle mit zus\u00e4tzlich Dach, Fenstern oder auch Kellerdecke. Und schlie\u00dflich spielt auch die Geb\u00e4udetechnik eine wichtige Rolle.\u201c<\/p>\n<p>Aber an erster Stelle sollte stehen, den Heizw\u00e4rmebedarf durch eine gut ged\u00e4mmte H\u00fclle zu senken. Das Sechsfamilienhaus von 1993 entsprach der zweiten W\u00e4rmeschutz-Verordnung, wies also einen gewissen energetischen Standard auf, der nun stark angehoben werden konnte. \u201eDurch die Fassadend\u00e4mmung wird der D\u00e4mmwert der Wand zirka um das Dreifache verbessert\u201c, erl\u00e4utert Aldinger.<\/p>\n<p><strong>Wirtschaftlichkeit gewahrt<\/strong><\/p>\n<p>Bei der Wahl des D\u00e4mmstoffes ging Fassadenprofi Hans Haussmann auf die Vorstellungen des Bauherrn ein: \u201eEr hat sich eine wirtschaftliche und effiziente Fassade gew\u00fcnscht. Bei Mehrfamilienh\u00e4usern empfehlen wir aufgrund des guten Preis-Leistungs-Verh\u00e4ltnisses meist eine D\u00e4mmung aus Polystyrol\u201c, erl\u00e4utert Haussmann. \u201eDie gro\u00dfen Wandfl\u00e4chen wurden mit dem System StoTherm Vario ged\u00e4mmt. Es besteht aus einer mineralischen Klebe- und Armierungsmasse, einer D\u00e4mmplatte, einem organisch gebundenen Oberputz und einer Fassadenfarbe. Sie sch\u00fctzt den kompletten Wandaufbau langfristig vor der Witterung. Um bei der D\u00e4mmung der innenliegenden Balkone wenig Fl\u00e4che zu verlieren, haben wir die Nischen mit einem Hochleistungsd\u00e4mmsystem (StoTherm PIR) mit besonders schlanken D\u00e4mmplatten ausgef\u00fchrt.\u201c<\/p>\n<p><strong>Nachhaltigkeit ber\u00fccksichtigt<\/strong><\/p>\n<p>Der umweltbewusste Bauherr erkundigte sich zudem sehr genau, welche Materialien an seinem Objekt verbaut werden sollen. \u201eGenau zum Zeitpunkt der Planungen brachte Sto eine neue D\u00e4mmplatte auf den Markt, die zu 100 Prozent auf Resten der Land- und Forstwirtschaft basiert\u201c, berichtet Haussmann. \u201eDass f\u00fcr die Herstellung der Sto-D\u00e4mmplatte Top32 Biomass keine fossilen Rohstoffe wie Erdgas oder Erd\u00f6l ben\u00f6tigt werden und darum weniger CO2 freigesetzt wird, begeisterte unseren Auftraggeber sofort.\u201c<\/p>\n<p><strong>Gewohnt verarbeitet<\/strong><\/p>\n<p>Als Fachhandwerker legt Hans Haussmann viel Wert auf die Verarbeitungseigenschaften: \u201eIn diesem Punkt unterscheidet sich die Platte \u00fcberhaupt nicht von der herk\u00f6mmlichen Polystyrolplatte. Sie weist sogar die gleiche W\u00e4rmeleitf\u00e4higkeit auf. Lediglich ihr Grundstoff ist ein anderer, was ich super finde. Produkte aus organischen Rohstoffen helfen uns, im Handwerk aus der Abh\u00e4ngigkeit von fossilen Stoffen zu kommen. Und immer h\u00e4ufiger formulieren unsere Auftraggeber exakt diese Anforderung.\u201c<\/p>\n<p>&nbsp;<\/p>\n<hr \/>\n<p>&nbsp;<\/p>\n<p><a href=\"http:\/\/www.pr-neu.de\/newsroom\/wordpress\/wp-content\/uploads\/2022\/09\/22_27_Ostfildern_1_G-scaled.jpg\" target=\"_blank\" rel=\"noopener\"><img loading=\"lazy\" decoding=\"async\" class=\"aligncenter wp-image-15285 size-medium\" src=\"http:\/\/www.pr-neu.de\/newsroom\/wordpress\/wp-content\/uploads\/2022\/09\/22_27_Ostfildern_1_G-300x200.jpg\" alt=\"\" width=\"300\" height=\"200\" srcset=\"https:\/\/www.pr-neu.de\/newsroom\/wordpress\/wp-content\/uploads\/2022\/09\/22_27_Ostfildern_1_G-300x200.jpg 300w, https:\/\/www.pr-neu.de\/newsroom\/wordpress\/wp-content\/uploads\/2022\/09\/22_27_Ostfildern_1_G-1024x683.jpg 1024w, https:\/\/www.pr-neu.de\/newsroom\/wordpress\/wp-content\/uploads\/2022\/09\/22_27_Ostfildern_1_G-768x512.jpg 768w, https:\/\/www.pr-neu.de\/newsroom\/wordpress\/wp-content\/uploads\/2022\/09\/22_27_Ostfildern_1_G-1536x1025.jpg 1536w, https:\/\/www.pr-neu.de\/newsroom\/wordpress\/wp-content\/uploads\/2022\/09\/22_27_Ostfildern_1_G-2048x1366.jpg 2048w, https:\/\/www.pr-neu.de\/newsroom\/wordpress\/wp-content\/uploads\/2022\/09\/22_27_Ostfildern_1_G-110x73.jpg 110w, https:\/\/www.pr-neu.de\/newsroom\/wordpress\/wp-content\/uploads\/2022\/09\/22_27_Ostfildern_1_G-420x280.jpg 420w, https:\/\/www.pr-neu.de\/newsroom\/wordpress\/wp-content\/uploads\/2022\/09\/22_27_Ostfildern_1_G-645x430.jpg 645w\" sizes=\"auto, (max-width: 300px) 100vw, 300px\" \/><\/a><\/p>\n<p><a href=\"http:\/\/www.pr-neu.de\/newsroom\/wordpress\/wp-content\/uploads\/2022\/09\/22_27_Ostfildern_3_G-scaled.jpg\" target=\"_blank\" rel=\"noopener\"><img loading=\"lazy\" decoding=\"async\" class=\"aligncenter wp-image-15287 size-medium\" src=\"http:\/\/www.pr-neu.de\/newsroom\/wordpress\/wp-content\/uploads\/2022\/09\/22_27_Ostfildern_3_G-200x300.jpg\" alt=\"\" width=\"200\" height=\"300\" srcset=\"https:\/\/www.pr-neu.de\/newsroom\/wordpress\/wp-content\/uploads\/2022\/09\/22_27_Ostfildern_3_G-200x300.jpg 200w, https:\/\/www.pr-neu.de\/newsroom\/wordpress\/wp-content\/uploads\/2022\/09\/22_27_Ostfildern_3_G-683x1024.jpg 683w, https:\/\/www.pr-neu.de\/newsroom\/wordpress\/wp-content\/uploads\/2022\/09\/22_27_Ostfildern_3_G-768x1151.jpg 768w, https:\/\/www.pr-neu.de\/newsroom\/wordpress\/wp-content\/uploads\/2022\/09\/22_27_Ostfildern_3_G-1025x1536.jpg 1025w, https:\/\/www.pr-neu.de\/newsroom\/wordpress\/wp-content\/uploads\/2022\/09\/22_27_Ostfildern_3_G-1366x2048.jpg 1366w, https:\/\/www.pr-neu.de\/newsroom\/wordpress\/wp-content\/uploads\/2022\/09\/22_27_Ostfildern_3_G-73x110.jpg 73w, https:\/\/www.pr-neu.de\/newsroom\/wordpress\/wp-content\/uploads\/2022\/09\/22_27_Ostfildern_3_G-280x420.jpg 280w, https:\/\/www.pr-neu.de\/newsroom\/wordpress\/wp-content\/uploads\/2022\/09\/22_27_Ostfildern_3_G-287x430.jpg 287w, https:\/\/www.pr-neu.de\/newsroom\/wordpress\/wp-content\/uploads\/2022\/09\/22_27_Ostfildern_3_G-scaled.jpg 1708w\" sizes=\"auto, (max-width: 200px) 100vw, 200px\" \/><\/a><\/p>\n<p style=\"text-align: center;\"><a href=\"http:\/\/www.pr-neu.de\/newsroom\/wordpress\/wp-content\/uploads\/2022\/09\/22_27_Ostfildern_2_G-scaled.jpg\" target=\"_blank\" rel=\"noopener\"><img loading=\"lazy\" decoding=\"async\" class=\"wp-image-15286 size-medium\" src=\"http:\/\/www.pr-neu.de\/newsroom\/wordpress\/wp-content\/uploads\/2022\/09\/22_27_Ostfildern_2_G-200x300.jpg\" alt=\"\" width=\"200\" height=\"300\" srcset=\"https:\/\/www.pr-neu.de\/newsroom\/wordpress\/wp-content\/uploads\/2022\/09\/22_27_Ostfildern_2_G-200x300.jpg 200w, https:\/\/www.pr-neu.de\/newsroom\/wordpress\/wp-content\/uploads\/2022\/09\/22_27_Ostfildern_2_G-683x1024.jpg 683w, https:\/\/www.pr-neu.de\/newsroom\/wordpress\/wp-content\/uploads\/2022\/09\/22_27_Ostfildern_2_G-768x1151.jpg 768w, https:\/\/www.pr-neu.de\/newsroom\/wordpress\/wp-content\/uploads\/2022\/09\/22_27_Ostfildern_2_G-1025x1536.jpg 1025w, https:\/\/www.pr-neu.de\/newsroom\/wordpress\/wp-content\/uploads\/2022\/09\/22_27_Ostfildern_2_G-1366x2048.jpg 1366w, https:\/\/www.pr-neu.de\/newsroom\/wordpress\/wp-content\/uploads\/2022\/09\/22_27_Ostfildern_2_G-73x110.jpg 73w, https:\/\/www.pr-neu.de\/newsroom\/wordpress\/wp-content\/uploads\/2022\/09\/22_27_Ostfildern_2_G-280x420.jpg 280w, https:\/\/www.pr-neu.de\/newsroom\/wordpress\/wp-content\/uploads\/2022\/09\/22_27_Ostfildern_2_G-287x430.jpg 287w, https:\/\/www.pr-neu.de\/newsroom\/wordpress\/wp-content\/uploads\/2022\/09\/22_27_Ostfildern_2_G-scaled.jpg 1708w\" sizes=\"auto, (max-width: 200px) 100vw, 200px\" \/><\/a><\/p>\n<p style=\"text-align: center;\">D\u00e4mmt so gut wie eine konventionelle EPS-Platte und l\u00e4sst sich genauso einfach verarbeiten \u2013 basiert aber vollst\u00e4ndig auf Reststoffen der Land- und Forstwirtschaft und ist damit besonders umweltfreundlich: Die neue biomassebilanzierten Sto-D\u00e4mmplatte Top32 Biomass, die hier am Objekt in Ostfildern appliziert wird.<\/p>\n<p>&nbsp;<\/p>\n<p style=\"text-align: center;\"><a href=\"http:\/\/www.pr-neu.de\/newsroom\/wordpress\/wp-content\/uploads\/2022\/09\/22_27_Ostfildern_4_G-scaled.jpg\" target=\"_blank\" rel=\"noopener\"><img loading=\"lazy\" decoding=\"async\" class=\"wp-image-15283 size-medium\" src=\"http:\/\/www.pr-neu.de\/newsroom\/wordpress\/wp-content\/uploads\/2022\/09\/22_27_Ostfildern_4_G-300x200.jpg\" alt=\"\" width=\"300\" height=\"200\" srcset=\"https:\/\/www.pr-neu.de\/newsroom\/wordpress\/wp-content\/uploads\/2022\/09\/22_27_Ostfildern_4_G-300x200.jpg 300w, https:\/\/www.pr-neu.de\/newsroom\/wordpress\/wp-content\/uploads\/2022\/09\/22_27_Ostfildern_4_G-1024x683.jpg 1024w, https:\/\/www.pr-neu.de\/newsroom\/wordpress\/wp-content\/uploads\/2022\/09\/22_27_Ostfildern_4_G-768x512.jpg 768w, https:\/\/www.pr-neu.de\/newsroom\/wordpress\/wp-content\/uploads\/2022\/09\/22_27_Ostfildern_4_G-1536x1024.jpg 1536w, https:\/\/www.pr-neu.de\/newsroom\/wordpress\/wp-content\/uploads\/2022\/09\/22_27_Ostfildern_4_G-2048x1365.jpg 2048w, https:\/\/www.pr-neu.de\/newsroom\/wordpress\/wp-content\/uploads\/2022\/09\/22_27_Ostfildern_4_G-110x73.jpg 110w, https:\/\/www.pr-neu.de\/newsroom\/wordpress\/wp-content\/uploads\/2022\/09\/22_27_Ostfildern_4_G-420x280.jpg 420w, https:\/\/www.pr-neu.de\/newsroom\/wordpress\/wp-content\/uploads\/2022\/09\/22_27_Ostfildern_4_G-645x430.jpg 645w\" sizes=\"auto, (max-width: 300px) 100vw, 300px\" \/><\/a><\/p>\n<p style=\"text-align: center;\">Das Sechs-Parteien-Wohnhaus in Ostfildern stammt aus den 1990er Jahren und entsprach dem Standard der 2. W\u00e4rmeschutzverordnung. Durch die energetische Sanierung konnte der Heizw\u00e4rmebedarf deutlich gesenkt werden.<\/p>\n<p>&nbsp;<\/p>\n<p style=\"text-align: center;\"><a href=\"http:\/\/www.pr-neu.de\/newsroom\/wordpress\/wp-content\/uploads\/2022\/09\/22_27_Haussmann_G-scaled.jpg\" target=\"_blank\" rel=\"noopener\"><img loading=\"lazy\" decoding=\"async\" class=\"wp-image-15284 size-medium\" src=\"http:\/\/www.pr-neu.de\/newsroom\/wordpress\/wp-content\/uploads\/2022\/09\/22_27_Haussmann_G-300x200.jpg\" alt=\"\" width=\"300\" height=\"200\" srcset=\"https:\/\/www.pr-neu.de\/newsroom\/wordpress\/wp-content\/uploads\/2022\/09\/22_27_Haussmann_G-300x200.jpg 300w, https:\/\/www.pr-neu.de\/newsroom\/wordpress\/wp-content\/uploads\/2022\/09\/22_27_Haussmann_G-1024x683.jpg 1024w, https:\/\/www.pr-neu.de\/newsroom\/wordpress\/wp-content\/uploads\/2022\/09\/22_27_Haussmann_G-768x512.jpg 768w, https:\/\/www.pr-neu.de\/newsroom\/wordpress\/wp-content\/uploads\/2022\/09\/22_27_Haussmann_G-1536x1025.jpg 1536w, https:\/\/www.pr-neu.de\/newsroom\/wordpress\/wp-content\/uploads\/2022\/09\/22_27_Haussmann_G-2048x1366.jpg 2048w, https:\/\/www.pr-neu.de\/newsroom\/wordpress\/wp-content\/uploads\/2022\/09\/22_27_Haussmann_G-110x73.jpg 110w, https:\/\/www.pr-neu.de\/newsroom\/wordpress\/wp-content\/uploads\/2022\/09\/22_27_Haussmann_G-420x280.jpg 420w, https:\/\/www.pr-neu.de\/newsroom\/wordpress\/wp-content\/uploads\/2022\/09\/22_27_Haussmann_G-645x430.jpg 645w\" sizes=\"auto, (max-width: 300px) 100vw, 300px\" \/><\/a><\/p>\n<p style=\"text-align: center;\">Diplom-Bauingenieur und Stuckateur Hans Haussmann ist von der neuen Platte \u00fcberzeugt: \u201eDie Platte ist qualitativ wie eine Standard-EPS-Platte. Aber die Grundstoffe sind umweltfreundlicher.\u201c<\/p>\n<p>&nbsp;<\/p>\n<p style=\"text-align: center;\">Fotos: Martin Baitinger \/ Sto SE &amp; Co. KGaA<\/p>\n<p>&nbsp;<\/p>\n<hr \/>\n<p>&nbsp;<\/p>\n<p>Abdruck honorarfrei, Belegexemplar erbeten.<\/p>\n","protected":false},"excerpt":{"rendered":"<p>Bei der Sanierung der Fassade eines Mehrfamilienhauses in Ostfildern bei Stuttgart, Baujahr 1993, standen gleich mehrere Ziele im Vordergrund: Eine neue Optik f\u00fcr das Geb\u00e4ude, eine bessere Energieeffizienz und die wirtschaftliche Umsetzung der Ma\u00dfnahmen mit nachhaltigen Produkten.<\/p>\n","protected":false},"author":9,"featured_media":15285,"comment_status":"closed","ping_status":"open","sticky":false,"template":"","format":"standard","meta":{"footnotes":""},"categories":[15],"tags":[1559,1569,2071,122,124,187,367,430,439,504,621,627],"class_list":["post-15282","post","type-post","status-publish","format-standard","has-post-thumbnail","hentry","category-sto","tag-baustelle","tag-daemmen","tag-daemmmaterial","tag-dammstoff","tag-dammung","tag-fassade","tag-nachhaltigkeit","tag-renovierung","tag-sanierung","tag-sto-2","tag-warmedammung","tag-wdvs"],"_links":{"self":[{"href":"https:\/\/www.pr-neu.de\/newsroom\/wp-json\/wp\/v2\/posts\/15282","targetHints":{"allow":["GET"]}}],"collection":[{"href":"https:\/\/www.pr-neu.de\/newsroom\/wp-json\/wp\/v2\/posts"}],"about":[{"href":"https:\/\/www.pr-neu.de\/newsroom\/wp-json\/wp\/v2\/types\/post"}],"author":[{"embeddable":true,"href":"https:\/\/www.pr-neu.de\/newsroom\/wp-json\/wp\/v2\/users\/9"}],"replies":[{"embeddable":true,"href":"https:\/\/www.pr-neu.de\/newsroom\/wp-json\/wp\/v2\/comments?post=15282"}],"version-history":[{"count":4,"href":"https:\/\/www.pr-neu.de\/newsroom\/wp-json\/wp\/v2\/posts\/15282\/revisions"}],"predecessor-version":[{"id":16845,"href":"https:\/\/www.pr-neu.de\/newsroom\/wp-json\/wp\/v2\/posts\/15282\/revisions\/16845"}],"wp:featuredmedia":[{"embeddable":true,"href":"https:\/\/www.pr-neu.de\/newsroom\/wp-json\/wp\/v2\/media\/15285"}],"wp:attachment":[{"href":"https:\/\/www.pr-neu.de\/newsroom\/wp-json\/wp\/v2\/media?parent=15282"}],"wp:term":[{"taxonomy":"category","embeddable":true,"href":"https:\/\/www.pr-neu.de\/newsroom\/wp-json\/wp\/v2\/categories?post=15282"},{"taxonomy":"post_tag","embeddable":true,"href":"https:\/\/www.pr-neu.de\/newsroom\/wp-json\/wp\/v2\/tags?post=15282"}],"curies":[{"name":"wp","href":"https:\/\/api.w.org\/{rel}","templated":true}]}}