{"id":15266,"date":"2022-09-12T08:05:21","date_gmt":"2022-09-12T06:05:21","guid":{"rendered":"https:\/\/www.pr-neu.de\/newsroom\/?p=15266"},"modified":"2022-09-13T15:13:47","modified_gmt":"2022-09-13T13:13:47","slug":"die-kunst-der-schallabsorption","status":"publish","type":"post","link":"https:\/\/www.pr-neu.de\/newsroom\/die-kunst-der-schallabsorption\/","title":{"rendered":"Die Kunst der Schallabsorption"},"content":{"rendered":"<p><u>Huamao Museum of Art and Education in Ningbo \/ China<\/u><\/p>\n<p><strong>Das von den portugiesischen Architekten \u00c1lvaro Siza und Carlos Castanheira entworfene Huamao Museum of Art and Education in Ningbo s\u00fcdlich von Schanghai ist das erste Museum f\u00fcr Kunsterziehung in China. Bei den weitgespannten, nahezu fugenlosen Akustikdecken setzten die Planer auf das abgeh\u00e4ngte System StoSilent Distance mit der por\u00f6sen Silikatbeschichtung StoSilent Decor M.<\/strong><\/p>\n<p>Auf dreieckigem Grundriss mit abgerundeten Ecken erstreckt sich das Geb\u00e4ude, das an drei Seiten durch bepflanzte und gepflasterte Fl\u00e4chen begrenzt ist. Das Volumen schiebt sich an allen Seiten \u00fcber das Sockelgeschoss und ist in eine dunkle fensterlose Fassadenh\u00fclle aus Aluminiumwellblech gekleidet. Je nach Lichteinfall und Blickwinkel wechselt das Bild zwischen Schwarz und Silber. An der Nordwestfassade, zwischen Museum und Hang, befindet sich der Haupteingang \u2013 versteckt, schmal und komprimiert, bevor er sich im Foyer mit seiner bogenf\u00f6rmigen, mit einer Steinplatte verkleideten Empfangstheke \u00f6ffnet.<\/p>\n<p><strong>Raum<\/strong><\/p>\n<p>Im Gegensatz zur dunklen Au\u00dfenhaut ist der Innenraum ganz in Wei\u00df gehalten. Entlang der l\u00e4ngsten Seite des Grundrisses reihen sich die Treppen, Aufz\u00fcge, Lager und Sanit\u00e4rr\u00e4ume. Im mittleren Teil sind die Ausstellungsr\u00e4ume untergebracht. Im s\u00fcd\u00f6stlichen Zipfel der Dreiecksform erstreckt sich ein flie\u00dfender Freiraum vom ersten bis zum vierten Stockwerk, der von Rampen umgeben ist, \u00fcber die die Besucher in die einzelnen Ausstellungsebenen gelangen und verschiedene r\u00e4umliche Perspektiven erleben.<\/p>\n<p><strong>Licht<\/strong><\/p>\n<p>Ein Oberlicht sorgt f\u00fcr nat\u00fcrliche Belichtung, die durch die wei\u00dfen W\u00e4nde verst\u00e4rkt und durch bewusst platzierte \u00d6ffnungen in die umliegenden R\u00e4ume gebracht wird, wobei die Lichtintensit\u00e4t allm\u00e4hlich abnimmt. F\u00fcr die kontrollierte Beleuchtung der verschiedenen Ausstellungsr\u00e4ume werden R\u00f6hrenleuchten verwendet. Insgesamt dominiert ein gleichm\u00e4\u00dfiges und diffuses Licht, das der geometrischen Form des Raums einen vielschichtigen, lebendigen und starken Ausdruck verleiht.<\/p>\n<p><strong>Schall<\/strong><\/p>\n<p>Um auch das akustische Wohlbefinden im Museum zu optimieren, kam das abgeh\u00e4ngte Akustiksystem StoSilent Distance an zahlreichen Decken zum Einsatz. Es erlaubt, Fl\u00e4chen bis 200 Quadratmeter oder 20 Meter Seitenl\u00e4nge ohne Dehnfuge auszubilden. Die Standardversion des Systems wird auf einer Metallunterkonstruktion nach EN 13964 montiert und kann mit dem feinstk\u00f6rnigen Beschichtungssystem StoSilent Top (250 Farbt\u00f6ne) oder der por\u00f6sen Silikat-Akustikbeschichtung StoSilent Decor M (450 Farbt\u00f6ne) beschichtet werden. Der Einbau von Leuchten, L\u00fcftern oder versteckten Lautsprechern in die Decke ist problemlos m\u00f6glich. Die gepr\u00fcften Schallabsorptionswerte bewegen sich je nach Akustikplatte, Aufbauh\u00f6he und Beschichtung zwischen 0,40 und 0,80 (\u03b1w nach EN ISO 11654).<\/p>\n<p>&nbsp;<\/p>\n<hr \/>\n<p>&nbsp;<\/p>\n<p><strong>Bautafel<\/strong><\/p>\n<p><strong>Bauherr<\/strong>: Ningbo Huamao Education &amp; Culture Investment (unter Huamao Group, Ningbo)<br \/>\n<strong>Architekten<\/strong>: Carlos Castanheira + \u00c1lvaro Siza, Porto, Portugal<br \/>\n<strong>Verarbeiter<\/strong>: Zhejiang Wanhua Construction, Ningbo, China<br \/>\n<strong>Sto-Kompetenzen<\/strong>: Fugenlos beschichtetes Akustiksystem f\u00fcr Decken und nicht mechanisch beanspruchte Wandbereiche (StoSilent Distance), Beschichtung: StoSilent Decor M<\/p>\n<p>&nbsp;<\/p>\n<hr \/>\n<p>&nbsp;<\/p>\n<p style=\"text-align: center;\"><a href=\"http:\/\/www.pr-neu.de\/newsroom\/wordpress\/wp-content\/uploads\/2022\/09\/22-28_1_Museum_Aussenansicht_G-scaled.jpg\" target=\"_blank\" rel=\"noopener\"><img loading=\"lazy\" decoding=\"async\" class=\"wp-image-15268 size-medium\" src=\"http:\/\/www.pr-neu.de\/newsroom\/wordpress\/wp-content\/uploads\/2022\/09\/22-28_1_Museum_Aussenansicht_G-300x265.jpg\" alt=\"\" width=\"300\" height=\"265\" srcset=\"https:\/\/www.pr-neu.de\/newsroom\/wordpress\/wp-content\/uploads\/2022\/09\/22-28_1_Museum_Aussenansicht_G-300x265.jpg 300w, https:\/\/www.pr-neu.de\/newsroom\/wordpress\/wp-content\/uploads\/2022\/09\/22-28_1_Museum_Aussenansicht_G-1024x904.jpg 1024w, https:\/\/www.pr-neu.de\/newsroom\/wordpress\/wp-content\/uploads\/2022\/09\/22-28_1_Museum_Aussenansicht_G-768x678.jpg 768w, https:\/\/www.pr-neu.de\/newsroom\/wordpress\/wp-content\/uploads\/2022\/09\/22-28_1_Museum_Aussenansicht_G-1536x1356.jpg 1536w, https:\/\/www.pr-neu.de\/newsroom\/wordpress\/wp-content\/uploads\/2022\/09\/22-28_1_Museum_Aussenansicht_G-2048x1808.jpg 2048w, https:\/\/www.pr-neu.de\/newsroom\/wordpress\/wp-content\/uploads\/2022\/09\/22-28_1_Museum_Aussenansicht_G-110x97.jpg 110w, https:\/\/www.pr-neu.de\/newsroom\/wordpress\/wp-content\/uploads\/2022\/09\/22-28_1_Museum_Aussenansicht_G-420x371.jpg 420w, https:\/\/www.pr-neu.de\/newsroom\/wordpress\/wp-content\/uploads\/2022\/09\/22-28_1_Museum_Aussenansicht_G-487x430.jpg 487w\" sizes=\"auto, (max-width: 300px) 100vw, 300px\" \/><\/a><\/p>\n<p style=\"text-align: center;\">Von au\u00dfen betrachtet wirkt das Museum undurchdringlich, die abgerundeten Ecken verleihen dem Geb\u00e4ude etwas Flie\u00dfendes, das sich durch die Wegef\u00fchrung im Innern fortsetzt.<\/p>\n<p>&nbsp;<\/p>\n<p style=\"text-align: center;\"><a href=\"http:\/\/www.pr-neu.de\/newsroom\/wordpress\/wp-content\/uploads\/2022\/09\/22-28_2_Weisse_Innenraeume_G-scaled.jpg\" target=\"_blank\" rel=\"noopener\"><img loading=\"lazy\" decoding=\"async\" class=\"wp-image-15269 size-medium\" src=\"http:\/\/www.pr-neu.de\/newsroom\/wordpress\/wp-content\/uploads\/2022\/09\/22-28_2_Weisse_Innenraeume_G-222x300.jpg\" alt=\"\" width=\"222\" height=\"300\" srcset=\"https:\/\/www.pr-neu.de\/newsroom\/wordpress\/wp-content\/uploads\/2022\/09\/22-28_2_Weisse_Innenraeume_G-222x300.jpg 222w, https:\/\/www.pr-neu.de\/newsroom\/wordpress\/wp-content\/uploads\/2022\/09\/22-28_2_Weisse_Innenraeume_G-759x1024.jpg 759w, https:\/\/www.pr-neu.de\/newsroom\/wordpress\/wp-content\/uploads\/2022\/09\/22-28_2_Weisse_Innenraeume_G-768x1037.jpg 768w, https:\/\/www.pr-neu.de\/newsroom\/wordpress\/wp-content\/uploads\/2022\/09\/22-28_2_Weisse_Innenraeume_G-1138x1536.jpg 1138w, https:\/\/www.pr-neu.de\/newsroom\/wordpress\/wp-content\/uploads\/2022\/09\/22-28_2_Weisse_Innenraeume_G-1517x2048.jpg 1517w, https:\/\/www.pr-neu.de\/newsroom\/wordpress\/wp-content\/uploads\/2022\/09\/22-28_2_Weisse_Innenraeume_G-81x110.jpg 81w, https:\/\/www.pr-neu.de\/newsroom\/wordpress\/wp-content\/uploads\/2022\/09\/22-28_2_Weisse_Innenraeume_G-311x420.jpg 311w, https:\/\/www.pr-neu.de\/newsroom\/wordpress\/wp-content\/uploads\/2022\/09\/22-28_2_Weisse_Innenraeume_G-319x430.jpg 319w, https:\/\/www.pr-neu.de\/newsroom\/wordpress\/wp-content\/uploads\/2022\/09\/22-28_2_Weisse_Innenraeume_G-scaled.jpg 1897w\" sizes=\"auto, (max-width: 222px) 100vw, 222px\" \/><\/a><\/p>\n<p style=\"text-align: center;\">Im Gegensatz zur dunklen Geb\u00e4udeh\u00fclle ist das Innere des Museums, inklusive der fugenlosen Akustikdecken, ganz in Wei\u00df gehalten.<\/p>\n<p>&nbsp;<\/p>\n<p style=\"text-align: center;\"><a href=\"http:\/\/www.pr-neu.de\/newsroom\/wordpress\/wp-content\/uploads\/2022\/09\/22-28_3_Fugenlose_Akustikdecke_G-scaled.jpg\" target=\"_blank\" rel=\"noopener\"><img loading=\"lazy\" decoding=\"async\" class=\"aligncenter wp-image-15270 size-medium\" src=\"http:\/\/www.pr-neu.de\/newsroom\/wordpress\/wp-content\/uploads\/2022\/09\/22-28_3_Fugenlose_Akustikdecke_G-300x226.jpg\" alt=\"\" width=\"300\" height=\"226\" srcset=\"https:\/\/www.pr-neu.de\/newsroom\/wordpress\/wp-content\/uploads\/2022\/09\/22-28_3_Fugenlose_Akustikdecke_G-300x226.jpg 300w, https:\/\/www.pr-neu.de\/newsroom\/wordpress\/wp-content\/uploads\/2022\/09\/22-28_3_Fugenlose_Akustikdecke_G-1024x771.jpg 1024w, https:\/\/www.pr-neu.de\/newsroom\/wordpress\/wp-content\/uploads\/2022\/09\/22-28_3_Fugenlose_Akustikdecke_G-768x578.jpg 768w, https:\/\/www.pr-neu.de\/newsroom\/wordpress\/wp-content\/uploads\/2022\/09\/22-28_3_Fugenlose_Akustikdecke_G-1536x1156.jpg 1536w, https:\/\/www.pr-neu.de\/newsroom\/wordpress\/wp-content\/uploads\/2022\/09\/22-28_3_Fugenlose_Akustikdecke_G-2048x1541.jpg 2048w, https:\/\/www.pr-neu.de\/newsroom\/wordpress\/wp-content\/uploads\/2022\/09\/22-28_3_Fugenlose_Akustikdecke_G-110x83.jpg 110w, https:\/\/www.pr-neu.de\/newsroom\/wordpress\/wp-content\/uploads\/2022\/09\/22-28_3_Fugenlose_Akustikdecke_G-420x316.jpg 420w, https:\/\/www.pr-neu.de\/newsroom\/wordpress\/wp-content\/uploads\/2022\/09\/22-28_3_Fugenlose_Akustikdecke_G-571x430.jpg 571w\" sizes=\"auto, (max-width: 300px) 100vw, 300px\" \/><\/a><\/p>\n<p style=\"text-align: center;\">Das abgeh\u00e4ngte Akustikdeckensystem StoSilent Distance kann auf bis zu 200 Quadratmetern fugenlos beschichtet werden.<\/p>\n<p>&nbsp;<\/p>\n<p style=\"text-align: center;\"><a href=\"http:\/\/www.pr-neu.de\/newsroom\/wordpress\/wp-content\/uploads\/2022\/09\/22-28_4_Eingang_Empfang_G-scaled.jpg\" target=\"_blank\" rel=\"noopener\"><img loading=\"lazy\" decoding=\"async\" class=\"aligncenter wp-image-15271 size-medium\" src=\"http:\/\/www.pr-neu.de\/newsroom\/wordpress\/wp-content\/uploads\/2022\/09\/22-28_4_Eingang_Empfang_G-300x229.jpg\" alt=\"\" width=\"300\" height=\"229\" srcset=\"https:\/\/www.pr-neu.de\/newsroom\/wordpress\/wp-content\/uploads\/2022\/09\/22-28_4_Eingang_Empfang_G-300x229.jpg 300w, https:\/\/www.pr-neu.de\/newsroom\/wordpress\/wp-content\/uploads\/2022\/09\/22-28_4_Eingang_Empfang_G-1024x781.jpg 1024w, https:\/\/www.pr-neu.de\/newsroom\/wordpress\/wp-content\/uploads\/2022\/09\/22-28_4_Eingang_Empfang_G-768x586.jpg 768w, https:\/\/www.pr-neu.de\/newsroom\/wordpress\/wp-content\/uploads\/2022\/09\/22-28_4_Eingang_Empfang_G-1536x1171.jpg 1536w, https:\/\/www.pr-neu.de\/newsroom\/wordpress\/wp-content\/uploads\/2022\/09\/22-28_4_Eingang_Empfang_G-2048x1562.jpg 2048w, https:\/\/www.pr-neu.de\/newsroom\/wordpress\/wp-content\/uploads\/2022\/09\/22-28_4_Eingang_Empfang_G-110x84.jpg 110w, https:\/\/www.pr-neu.de\/newsroom\/wordpress\/wp-content\/uploads\/2022\/09\/22-28_4_Eingang_Empfang_G-420x320.jpg 420w, https:\/\/www.pr-neu.de\/newsroom\/wordpress\/wp-content\/uploads\/2022\/09\/22-28_4_Eingang_Empfang_G-564x430.jpg 564w\" sizes=\"auto, (max-width: 300px) 100vw, 300px\" \/><\/a><\/p>\n<p style=\"text-align: center;\">Der Eingangsbereich mit geschwungenem Empfangstresen.<\/p>\n<p>&nbsp;<\/p>\n<p style=\"text-align: center;\"><a href=\"http:\/\/www.pr-neu.de\/newsroom\/wordpress\/wp-content\/uploads\/2022\/09\/22-28_6_Beleuchtung_G-scaled.jpg\" target=\"_blank\" rel=\"noopener\"><img loading=\"lazy\" decoding=\"async\" class=\"aligncenter wp-image-15272 size-medium\" src=\"http:\/\/www.pr-neu.de\/newsroom\/wordpress\/wp-content\/uploads\/2022\/09\/22-28_6_Beleuchtung_G-300x230.jpg\" alt=\"\" width=\"300\" height=\"230\" srcset=\"https:\/\/www.pr-neu.de\/newsroom\/wordpress\/wp-content\/uploads\/2022\/09\/22-28_6_Beleuchtung_G-300x230.jpg 300w, https:\/\/www.pr-neu.de\/newsroom\/wordpress\/wp-content\/uploads\/2022\/09\/22-28_6_Beleuchtung_G-1024x787.jpg 1024w, https:\/\/www.pr-neu.de\/newsroom\/wordpress\/wp-content\/uploads\/2022\/09\/22-28_6_Beleuchtung_G-768x590.jpg 768w, https:\/\/www.pr-neu.de\/newsroom\/wordpress\/wp-content\/uploads\/2022\/09\/22-28_6_Beleuchtung_G-1536x1180.jpg 1536w, https:\/\/www.pr-neu.de\/newsroom\/wordpress\/wp-content\/uploads\/2022\/09\/22-28_6_Beleuchtung_G-2048x1573.jpg 2048w, https:\/\/www.pr-neu.de\/newsroom\/wordpress\/wp-content\/uploads\/2022\/09\/22-28_6_Beleuchtung_G-110x85.jpg 110w, https:\/\/www.pr-neu.de\/newsroom\/wordpress\/wp-content\/uploads\/2022\/09\/22-28_6_Beleuchtung_G-420x323.jpg 420w, https:\/\/www.pr-neu.de\/newsroom\/wordpress\/wp-content\/uploads\/2022\/09\/22-28_6_Beleuchtung_G-560x430.jpg 560w\" sizes=\"auto, (max-width: 300px) 100vw, 300px\" \/><\/a><\/p>\n<p style=\"text-align: center;\">Die R\u00f6hrenleuchten spenden Licht und sind Gestaltungselement.<\/p>\n<p>&nbsp;<\/p>\n<p style=\"text-align: center;\"><a href=\"http:\/\/www.pr-neu.de\/newsroom\/wordpress\/wp-content\/uploads\/2022\/09\/22-28_7_Innere_Ebenen_G-scaled.jpg\" target=\"_blank\" rel=\"noopener\"><img loading=\"lazy\" decoding=\"async\" class=\"wp-image-15273 size-medium\" src=\"http:\/\/www.pr-neu.de\/newsroom\/wordpress\/wp-content\/uploads\/2022\/09\/22-28_7_Innere_Ebenen_G-300x266.jpg\" alt=\"\" width=\"300\" height=\"266\" srcset=\"https:\/\/www.pr-neu.de\/newsroom\/wordpress\/wp-content\/uploads\/2022\/09\/22-28_7_Innere_Ebenen_G-300x266.jpg 300w, https:\/\/www.pr-neu.de\/newsroom\/wordpress\/wp-content\/uploads\/2022\/09\/22-28_7_Innere_Ebenen_G-1024x907.jpg 1024w, https:\/\/www.pr-neu.de\/newsroom\/wordpress\/wp-content\/uploads\/2022\/09\/22-28_7_Innere_Ebenen_G-768x680.jpg 768w, https:\/\/www.pr-neu.de\/newsroom\/wordpress\/wp-content\/uploads\/2022\/09\/22-28_7_Innere_Ebenen_G-1536x1360.jpg 1536w, https:\/\/www.pr-neu.de\/newsroom\/wordpress\/wp-content\/uploads\/2022\/09\/22-28_7_Innere_Ebenen_G-2048x1813.jpg 2048w, https:\/\/www.pr-neu.de\/newsroom\/wordpress\/wp-content\/uploads\/2022\/09\/22-28_7_Innere_Ebenen_G-110x97.jpg 110w, https:\/\/www.pr-neu.de\/newsroom\/wordpress\/wp-content\/uploads\/2022\/09\/22-28_7_Innere_Ebenen_G-420x372.jpg 420w, https:\/\/www.pr-neu.de\/newsroom\/wordpress\/wp-content\/uploads\/2022\/09\/22-28_7_Innere_Ebenen_G-486x430.jpg 486w\" sizes=\"auto, (max-width: 300px) 100vw, 300px\" \/><\/a><\/p>\n<p style=\"text-align: center;\">Immer wieder erlaubt die Architektur den freien Blick auf die unterschiedlichen Ebenen und schafft damit spannende Raumbeziehungen.<\/p>\n<p>&nbsp;<\/p>\n<p style=\"text-align: center;\"><a href=\"http:\/\/www.pr-neu.de\/newsroom\/wordpress\/wp-content\/uploads\/2022\/09\/22-28_10_Atrium_G-scaled.jpg\" target=\"_blank\" rel=\"noopener\"><img loading=\"lazy\" decoding=\"async\" class=\"aligncenter wp-image-15267 size-medium\" src=\"http:\/\/www.pr-neu.de\/newsroom\/wordpress\/wp-content\/uploads\/2022\/09\/22-28_10_Atrium_G-300x290.jpg\" alt=\"\" width=\"300\" height=\"290\" srcset=\"https:\/\/www.pr-neu.de\/newsroom\/wordpress\/wp-content\/uploads\/2022\/09\/22-28_10_Atrium_G-300x290.jpg 300w, https:\/\/www.pr-neu.de\/newsroom\/wordpress\/wp-content\/uploads\/2022\/09\/22-28_10_Atrium_G-1024x991.jpg 1024w, https:\/\/www.pr-neu.de\/newsroom\/wordpress\/wp-content\/uploads\/2022\/09\/22-28_10_Atrium_G-768x743.jpg 768w, https:\/\/www.pr-neu.de\/newsroom\/wordpress\/wp-content\/uploads\/2022\/09\/22-28_10_Atrium_G-1536x1486.jpg 1536w, https:\/\/www.pr-neu.de\/newsroom\/wordpress\/wp-content\/uploads\/2022\/09\/22-28_10_Atrium_G-2048x1981.jpg 2048w, https:\/\/www.pr-neu.de\/newsroom\/wordpress\/wp-content\/uploads\/2022\/09\/22-28_10_Atrium_G-110x106.jpg 110w, https:\/\/www.pr-neu.de\/newsroom\/wordpress\/wp-content\/uploads\/2022\/09\/22-28_10_Atrium_G-420x406.jpg 420w, https:\/\/www.pr-neu.de\/newsroom\/wordpress\/wp-content\/uploads\/2022\/09\/22-28_10_Atrium_G-444x430.jpg 444w\" sizes=\"auto, (max-width: 300px) 100vw, 300px\" \/><\/a><\/p>\n<p style=\"text-align: center;\">Das f\u00fcnfgeschossige Atrium mit seinen Rampen und Galerien sowie dem von oben kommenden nat\u00fcrlichen Licht bietet einen eindrucksvollen Raum innerhalb des Museums.<\/p>\n<p>&nbsp;<\/p>\n<p style=\"text-align: center;\">Bilder: Hou Pictures \/ Sto SE &amp; Co. KGaA<\/p>\n<p>&nbsp;<\/p>\n<hr \/>\n<p>&nbsp;<\/p>\n<p>Abdruck honorarfrei, Belegexemplar erbeten.<\/p>\n","protected":false},"excerpt":{"rendered":"<p>Das von den portugiesischen Architekten \u00c1lvaro Siza und Carlos Castanheira entworfene Huamao Museum of Art and Education in Ningbo s\u00fcdlich von Schanghai ist das erste Museum f\u00fcr Kunsterziehung in China.<\/p>\n","protected":false},"author":9,"featured_media":15267,"comment_status":"closed","ping_status":"open","sticky":false,"template":"","format":"standard","meta":{"footnotes":""},"categories":[15],"tags":[1719,2087,2083,2079,282,1713,2081,2085,439,1991,443],"class_list":["post-15266","post","type-post","status-publish","format-standard","has-post-thumbnail","hentry","category-sto","tag-akustik","tag-akustikdecke","tag-china","tag-huamao-museum-of-art-and-education","tag-innenarchitektur","tag-museum","tag-ningbo","tag-renovieerung","tag-sanierung","tag-schall","tag-schallschutz"],"_links":{"self":[{"href":"https:\/\/www.pr-neu.de\/newsroom\/wp-json\/wp\/v2\/posts\/15266","targetHints":{"allow":["GET"]}}],"collection":[{"href":"https:\/\/www.pr-neu.de\/newsroom\/wp-json\/wp\/v2\/posts"}],"about":[{"href":"https:\/\/www.pr-neu.de\/newsroom\/wp-json\/wp\/v2\/types\/post"}],"author":[{"embeddable":true,"href":"https:\/\/www.pr-neu.de\/newsroom\/wp-json\/wp\/v2\/users\/9"}],"replies":[{"embeddable":true,"href":"https:\/\/www.pr-neu.de\/newsroom\/wp-json\/wp\/v2\/comments?post=15266"}],"version-history":[{"count":3,"href":"https:\/\/www.pr-neu.de\/newsroom\/wp-json\/wp\/v2\/posts\/15266\/revisions"}],"predecessor-version":[{"id":15277,"href":"https:\/\/www.pr-neu.de\/newsroom\/wp-json\/wp\/v2\/posts\/15266\/revisions\/15277"}],"wp:featuredmedia":[{"embeddable":true,"href":"https:\/\/www.pr-neu.de\/newsroom\/wp-json\/wp\/v2\/media\/15267"}],"wp:attachment":[{"href":"https:\/\/www.pr-neu.de\/newsroom\/wp-json\/wp\/v2\/media?parent=15266"}],"wp:term":[{"taxonomy":"category","embeddable":true,"href":"https:\/\/www.pr-neu.de\/newsroom\/wp-json\/wp\/v2\/categories?post=15266"},{"taxonomy":"post_tag","embeddable":true,"href":"https:\/\/www.pr-neu.de\/newsroom\/wp-json\/wp\/v2\/tags?post=15266"}],"curies":[{"name":"wp","href":"https:\/\/api.w.org\/{rel}","templated":true}]}}