{"id":15232,"date":"2022-09-12T08:00:17","date_gmt":"2022-09-12T06:00:17","guid":{"rendered":"https:\/\/www.pr-neu.de\/newsroom\/?p=15232"},"modified":"2024-06-07T13:54:07","modified_gmt":"2024-06-07T11:54:07","slug":"die-kleinen-unterschiede","status":"publish","type":"post","link":"https:\/\/www.pr-neu.de\/newsroom\/die-kleinen-unterschiede\/","title":{"rendered":"Die \u201ekleinen\u201c Unterschiede"},"content":{"rendered":"<p><u>Welche ist die beste D\u00e4mmung?<\/u><\/p>\n<p><strong>Neptunb\u00e4lle, Schilf, Holzweichfasern, Mineralwolle oder doch das gute alte EPS? Die Frage nach dem \u201erichtigen\u201c D\u00e4mmstoff ist nicht einfach zu beantworten. Tatsache ist, dass die meisten nachwachsenden Rohstoffe nicht f\u00fcr die industrielle Anwendung taugen beziehungsweise so intensiv bearbeitet werden m\u00fcssten, dass sich ihr \u00f6kologischer Vorteil ins Gegenteil verkehrt. Und bei den D\u00e4mmstoffen, die geeignet sind \u2013 erlauben unter anderem Energiebilanzen oder CO2-Emissionen einen Vergleich.<\/strong><\/p>\n<p>Rund 10 Millionen Geb\u00e4ude in Deutschland m\u00fcssen dringend energetisch ert\u00fcchtigt werden. Werden deren Fassaden ged\u00e4mmt, wird j\u00e4hrlich Heizenergie in einer Gr\u00f6\u00dfenordnung eingespart, die 23 Milliarden Litern \u00d6l entspricht. Zugleich wird die Emission von 69 Millionen Tonnen CO2 verhindert. Welche Bedeutung diese Ma\u00dfnahme hat, wird deutlich, wenn man wei\u00df, dass ein Verbot aller deutschen Inlandsfl\u00fcge nur etwa zwei Millionen Tonnen CO2 einsparen w\u00fcrde.<\/p>\n<p>Das fachgerechte D\u00e4mmen von Fassaden mit W\u00e4rmed\u00e4mm-Verbundsystemen ist also immer ein Gewinn f\u00fcr das Klima, reduziert Energiekosten und steigert Wohnkomfort und Geb\u00e4udewert. Bleibt zu kl\u00e4ren: Wie kann ich die wichtige Rolle einer Fassadend\u00e4mmung noch weiter optimieren? Welche Fragen sollte man bei der Systemauswahl stellen?<\/p>\n<p><strong>Beeindruckende Bilanz<\/strong><\/p>\n<p>Nat\u00fcrlich wird bei der Herstellung eines WDVS auch Energie verbraucht und CO2 ausgesto\u00dfen. Diese Mengen werden jedoch in der Regel innerhalb von h\u00f6chstens zwei Jahren von den Einsparungen \u00fcbertroffen. Geht man nur von 40 Jahren Nutzung aus \u2013 das Bundeswirtschaftsministerium veranschlagt auf seiner Webseite 50 Jahre \u2013, sparen D\u00e4mmstoffe je nach Art und Geb\u00e4ude bis zu 50 mal so viel Energie ein, wie bei ihrer Herstellung verbraucht wurde. Weitet man den Blick vom blo\u00dfen D\u00e4mmstoff auf das ganze WDV-System, ergibt sich au\u00dferdem eine beeindruckende CO2-Bilanz: Das weltweit verbreitetste WDVS, das EPS-basierte StoTherm Classic, spart bei H\u00e4usern mit mehr als sechs Wohneinheiten innerhalb von 40 Jahren zirka 1.100 kg CO2e\/m2 (Kohlendioxid-\u00c4quivalent pro Quadratmeter) ein. Bei seiner Herstellung fallen jedoch nur 20,2 kg CO2e\/m2 an. Mit dem gleichen Einsparpotenzial und ebenfalls weit verbreitet sind Systeme auf der Basis von Steinwolle; StoTherm Mineral erreicht bei seiner Produktion einen ebenfalls guten Wert von 27,2 kg CO2e\/m2. Und StoTherm Wood, ein System mit einer Holzweichfaserplatte als D\u00e4mmung, weist dank der Speicherung von CO2 w\u00e4hrend der Wachstumsphase des Holzes sogar einen negativen Wert bei der Herstellung auf: 8,7 kg CO2e\/m2.<\/p>\n<p><strong>Die Zukunft w\u00e4chst nach<\/strong><\/p>\n<p>Sollen die Vorteile noch weiter gesteigert werden, bietet StoTherm AimS, das erste WDVS, das erhebliche Anteile an nachwachsenden Rohstoffen in fast allen Systemkomponenten enth\u00e4lt, eine elegante L\u00f6sung. Das nachhaltige WDVS besteht aus umweltfreundlichen Putzen, einer bionischen Farbe und kann mit einer biomassenbilanzierten EPS-D\u00e4mmplatte kombiniert werden. Die Bindemittel aller Beschichtungen des Systems werden zu 30 Prozent aus Kiefern\u00f6l (aus Holzverarbeitungsresten) hergestellt. Und bei der Produktion der Sto-D\u00e4mmplatte Top32 Biomass werden Grundstoffe genutzt, die zu 100 Prozent aus organischen Reststoffen gewonnen werden. Die Herstellung der zertifizierten Platte verbraucht also kein Erd\u00f6l und verursacht etwa zwei Drittel weniger CO2-Emissionen als vergleichbare Produkte. Das gesamte System verbraucht gegen\u00fcber vergleichbaren Standardsystemen beachtliche 80 Prozent weniger erd\u00f6lbasierte Grundstoffe und emittiert 30 Prozent weniger CO2 bei seiner Herstellung.<\/p>\n<p><strong>Auf der Raum-Gewinner-Seite<\/strong><\/p>\n<p>W\u00e4hrend bei Sanierungen die Bedeutung von WDV-Systemen unstrittig ist, werden bei Neubauten die deutlichen CO2-Bilanz-Unterschiede h\u00e4ufig ignoriert. Vergleicht man mehrschichtige Konstruktionen (z.B. Kalksandstein\/Beton + WDVS) mit monolithischen Bauweisen (z.B. Ziegel, gef\u00fcllt) schneidet die Kombination aus Wandbildner und D\u00e4mmsystem \u2013 je nach WDVS mal mehr oder weniger \u2013 immer besser als die monolithische Variante ab. Das zeigt das Beispiel Kalksandstein + StoTherm Classic versus Mauerziegel (beide mit U Wert: 0,2 W\/m2K) = 56,8 kg CO2e\/m2 versus 85,5 kg CO2e\/m2.<\/p>\n<p>&nbsp;<\/p>\n<hr \/>\n<p>&nbsp;<\/p>\n<p style=\"text-align: center;\"><a href=\"http:\/\/www.pr-neu.de\/newsroom\/wordpress\/wp-content\/uploads\/2022\/09\/22-24_Daemmstoffe_G.jpg\" target=\"_blank\" rel=\"noopener\"><img loading=\"lazy\" decoding=\"async\" class=\"aligncenter wp-image-15234 size-medium\" src=\"http:\/\/www.pr-neu.de\/newsroom\/wordpress\/wp-content\/uploads\/2022\/09\/22-24_Daemmstoffe_G-300x200.jpg\" alt=\"\" width=\"300\" height=\"200\" srcset=\"https:\/\/www.pr-neu.de\/newsroom\/wordpress\/wp-content\/uploads\/2022\/09\/22-24_Daemmstoffe_G-300x200.jpg 300w, https:\/\/www.pr-neu.de\/newsroom\/wordpress\/wp-content\/uploads\/2022\/09\/22-24_Daemmstoffe_G-1024x683.jpg 1024w, https:\/\/www.pr-neu.de\/newsroom\/wordpress\/wp-content\/uploads\/2022\/09\/22-24_Daemmstoffe_G-768x513.jpg 768w, https:\/\/www.pr-neu.de\/newsroom\/wordpress\/wp-content\/uploads\/2022\/09\/22-24_Daemmstoffe_G-1536x1025.jpg 1536w, https:\/\/www.pr-neu.de\/newsroom\/wordpress\/wp-content\/uploads\/2022\/09\/22-24_Daemmstoffe_G-110x73.jpg 110w, https:\/\/www.pr-neu.de\/newsroom\/wordpress\/wp-content\/uploads\/2022\/09\/22-24_Daemmstoffe_G-420x280.jpg 420w, https:\/\/www.pr-neu.de\/newsroom\/wordpress\/wp-content\/uploads\/2022\/09\/22-24_Daemmstoffe_G-644x430.jpg 644w, https:\/\/www.pr-neu.de\/newsroom\/wordpress\/wp-content\/uploads\/2022\/09\/22-24_Daemmstoffe_G.jpg 1795w\" sizes=\"auto, (max-width: 300px) 100vw, 300px\" \/><\/a><\/p>\n<p style=\"text-align: center;\">Die Vielfalt der eingesetzten D\u00e4mmstoffe bei Sto ist einzigartig im Markt und alle darauf beruhenden Systeme sparen wertvolle Energie und reduzieren CO2-Emissionen.<\/p>\n<p style=\"text-align: center;\">Bild: Sto SE &amp; Co. KGaA<\/p>\n<p>&nbsp;<\/p>\n<p style=\"text-align: center;\"><a href=\"http:\/\/www.pr-neu.de\/newsroom\/wordpress\/wp-content\/uploads\/2022\/09\/22-24_Fassadendaemmung_G-scaled.jpg\" target=\"_blank\" rel=\"noopener\"><img loading=\"lazy\" decoding=\"async\" class=\"wp-image-15233 size-medium\" src=\"http:\/\/www.pr-neu.de\/newsroom\/wordpress\/wp-content\/uploads\/2022\/09\/22-24_Fassadendaemmung_G-300x191.jpg\" alt=\"\" width=\"300\" height=\"191\" srcset=\"https:\/\/www.pr-neu.de\/newsroom\/wordpress\/wp-content\/uploads\/2022\/09\/22-24_Fassadendaemmung_G-300x191.jpg 300w, https:\/\/www.pr-neu.de\/newsroom\/wordpress\/wp-content\/uploads\/2022\/09\/22-24_Fassadendaemmung_G-1024x654.jpg 1024w, https:\/\/www.pr-neu.de\/newsroom\/wordpress\/wp-content\/uploads\/2022\/09\/22-24_Fassadendaemmung_G-768x490.jpg 768w, https:\/\/www.pr-neu.de\/newsroom\/wordpress\/wp-content\/uploads\/2022\/09\/22-24_Fassadendaemmung_G-1536x980.jpg 1536w, https:\/\/www.pr-neu.de\/newsroom\/wordpress\/wp-content\/uploads\/2022\/09\/22-24_Fassadendaemmung_G-2048x1307.jpg 2048w, https:\/\/www.pr-neu.de\/newsroom\/wordpress\/wp-content\/uploads\/2022\/09\/22-24_Fassadendaemmung_G-110x70.jpg 110w, https:\/\/www.pr-neu.de\/newsroom\/wordpress\/wp-content\/uploads\/2022\/09\/22-24_Fassadendaemmung_G-420x268.jpg 420w, https:\/\/www.pr-neu.de\/newsroom\/wordpress\/wp-content\/uploads\/2022\/09\/22-24_Fassadendaemmung_G-674x430.jpg 674w\" sizes=\"auto, (max-width: 300px) 100vw, 300px\" \/><\/a><\/p>\n<p style=\"text-align: center;\">Das \u00f6kologische WDVS StoTherm Wood basiert auf einer Holzweichfaserplatte. Diese weist aufgrund der Speicherung von CO2 w\u00e4hrend der Wachstumsphase des Holzes sogar eine negative CO2-Bilanz bei der Herstellung auf.<\/p>\n<p style=\"text-align: center;\">Bild: Martin Duckek \/ Sto SE &amp; Co. KGaA<\/p>\n<p>&nbsp;<\/p>\n<hr \/>\n<p>&nbsp;<\/p>\n<p>Abdruck honorarfrei, Belegexemplar erbeten.<\/p>\n","protected":false},"excerpt":{"rendered":"<p>Welche ist die beste D\u00e4mmung? Neptunb\u00e4lle, Schilf, Holzweichfasern, Mineralwolle oder doch das gute alte EPS?<\/p>\n","protected":false},"author":9,"featured_media":15234,"comment_status":"closed","ping_status":"open","sticky":false,"template":"","format":"standard","meta":{"footnotes":""},"categories":[15],"tags":[1577,75,1569,2071,122,124,367,504,627],"class_list":["post-15232","post","type-post","status-publish","format-standard","has-post-thumbnail","hentry","category-sto","tag-baumaterial","tag-baustoffe","tag-daemmen","tag-daemmmaterial","tag-dammstoff","tag-dammung","tag-nachhaltigkeit","tag-sto-2","tag-wdvs"],"_links":{"self":[{"href":"https:\/\/www.pr-neu.de\/newsroom\/wp-json\/wp\/v2\/posts\/15232","targetHints":{"allow":["GET"]}}],"collection":[{"href":"https:\/\/www.pr-neu.de\/newsroom\/wp-json\/wp\/v2\/posts"}],"about":[{"href":"https:\/\/www.pr-neu.de\/newsroom\/wp-json\/wp\/v2\/types\/post"}],"author":[{"embeddable":true,"href":"https:\/\/www.pr-neu.de\/newsroom\/wp-json\/wp\/v2\/users\/9"}],"replies":[{"embeddable":true,"href":"https:\/\/www.pr-neu.de\/newsroom\/wp-json\/wp\/v2\/comments?post=15232"}],"version-history":[{"count":3,"href":"https:\/\/www.pr-neu.de\/newsroom\/wp-json\/wp\/v2\/posts\/15232\/revisions"}],"predecessor-version":[{"id":16849,"href":"https:\/\/www.pr-neu.de\/newsroom\/wp-json\/wp\/v2\/posts\/15232\/revisions\/16849"}],"wp:featuredmedia":[{"embeddable":true,"href":"https:\/\/www.pr-neu.de\/newsroom\/wp-json\/wp\/v2\/media\/15234"}],"wp:attachment":[{"href":"https:\/\/www.pr-neu.de\/newsroom\/wp-json\/wp\/v2\/media?parent=15232"}],"wp:term":[{"taxonomy":"category","embeddable":true,"href":"https:\/\/www.pr-neu.de\/newsroom\/wp-json\/wp\/v2\/categories?post=15232"},{"taxonomy":"post_tag","embeddable":true,"href":"https:\/\/www.pr-neu.de\/newsroom\/wp-json\/wp\/v2\/tags?post=15232"}],"curies":[{"name":"wp","href":"https:\/\/api.w.org\/{rel}","templated":true}]}}