{"id":15226,"date":"2022-09-12T08:00:56","date_gmt":"2022-09-12T06:00:56","guid":{"rendered":"https:\/\/www.pr-neu.de\/newsroom\/?p=15226"},"modified":"2022-09-13T15:26:47","modified_gmt":"2022-09-13T13:26:47","slug":"mit-farbe-emotionen-wecken","status":"publish","type":"post","link":"https:\/\/www.pr-neu.de\/newsroom\/mit-farbe-emotionen-wecken\/","title":{"rendered":"Mit Farbe Emotionen wecken"},"content":{"rendered":"<p><u>Sto SE &amp; Co. KGaA: Das neue StoColor System<\/u><\/p>\n<p><strong>Harmonische Farbgestaltung: Das neue StoColor System erweitert den Nutzen von Farbsystemen und erleichtert die Kombination unterschiedlicher Farbt\u00f6ne. Damit ist es ein ideales Werkzeug f\u00fcr die Gestaltung von Bauwerken. Grundlage des 1.000 T\u00f6ne umfassenden Spektrums sind feine Abstufungen bei Farbwert, S\u00e4ttigung und Helligkeit.<\/strong><\/p>\n<p>Das neue StoColor System reduziert \u201eFarbe\u201c nicht auf technische Daten, sondern entwickelt in erster Linie neue Ans\u00e4tze f\u00fcr die praktische Anwendbarkeit. Insbesondere liefert es Antworten auf die anspruchsvolle Frage, welche Farbt\u00f6ne sich optisch harmonisch kombinieren lassen. Das System geht dabei \u00fcber Ton-in-Ton-L\u00f6sungen hinaus und findet auch \u00e4sthetische polychrome L\u00f6sungen. Solche Ans\u00e4tze sind vor allem f\u00fcr gr\u00f6\u00dfer Geb\u00e4ude und Quartiere interessant, in denen Farbe akzentuiert und dabei hilft, Bauk\u00f6rper zu gliedern.<\/p>\n<p>Das Farbsystem ist metrisch offen, basierend auf den Grundfarben Gelb, Rot und Blau. Zu den Abstufungen der Farbt\u00f6ne \u2013 in F\u00fcnf-Grad-Schritten auf dem 360-Grad-Farbkreis \u2013 kommen eine Aufhellungs- und eine Vergrauungsmatrix. Dies f\u00fchrt zu 1.000 Farbt\u00f6nen f\u00fcr die Fassade, 225 f\u00fcr den Innenraum, 200 Lack- und 38 Holzlasurt\u00f6ne. Diese Selektion basiert auf den Eigenschaften der Pigmente und Farbstoffe und deren Umsetzbarkeit. So bietet das StoColor System \u201eRezepte\u201c f\u00fcr den Umgang mit Farbe, Kompositionen und die Suche nach einer Farbharmonie.<\/p>\n<p><strong>Die Werkzeuge<\/strong><\/p>\n<p>Zentrales Werkzeug ist der Streifenf\u00e4cher mit 1.000 Farbt\u00f6nen f\u00fcr die Fassade \u2013 inklusive Wei\u00df- und Schwarzt\u00f6nen, einer neutralen und acht farbigen Graureihen sowie 65 historisch gepr\u00e4gten Farbt\u00f6nen. F\u00fcr das Beratungsgespr\u00e4ch stehen die StoColor System Edition mit sechs Farbf\u00e4chern sowie die StoColor System Box mit 1.000 DIN-A6-Einzelbl\u00e4ttern zur Verf\u00fcgung. Spezial-F\u00e4cher, zum Beispiel Neutral\/Natur oder Lacke und Lasuren, komplettieren die Edition. Damit werden Entwurf und Kundenberatung einfacher und zielf\u00fchrender. Weitere Infos: sto.de\/stocolorsystem.<\/p>\n<p>&nbsp;<\/p>\n<hr \/>\n<p>&nbsp;<\/p>\n<p style=\"text-align: center;\"><a href=\"http:\/\/www.pr-neu.de\/newsroom\/wordpress\/wp-content\/uploads\/2022\/09\/22-20_SCS_1_G-scaled.jpg\" target=\"_blank\" rel=\"noopener\"><img loading=\"lazy\" decoding=\"async\" class=\"aligncenter wp-image-15227 size-medium\" src=\"http:\/\/www.pr-neu.de\/newsroom\/wordpress\/wp-content\/uploads\/2022\/09\/22-20_SCS_1_G-300x226.jpg\" alt=\"\" width=\"300\" height=\"226\" srcset=\"https:\/\/www.pr-neu.de\/newsroom\/wordpress\/wp-content\/uploads\/2022\/09\/22-20_SCS_1_G-300x226.jpg 300w, https:\/\/www.pr-neu.de\/newsroom\/wordpress\/wp-content\/uploads\/2022\/09\/22-20_SCS_1_G-1024x771.jpg 1024w, https:\/\/www.pr-neu.de\/newsroom\/wordpress\/wp-content\/uploads\/2022\/09\/22-20_SCS_1_G-768x578.jpg 768w, https:\/\/www.pr-neu.de\/newsroom\/wordpress\/wp-content\/uploads\/2022\/09\/22-20_SCS_1_G-1536x1156.jpg 1536w, https:\/\/www.pr-neu.de\/newsroom\/wordpress\/wp-content\/uploads\/2022\/09\/22-20_SCS_1_G-2048x1542.jpg 2048w, https:\/\/www.pr-neu.de\/newsroom\/wordpress\/wp-content\/uploads\/2022\/09\/22-20_SCS_1_G-110x83.jpg 110w, https:\/\/www.pr-neu.de\/newsroom\/wordpress\/wp-content\/uploads\/2022\/09\/22-20_SCS_1_G-420x316.jpg 420w, https:\/\/www.pr-neu.de\/newsroom\/wordpress\/wp-content\/uploads\/2022\/09\/22-20_SCS_1_G-571x430.jpg 571w\" sizes=\"auto, (max-width: 300px) 100vw, 300px\" \/><\/a><\/p>\n<p style=\"text-align: center;\">Zwei Arbeitsmittel f\u00fcrs Fachhandwerk: die StoColor System Edition mit sechs F\u00e4chern und die StoColor System Box mit 1000 Einzelbl\u00e4ttern.<\/p>\n<p>&nbsp;<\/p>\n<p style=\"text-align: center;\"><a href=\"http:\/\/www.pr-neu.de\/newsroom\/wordpress\/wp-content\/uploads\/2022\/09\/22-20_SCS_2_G-scaled.jpg\" target=\"_blank\" rel=\"noopener\"><img loading=\"lazy\" decoding=\"async\" class=\"aligncenter wp-image-15228 size-medium\" src=\"http:\/\/www.pr-neu.de\/newsroom\/wordpress\/wp-content\/uploads\/2022\/09\/22-20_SCS_2_G-300x226.jpg\" alt=\"\" width=\"300\" height=\"226\" srcset=\"https:\/\/www.pr-neu.de\/newsroom\/wordpress\/wp-content\/uploads\/2022\/09\/22-20_SCS_2_G-300x226.jpg 300w, https:\/\/www.pr-neu.de\/newsroom\/wordpress\/wp-content\/uploads\/2022\/09\/22-20_SCS_2_G-1024x771.jpg 1024w, https:\/\/www.pr-neu.de\/newsroom\/wordpress\/wp-content\/uploads\/2022\/09\/22-20_SCS_2_G-768x578.jpg 768w, https:\/\/www.pr-neu.de\/newsroom\/wordpress\/wp-content\/uploads\/2022\/09\/22-20_SCS_2_G-1536x1156.jpg 1536w, https:\/\/www.pr-neu.de\/newsroom\/wordpress\/wp-content\/uploads\/2022\/09\/22-20_SCS_2_G-2048x1542.jpg 2048w, https:\/\/www.pr-neu.de\/newsroom\/wordpress\/wp-content\/uploads\/2022\/09\/22-20_SCS_2_G-110x83.jpg 110w, https:\/\/www.pr-neu.de\/newsroom\/wordpress\/wp-content\/uploads\/2022\/09\/22-20_SCS_2_G-420x316.jpg 420w, https:\/\/www.pr-neu.de\/newsroom\/wordpress\/wp-content\/uploads\/2022\/09\/22-20_SCS_2_G-571x430.jpg 571w\" sizes=\"auto, (max-width: 300px) 100vw, 300px\" \/><\/a><\/p>\n<p style=\"text-align: center;\">Der neue F\u00e4cher des StoColor Systems mit 1.000 Farbt\u00f6nen.<\/p>\n<p style=\"text-align: center;\">Bilder: Martin Baitinger \/ Sto SE &amp; Co. KGaA<\/p>\n<p>&nbsp;<\/p>\n<hr \/>\n<p>&nbsp;<\/p>\n<p>Abdruck honorarfrei, Belegexemplar erbeten.<\/p>\n","protected":false},"excerpt":{"rendered":"<p>Harmonische Farbgestaltung: Das neue StoColor System erweitert den Nutzen von Farbsystemen und erleichtert die Kombination unterschiedlicher Farbt\u00f6ne.<\/p>\n","protected":false},"author":9,"featured_media":15227,"comment_status":"closed","ping_status":"open","sticky":false,"template":"","format":"standard","meta":{"footnotes":""},"categories":[15],"tags":[180,181,249,347,504],"class_list":["post-15226","post","type-post","status-publish","format-standard","has-post-thumbnail","hentry","category-sto","tag-farbe","tag-farben","tag-handwerk","tag-maler","tag-sto-2"],"_links":{"self":[{"href":"https:\/\/www.pr-neu.de\/newsroom\/wp-json\/wp\/v2\/posts\/15226","targetHints":{"allow":["GET"]}}],"collection":[{"href":"https:\/\/www.pr-neu.de\/newsroom\/wp-json\/wp\/v2\/posts"}],"about":[{"href":"https:\/\/www.pr-neu.de\/newsroom\/wp-json\/wp\/v2\/types\/post"}],"author":[{"embeddable":true,"href":"https:\/\/www.pr-neu.de\/newsroom\/wp-json\/wp\/v2\/users\/9"}],"replies":[{"embeddable":true,"href":"https:\/\/www.pr-neu.de\/newsroom\/wp-json\/wp\/v2\/comments?post=15226"}],"version-history":[{"count":3,"href":"https:\/\/www.pr-neu.de\/newsroom\/wp-json\/wp\/v2\/posts\/15226\/revisions"}],"predecessor-version":[{"id":15231,"href":"https:\/\/www.pr-neu.de\/newsroom\/wp-json\/wp\/v2\/posts\/15226\/revisions\/15231"}],"wp:featuredmedia":[{"embeddable":true,"href":"https:\/\/www.pr-neu.de\/newsroom\/wp-json\/wp\/v2\/media\/15227"}],"wp:attachment":[{"href":"https:\/\/www.pr-neu.de\/newsroom\/wp-json\/wp\/v2\/media?parent=15226"}],"wp:term":[{"taxonomy":"category","embeddable":true,"href":"https:\/\/www.pr-neu.de\/newsroom\/wp-json\/wp\/v2\/categories?post=15226"},{"taxonomy":"post_tag","embeddable":true,"href":"https:\/\/www.pr-neu.de\/newsroom\/wp-json\/wp\/v2\/tags?post=15226"}],"curies":[{"name":"wp","href":"https:\/\/api.w.org\/{rel}","templated":true}]}}