{"id":15221,"date":"2022-09-12T08:00:17","date_gmt":"2022-09-12T06:00:17","guid":{"rendered":"https:\/\/www.pr-neu.de\/newsroom\/?p=15221"},"modified":"2022-09-26T11:51:22","modified_gmt":"2022-09-26T09:51:22","slug":"grenzen-ueberschreiten","status":"publish","type":"post","link":"https:\/\/www.pr-neu.de\/newsroom\/grenzen-ueberschreiten\/","title":{"rendered":"Grenzen \u00fcberschreiten"},"content":{"rendered":"<p><u>Das neue StoColor System<\/u><\/p>\n<p><strong>Klassische Farbsysteme bef\u00f6rdern aufgrund ihrer Systematik monochrome Farbkompositionen. Das neue StoColor System hat diese Grenze hinter sich gelassen und findet ebenso leicht polychrome Farbharmonien. Der Clou: Neben die \u00fcblichen Kriterien \u201eFarbwert\u201c, \u201eS\u00e4ttigung\u201c und \u201eHelligkeit\u201c stellt das StoColor System die vierte Dimension \u201eKomposition\u201c. Das System beinhaltet ausschlie\u00dflich praxisgerechte Farbt\u00f6ne, ist einfach zu handhaben und er\u00f6ffnet Perspektiven zwischen unterschiedlichen Buntt\u00f6nen.<\/strong><\/p>\n<p>Farben ordnen, differenzieren, orientieren und vermitteln Botschaften. Dies gilt auch \u2013 wenn nicht sogar ganz besonders \u2013 im Kontext von Architektur. Der Umgang mit Materialfarbigkeiten auf der einen Seite sowie mit Beschichtungen (Lacken, Lasuren, Putzen, Schl\u00e4mmen und Farben) auf der anderen Seite will also wohl \u00fcberlegt sein. Farbsysteme der Hersteller sind hier extrem hilfreich, da die Auswahl von Farbt\u00f6nen technischen und wirtschaftlichen Einschr\u00e4nkungen unterliegt. Was beispielsweise im Bereich der Druckfarben (CMYK) m\u00f6glich ist, kann nicht eins-zu-eins in die Welt der Baufarben \u00fcbertragen werden. Farbplanung muss daher mit spezifischen Werkzeugen erfolgen.<\/p>\n<p>Diese Werkzeuge sind Farb-Systematiken. Sie ordnen Farbt\u00f6ne nach unterschiedlichen Modellen gem\u00e4\u00df der Kriterien \u201eFarbwert\u201c (Buntton), \u201eS\u00e4ttigung\u201c und \u201eHelligkeit\u201c. So auch im bew\u00e4hrten StoColor System. Doch dieses wurde jetzt aktualisiert und um eine Dimension erweitert: die \u201eKomposition\u201c. Welche \u00dcberlegungen hinter diesem Schritt stehen, erkl\u00e4rt Peter Appenzeller, Leiter StoDesign Deutschland: \u201eWir wollten eine zeitgem\u00e4\u00dfe Antwort auf die Frage nach Farbharmonien geben. Der Fokus bestehender Farbsysteme liegt auf der monochromen Komposition. Oft wird eine Basisfarbe, also Rot, Gelb oder Blau, in unterschiedlichen Nuancen eingesetzt: aufgehellt, vergraut oder abgedunkelt. Aber die monochrome Harmonie hat Grenzen. Sie ist zwar in sich stimmig, wirkt aber manchmal langweilig. In unserem neuen StoColor System brechen wir diese Einschr\u00e4nkung auf: Die Intensit\u00e4t und Helligkeit eines Farbtons wird in Bezug gesetzt zu weiteren Farbt\u00f6nen, zu anderen Farbigkeiten.\u201c<\/p>\n<p><strong>Das System<\/strong><\/p>\n<p>Innerhalb der einzelnen Farbtonbereiche ist eine Auswahl an verschiedenen Tonwerten definiert. Diese Selektion basiert auf den Eigenschaften der Pigmente und Farbstoffe und deren Umsetzbarkeit in der Praxis. So bietet das StoColor System \u201eRezepte\u201c f\u00fcr den Umgang mit Farbe, Kompositionen und die Suche nach einer Farbharmonie.<\/p>\n<p>Es handelt sich um ein metrisch offenes Farbsystem, logisch aufgebaut und einfach zu kombinieren. Es basiert auf den drei Basisfarben Gelb, Rot und Blau. Eine Abstufung um jeweils f\u00fcnf Grad auf dem 360-Grad-Farbkreis f\u00fchrt zu 72 Grundfarbt\u00f6nen. Diese gibt es wiederum in einer Aufhellungsmatrix beziehungsweise bestimmten Vergrauungsmatrizen. Das neue Farbsystem (sto.de\/stocolorsystem) umfasst 1.000 Farbt\u00f6ne f\u00fcr die Fassade, 225 f\u00fcr die Innenraumgestaltung sowie 200 Lack- und 38 Holzlasurt\u00f6ne.<\/p>\n<p>&nbsp;<\/p>\n<hr \/>\n<p>&nbsp;<\/p>\n<p style=\"text-align: center;\"><a href=\"http:\/\/www.pr-neu.de\/newsroom\/wordpress\/wp-content\/uploads\/2022\/09\/22-20-arch_SCS_Farbtoene_2_G-scaled.jpg\" target=\"_blank\" rel=\"noopener\"><img loading=\"lazy\" decoding=\"async\" class=\"wp-image-15222 size-medium\" src=\"http:\/\/www.pr-neu.de\/newsroom\/wordpress\/wp-content\/uploads\/2022\/09\/22-20-arch_SCS_Farbtoene_2_G-200x300.jpg\" alt=\"\" width=\"200\" height=\"300\" srcset=\"https:\/\/www.pr-neu.de\/newsroom\/wordpress\/wp-content\/uploads\/2022\/09\/22-20-arch_SCS_Farbtoene_2_G-200x300.jpg 200w, https:\/\/www.pr-neu.de\/newsroom\/wordpress\/wp-content\/uploads\/2022\/09\/22-20-arch_SCS_Farbtoene_2_G-683x1024.jpg 683w, https:\/\/www.pr-neu.de\/newsroom\/wordpress\/wp-content\/uploads\/2022\/09\/22-20-arch_SCS_Farbtoene_2_G-768x1152.jpg 768w, https:\/\/www.pr-neu.de\/newsroom\/wordpress\/wp-content\/uploads\/2022\/09\/22-20-arch_SCS_Farbtoene_2_G-1024x1536.jpg 1024w, https:\/\/www.pr-neu.de\/newsroom\/wordpress\/wp-content\/uploads\/2022\/09\/22-20-arch_SCS_Farbtoene_2_G-1365x2048.jpg 1365w, https:\/\/www.pr-neu.de\/newsroom\/wordpress\/wp-content\/uploads\/2022\/09\/22-20-arch_SCS_Farbtoene_2_G-73x110.jpg 73w, https:\/\/www.pr-neu.de\/newsroom\/wordpress\/wp-content\/uploads\/2022\/09\/22-20-arch_SCS_Farbtoene_2_G-280x420.jpg 280w, https:\/\/www.pr-neu.de\/newsroom\/wordpress\/wp-content\/uploads\/2022\/09\/22-20-arch_SCS_Farbtoene_2_G-287x430.jpg 287w, https:\/\/www.pr-neu.de\/newsroom\/wordpress\/wp-content\/uploads\/2022\/09\/22-20-arch_SCS_Farbtoene_2_G-scaled.jpg 1706w\" sizes=\"auto, (max-width: 200px) 100vw, 200px\" \/><\/a><\/p>\n<p><a href=\"http:\/\/www.pr-neu.de\/newsroom\/wordpress\/wp-content\/uploads\/2022\/09\/22-20-arch_SCS_Farbtoene_2_G-1-scaled.jpg\" target=\"_blank\" rel=\"noopener\"><img loading=\"lazy\" decoding=\"async\" class=\"wp-image-15312 size-medium aligncenter\" src=\"http:\/\/www.pr-neu.de\/newsroom\/wordpress\/wp-content\/uploads\/2022\/09\/22-20-arch_SCS_Farbtoene_2_G-1-300x200.jpg\" alt=\"\" width=\"300\" height=\"200\" srcset=\"https:\/\/www.pr-neu.de\/newsroom\/wordpress\/wp-content\/uploads\/2022\/09\/22-20-arch_SCS_Farbtoene_2_G-1-300x200.jpg 300w, https:\/\/www.pr-neu.de\/newsroom\/wordpress\/wp-content\/uploads\/2022\/09\/22-20-arch_SCS_Farbtoene_2_G-1-1024x683.jpg 1024w, https:\/\/www.pr-neu.de\/newsroom\/wordpress\/wp-content\/uploads\/2022\/09\/22-20-arch_SCS_Farbtoene_2_G-1-768x512.jpg 768w, https:\/\/www.pr-neu.de\/newsroom\/wordpress\/wp-content\/uploads\/2022\/09\/22-20-arch_SCS_Farbtoene_2_G-1-1536x1024.jpg 1536w, https:\/\/www.pr-neu.de\/newsroom\/wordpress\/wp-content\/uploads\/2022\/09\/22-20-arch_SCS_Farbtoene_2_G-1-2048x1365.jpg 2048w, https:\/\/www.pr-neu.de\/newsroom\/wordpress\/wp-content\/uploads\/2022\/09\/22-20-arch_SCS_Farbtoene_2_G-1-110x73.jpg 110w, https:\/\/www.pr-neu.de\/newsroom\/wordpress\/wp-content\/uploads\/2022\/09\/22-20-arch_SCS_Farbtoene_2_G-1-420x280.jpg 420w, https:\/\/www.pr-neu.de\/newsroom\/wordpress\/wp-content\/uploads\/2022\/09\/22-20-arch_SCS_Farbtoene_2_G-1-645x430.jpg 645w\" sizes=\"auto, (max-width: 300px) 100vw, 300px\" \/><\/a><\/p>\n<p style=\"text-align: center;\">Alle Farbt\u00f6ne des neuen StoColor Systems lassen sich optimal in Bautenbeschichtungen umsetzen<\/p>\n<p>&nbsp;<\/p>\n<p style=\"text-align: center;\"><a href=\"http:\/\/www.pr-neu.de\/newsroom\/wordpress\/wp-content\/uploads\/2022\/09\/22-20-arch_SCS_Farbfaecher_G-scaled.jpg\" target=\"_blank\" rel=\"noopener\"><img loading=\"lazy\" decoding=\"async\" class=\"wp-image-15223 size-medium\" src=\"http:\/\/www.pr-neu.de\/newsroom\/wordpress\/wp-content\/uploads\/2022\/09\/22-20-arch_SCS_Farbfaecher_G-300x226.jpg\" alt=\"\" width=\"300\" height=\"226\" srcset=\"https:\/\/www.pr-neu.de\/newsroom\/wordpress\/wp-content\/uploads\/2022\/09\/22-20-arch_SCS_Farbfaecher_G-300x226.jpg 300w, https:\/\/www.pr-neu.de\/newsroom\/wordpress\/wp-content\/uploads\/2022\/09\/22-20-arch_SCS_Farbfaecher_G-1024x771.jpg 1024w, https:\/\/www.pr-neu.de\/newsroom\/wordpress\/wp-content\/uploads\/2022\/09\/22-20-arch_SCS_Farbfaecher_G-768x578.jpg 768w, https:\/\/www.pr-neu.de\/newsroom\/wordpress\/wp-content\/uploads\/2022\/09\/22-20-arch_SCS_Farbfaecher_G-1536x1156.jpg 1536w, https:\/\/www.pr-neu.de\/newsroom\/wordpress\/wp-content\/uploads\/2022\/09\/22-20-arch_SCS_Farbfaecher_G-2048x1542.jpg 2048w, https:\/\/www.pr-neu.de\/newsroom\/wordpress\/wp-content\/uploads\/2022\/09\/22-20-arch_SCS_Farbfaecher_G-110x83.jpg 110w, https:\/\/www.pr-neu.de\/newsroom\/wordpress\/wp-content\/uploads\/2022\/09\/22-20-arch_SCS_Farbfaecher_G-420x316.jpg 420w, https:\/\/www.pr-neu.de\/newsroom\/wordpress\/wp-content\/uploads\/2022\/09\/22-20-arch_SCS_Farbfaecher_G-571x430.jpg 571w\" sizes=\"auto, (max-width: 300px) 100vw, 300px\" \/><\/a><\/p>\n<p style=\"text-align: center;\">Als Arbeitsmittel dienen neben einem gro\u00dfen Streifenf\u00e4cher mit 1.000 Farbt\u00f6nen sechs Einzelf\u00e4cher (3 Farbr\u00e4ume: \u201eRot\u201c, \u201eGelb\u201c, \u201eBlau\u201c, Neutral\/Natur, Innenraum sowie Lacke und Lasuren) und die StoColor System Box mit 1.000 vollfl\u00e4chig beschichteten Einzelbl\u00e4ttern im Format A6.<\/p>\n<p style=\"text-align: center;\">Fotos: Martin Baitinger \/ Sto SE &amp; Co. KGaA<\/p>\n<p>&nbsp;<\/p>\n<hr \/>\n<p>&nbsp;<\/p>\n<p>Abdruck honorarfrei, Belegexemplar erbeten.<\/p>\n","protected":false},"excerpt":{"rendered":"<p>Klassische Farbsysteme bef\u00f6rdern aufgrund ihrer Systematik monochrome Farbkompositionen. Das neue StoColor System hat diese Grenze hinter sich gelassen und findet ebenso leicht polychrome Farbharmonien.<\/p>\n","protected":false},"author":9,"featured_media":15223,"comment_status":"closed","ping_status":"open","sticky":false,"template":"","format":"standard","meta":{"footnotes":""},"categories":[15],"tags":[2069,180,181,504],"class_list":["post-15221","post","type-post","status-publish","format-standard","has-post-thumbnail","hentry","category-sto","tag-color","tag-farbe","tag-farben","tag-sto-2"],"_links":{"self":[{"href":"https:\/\/www.pr-neu.de\/newsroom\/wp-json\/wp\/v2\/posts\/15221","targetHints":{"allow":["GET"]}}],"collection":[{"href":"https:\/\/www.pr-neu.de\/newsroom\/wp-json\/wp\/v2\/posts"}],"about":[{"href":"https:\/\/www.pr-neu.de\/newsroom\/wp-json\/wp\/v2\/types\/post"}],"author":[{"embeddable":true,"href":"https:\/\/www.pr-neu.de\/newsroom\/wp-json\/wp\/v2\/users\/9"}],"replies":[{"embeddable":true,"href":"https:\/\/www.pr-neu.de\/newsroom\/wp-json\/wp\/v2\/comments?post=15221"}],"version-history":[{"count":3,"href":"https:\/\/www.pr-neu.de\/newsroom\/wp-json\/wp\/v2\/posts\/15221\/revisions"}],"predecessor-version":[{"id":15314,"href":"https:\/\/www.pr-neu.de\/newsroom\/wp-json\/wp\/v2\/posts\/15221\/revisions\/15314"}],"wp:featuredmedia":[{"embeddable":true,"href":"https:\/\/www.pr-neu.de\/newsroom\/wp-json\/wp\/v2\/media\/15223"}],"wp:attachment":[{"href":"https:\/\/www.pr-neu.de\/newsroom\/wp-json\/wp\/v2\/media?parent=15221"}],"wp:term":[{"taxonomy":"category","embeddable":true,"href":"https:\/\/www.pr-neu.de\/newsroom\/wp-json\/wp\/v2\/categories?post=15221"},{"taxonomy":"post_tag","embeddable":true,"href":"https:\/\/www.pr-neu.de\/newsroom\/wp-json\/wp\/v2\/tags?post=15221"}],"curies":[{"name":"wp","href":"https:\/\/api.w.org\/{rel}","templated":true}]}}