{"id":15215,"date":"2022-09-12T10:30:25","date_gmt":"2022-09-12T08:30:25","guid":{"rendered":"https:\/\/www.pr-neu.de\/newsroom\/?p=15215"},"modified":"2022-09-14T09:08:26","modified_gmt":"2022-09-14T07:08:26","slug":"flacher-attika-ablauf-verbessert-waermeschutz","status":"publish","type":"post","link":"https:\/\/www.pr-neu.de\/newsroom\/flacher-attika-ablauf-verbessert-waermeschutz\/","title":{"rendered":"Flacher Attika-Ablauf verbessert W\u00e4rmeschutz"},"content":{"rendered":"<p><u>Loro-X Duoflux Flach 50 Haupt-Not-Kombi-Attika-Entw\u00e4sserung<\/u><\/p>\n<p><strong>Der neue Attika-Ablauf \u201eLoro-X Duoflux Flach 50\u201c entw\u00e4ssert Dachterrassen und Flachd\u00e4cher sicher mit kombinierter Haupt- und Notentw\u00e4sserung und verbessert durch den besonders flachen Aufbau den W\u00e4rmeschutz: Unter dem Rohr bleibt mehr Platz f\u00fcr die D\u00e4mmung als in konventionellen Entw\u00e4sserungssystemen.<\/strong><\/p>\n<p>Schon lange bieten die bew\u00e4hrten Loro Haupt-Not-Kombi-Systeme eine gesicherte Entw\u00e4sserungsvariante mit denen \u00fcber das Rohr-in-Rohr-Prinzip die Haupt- und die Notentw\u00e4sserung eines Flachdachs in einem Ablauf mit zwei Flie\u00dfwegen zusammengefasst werden. Durch diese Kombination ist das Reaktionsverhalten der Notentw\u00e4sserung im Zusammenspiel mit der Entw\u00e4sserung sehr schnell, sodass unn\u00f6tige Wasserst\u00e4nde beziehungsweise Lasten, gerade im Hinblick niedriger Eintrittsh\u00f6hen bei Terrassen, vermieden werden. Die Haupt-Not-Kombi Loro-Duoflux wird dabei direkt an der Attika platziert. Der Vorteil gegen\u00fcber Einzell\u00f6sungen mit getrennten Entw\u00e4sserungswegen: Es ben\u00f6tigt auch nur eine Aussparung an der der Attika. In der neuen Ausf\u00fchrung \u201eFlach 50\u201c gen\u00fcgen bereits 50 Millimeter Eindringtiefe in der Gef\u00e4lled\u00e4mmung, um die Terrasse oder das Dach sicher zu entw\u00e4ssern. Das Rohr des Ablaufs wird zusammen mit dem Becken flach unter der Dachentw\u00e4sserungsebene eingebaut. Der Ablauf verringert so die Dicke der Gef\u00e4lled\u00e4mmung an dieser Stelle nur geringf\u00fcgig, dadurch bleibt der W\u00e4rmeschutz f\u00fcr die darunter liegenden R\u00e4ume hoch \u2013 und spart sogar einen Eingriff in die D\u00e4mmung im Vergleich zur getrennten F\u00fchrung.<\/p>\n<p>Die Vorteile der kombinierten Entw\u00e4sserung bleiben erhalten: es gen\u00fcgt die Installation eines Ablaufes anstelle von zwei, zudem ist die Wasserabf\u00fchrung \u00fcber nur ein Rohr eine \u00e4sthetische L\u00f6sung. Die Abflussleistung gem\u00e4\u00df LX Datenblatt 2074 erreicht 2,0 l\/s f\u00fcr die Haupt- und 2,1 l\/s f\u00fcr die Notentw\u00e4sserung. Damit sind nur wenige Abl\u00e4ufe notwendig, um auch Terrassen- bzw. mittlere Dachfl\u00e4chen sicher zu entw\u00e4ssern.<\/p>\n<p>&nbsp;<\/p>\n<hr \/>\n<p>&nbsp;<\/p>\n<p><a href=\"http:\/\/www.pr-neu.de\/newsroom\/wordpress\/wp-content\/uploads\/2022\/09\/22-21_Duoflux_flach-50_G-scaled.jpg\" target=\"_blank\" rel=\"noopener\"><img loading=\"lazy\" decoding=\"async\" class=\"aligncenter wp-image-15216 size-medium\" src=\"http:\/\/www.pr-neu.de\/newsroom\/wordpress\/wp-content\/uploads\/2022\/09\/22-21_Duoflux_flach-50_G-300x127.jpg\" alt=\"\" width=\"300\" height=\"127\" srcset=\"https:\/\/www.pr-neu.de\/newsroom\/wordpress\/wp-content\/uploads\/2022\/09\/22-21_Duoflux_flach-50_G-300x127.jpg 300w, https:\/\/www.pr-neu.de\/newsroom\/wordpress\/wp-content\/uploads\/2022\/09\/22-21_Duoflux_flach-50_G-1024x432.jpg 1024w, https:\/\/www.pr-neu.de\/newsroom\/wordpress\/wp-content\/uploads\/2022\/09\/22-21_Duoflux_flach-50_G-768x324.jpg 768w, https:\/\/www.pr-neu.de\/newsroom\/wordpress\/wp-content\/uploads\/2022\/09\/22-21_Duoflux_flach-50_G-1536x648.jpg 1536w, https:\/\/www.pr-neu.de\/newsroom\/wordpress\/wp-content\/uploads\/2022\/09\/22-21_Duoflux_flach-50_G-2048x864.jpg 2048w, https:\/\/www.pr-neu.de\/newsroom\/wordpress\/wp-content\/uploads\/2022\/09\/22-21_Duoflux_flach-50_G-110x46.jpg 110w, https:\/\/www.pr-neu.de\/newsroom\/wordpress\/wp-content\/uploads\/2022\/09\/22-21_Duoflux_flach-50_G-420x177.jpg 420w, https:\/\/www.pr-neu.de\/newsroom\/wordpress\/wp-content\/uploads\/2022\/09\/22-21_Duoflux_flach-50_G-770x325.jpg 770w\" sizes=\"auto, (max-width: 300px) 100vw, 300px\" \/><\/a><\/p>\n<p style=\"text-align: center;\">Durch die flache Bauweise des Attika-Entw\u00e4sserungssystems Loro-X Duoflux bleibt viel Platz f\u00fcr die W\u00e4rmed\u00e4mmung des Flachdachs.<\/p>\n<p>&nbsp;<\/p>\n<p style=\"text-align: center;\"><a href=\"http:\/\/www.pr-neu.de\/newsroom\/wordpress\/wp-content\/uploads\/2022\/09\/22-21-HNK_Flach50_Prinzipskizze-scaled.jpg\" target=\"_blank\" rel=\"noopener\"><img loading=\"lazy\" decoding=\"async\" class=\"aligncenter wp-image-15217 size-medium\" src=\"http:\/\/www.pr-neu.de\/newsroom\/wordpress\/wp-content\/uploads\/2022\/09\/22-21-HNK_Flach50_Prinzipskizze-225x300.jpg\" alt=\"\" width=\"225\" height=\"300\" srcset=\"https:\/\/www.pr-neu.de\/newsroom\/wordpress\/wp-content\/uploads\/2022\/09\/22-21-HNK_Flach50_Prinzipskizze-225x300.jpg 225w, https:\/\/www.pr-neu.de\/newsroom\/wordpress\/wp-content\/uploads\/2022\/09\/22-21-HNK_Flach50_Prinzipskizze-768x1024.jpg 768w, https:\/\/www.pr-neu.de\/newsroom\/wordpress\/wp-content\/uploads\/2022\/09\/22-21-HNK_Flach50_Prinzipskizze-1152x1536.jpg 1152w, https:\/\/www.pr-neu.de\/newsroom\/wordpress\/wp-content\/uploads\/2022\/09\/22-21-HNK_Flach50_Prinzipskizze-1536x2048.jpg 1536w, https:\/\/www.pr-neu.de\/newsroom\/wordpress\/wp-content\/uploads\/2022\/09\/22-21-HNK_Flach50_Prinzipskizze-83x110.jpg 83w, https:\/\/www.pr-neu.de\/newsroom\/wordpress\/wp-content\/uploads\/2022\/09\/22-21-HNK_Flach50_Prinzipskizze-315x420.jpg 315w, https:\/\/www.pr-neu.de\/newsroom\/wordpress\/wp-content\/uploads\/2022\/09\/22-21-HNK_Flach50_Prinzipskizze-323x430.jpg 323w, https:\/\/www.pr-neu.de\/newsroom\/wordpress\/wp-content\/uploads\/2022\/09\/22-21-HNK_Flach50_Prinzipskizze-scaled.jpg 1920w\" sizes=\"auto, (max-width: 225px) 100vw, 225px\" \/><\/a><\/p>\n<p style=\"text-align: center;\">Systemskzizze.<\/p>\n<p>&nbsp;<\/p>\n<p style=\"text-align: center;\">Bilder: LOROWERK K. H. Vahlbrauk GmbH &amp; Co. KG<\/p>\n<p>&nbsp;<\/p>\n<hr \/>\n<p>&nbsp;<\/p>\n<p>Abdruck honorarfrei, Belegexemplar erbeten.<\/p>\n","protected":false},"excerpt":{"rendered":"<p>Der neue Attika-Ablauf \u201eLoro-X Duoflux Flach 50\u201c entw\u00e4ssert Dachterrassen und Flachd\u00e4cher sicher mit kombinierter Haupt- und Notentw\u00e4sserung und verbessert durch den besonders flachen Aufbau den W\u00e4rmeschutz.<\/p>\n","protected":false},"author":9,"featured_media":15216,"comment_status":"closed","ping_status":"open","sticky":false,"template":"","format":"standard","meta":{"footnotes":""},"categories":[1531],"tags":[112,2067,1921,1673,1671,1669,1913,2065,622],"class_list":["post-15215","post","type-post","status-publish","format-standard","has-post-thumbnail","hentry","category-loro","tag-dach","tag-dachterrasse","tag-duoflux","tag-entwaesserung","tag-flachdach","tag-loro","tag-loro-x","tag-lorowerk","tag-warmeschutz"],"_links":{"self":[{"href":"https:\/\/www.pr-neu.de\/newsroom\/wp-json\/wp\/v2\/posts\/15215","targetHints":{"allow":["GET"]}}],"collection":[{"href":"https:\/\/www.pr-neu.de\/newsroom\/wp-json\/wp\/v2\/posts"}],"about":[{"href":"https:\/\/www.pr-neu.de\/newsroom\/wp-json\/wp\/v2\/types\/post"}],"author":[{"embeddable":true,"href":"https:\/\/www.pr-neu.de\/newsroom\/wp-json\/wp\/v2\/users\/9"}],"replies":[{"embeddable":true,"href":"https:\/\/www.pr-neu.de\/newsroom\/wp-json\/wp\/v2\/comments?post=15215"}],"version-history":[{"count":3,"href":"https:\/\/www.pr-neu.de\/newsroom\/wp-json\/wp\/v2\/posts\/15215\/revisions"}],"predecessor-version":[{"id":15220,"href":"https:\/\/www.pr-neu.de\/newsroom\/wp-json\/wp\/v2\/posts\/15215\/revisions\/15220"}],"wp:featuredmedia":[{"embeddable":true,"href":"https:\/\/www.pr-neu.de\/newsroom\/wp-json\/wp\/v2\/media\/15216"}],"wp:attachment":[{"href":"https:\/\/www.pr-neu.de\/newsroom\/wp-json\/wp\/v2\/media?parent=15215"}],"wp:term":[{"taxonomy":"category","embeddable":true,"href":"https:\/\/www.pr-neu.de\/newsroom\/wp-json\/wp\/v2\/categories?post=15215"},{"taxonomy":"post_tag","embeddable":true,"href":"https:\/\/www.pr-neu.de\/newsroom\/wp-json\/wp\/v2\/tags?post=15215"}],"curies":[{"name":"wp","href":"https:\/\/api.w.org\/{rel}","templated":true}]}}