{"id":15206,"date":"2022-09-12T11:13:36","date_gmt":"2022-09-12T09:13:36","guid":{"rendered":"https:\/\/www.pr-neu.de\/newsroom\/?p=15206"},"modified":"2022-09-13T11:20:47","modified_gmt":"2022-09-13T09:20:47","slug":"maximal-geoeffnet","status":"publish","type":"post","link":"https:\/\/www.pr-neu.de\/newsroom\/maximal-geoeffnet\/","title":{"rendered":"Maximal ge\u00f6ffnet"},"content":{"rendered":"<p><u>T\u00fcren-Vielfalt f\u00fcr Terrasse, Sommer- und Wintergarten<\/u><\/p>\n<p><strong>Als wichtiges Bau- und Stilelement pr\u00e4gen T\u00fcren die Funktionalit\u00e4t und das Aussehen von Sommer- und Winterg\u00e4rten. Da die Anforderungen von Bauherren immer ausdifferenzierter werden, sind auch die Angebote immer vielf\u00e4ltiger. Von eleganten Glasschiebet\u00fcren \u00fcber platzsparende Hebe-Schiebet\u00fcren bis zur besonders flexiblen Faltanlage bietet TS-Aluminium leistungsf\u00e4hige Bauelemente f\u00fcr jeden Bedarf und Geschmack.<\/strong><\/p>\n<p>Im Sommer- und Wintergartenbau schaffen T\u00fcren flie\u00dfende \u00dcberg\u00e4nge vom Wohnraum zum Garten, tragen zur Bel\u00fcftung bei und haben Einfluss auf die typisch transparente Optik des Glasanbaus. Damit Verarbeiter und H\u00e4ndler Kundenw\u00fcnsche ganz individuell bedienen k\u00f6nnen, hat TS-Aluminium verschiedene T\u00fcr-Varianten entwickelt. Sie unterscheiden sich in Funktion, Gestaltung und Konstruktion, sind mit allen Dach-Profilsystemen kompatibel und individuell nach Ma\u00df angefertigt.<\/p>\n<p><strong>Kaum sichtbar: Schiebet\u00fcren in Sommerg\u00e4rten<\/strong><\/p>\n<p>Maximale Transparenz bieten Glasschiebet\u00fcren: Durch Ganzglas-Elemente sind die T\u00fcren der Serie 16 geschlossen nahezu unsichtbar und wirken besonders elegant. Eine Glas-Schiebet\u00fcr kommt dann zum Einsatz, wenn eine offene Terrasse geschlossen werden soll, aber auch als Trennung zum Haupthaus oder als Raumteiler. Die Maximalma\u00dfe eines Fl\u00fcgels umfassen 1.800 Millimeter Breite und 2.400 Millimeter H\u00f6he. TS-Aluminium bietet zwei- bis f\u00fcnfl\u00e4ufige Anlagen bei einer geringen Bautiefe von nur 98 Millimetern \u2013 so sind auch sehr breite \u00d6ffnungen bis sieben Meter realisierbar.<\/p>\n<p>Die gerahmte Schiebet\u00fcr der Serie 35 eignet sich f\u00fcr Terrassen\u00fcberdachungen und Kaltwinterg\u00e4rten. Mit einer maximalen Fl\u00fcgelgr\u00f6\u00dfe von 2,5 x 2,5 Metern l\u00e4sst sie sich als Windschutz und als Raumteiler einsetzen. Bei einer sehr geringen Fl\u00fcgel-Bautiefe von nur 35 Millimeter sind besonders kompakte Konstruktionen m\u00f6glich.<\/p>\n<p><strong>Viel Weite, wenig Platzbedarf: Die Hebe-Schiebet\u00fcr f\u00fcr Winterg\u00e4rten<\/strong><\/p>\n<p>Die Entscheidung f\u00fcr eine T\u00fcr ist h\u00e4ufig auch eine Platzfrage \u2013 die Front soll m\u00f6glichst weit ge\u00f6ffnet werden und die T\u00fcr darf nicht im Weg sein. Eine Hebe-Schiebet\u00fcr mit gerahmtem Glas ist eine platzsparende und zugleich elegante L\u00f6sung, die mit optimalen W\u00e4rmed\u00e4mmwerten \u00fcberzeugt. Sie erm\u00f6glicht einen breiten Durchgang und l\u00e4sst durch die gro\u00dfen Glasfronten viel Licht herein. Auch bei gr\u00f6\u00dferen Abmessungen \u00fcberzeugt sie mit leichtg\u00e4ngigem Betrieb und ist schwellenlos und daher barrierefrei, langlebig und strapazierf\u00e4hig. Die T\u00fcr ist zwei- oder dreiteilig erh\u00e4ltlich, auch hier k\u00f6nnen einzelne Anlagen optimal kombiniert und die Glasfront im Wintergarten so erweitert werden.<\/p>\n<p><strong>Maximal ge\u00f6ffnet: Die Faltanlage<\/strong><\/p>\n<p>Faltanlagen er\u00f6ffnen neue M\u00f6glichkeiten, indem sich ganze Glasw\u00e4nde einfach zusammenfalten und in die Ecke schieben lassen. Die gro\u00dfz\u00fcgigen Ziehharmonika-T\u00fcren sorgen f\u00fcr maximale \u00d6ffnungsbreiten und machen aus dem Sommer- oder Wintergarten eine gro\u00dfr\u00e4umige, \u00fcberdachte Terrassenfl\u00e4che. Eine Faltanlage ben\u00f6tigt nur wenig Platz, ist ebenso robust wie flexibel und l\u00e4sst sich mit einem Handgriff \u00f6ffnen. Wirkungsvoll sch\u00fctzt sie vor Wind und Wetter und \u00f6ffnet \u2013 je nach Wunsch und Konstruktion \u2013 nach innen oder au\u00dfen. Alle Faltanlagen von TS-Aluminium k\u00f6nnen auch barrierefrei ausgef\u00fchrt werden und bieten individuelle Gestaltungsm\u00f6glichkeiten f\u00fcr Neubau und Renovierung.<\/p>\n<p><strong>Klassisch: Die Eingangst\u00fcr<\/strong><\/p>\n<p>Praktisch und komfortabel: Als Klassiker punktet die Eingangst\u00fcr durch Robustheit und leichte Montage. Sie l\u00e4sst sich mit zus\u00e4tzlichen Sicherheitsschl\u00f6ssern und Mehrfachverriegelungen ausstatten und bietet effektiven Schutz vor Einbrechern.<\/p>\n<p>&nbsp;<\/p>\n<hr \/>\n<p>&nbsp;<\/p>\n<p style=\"text-align: center;\"><a href=\"http:\/\/www.pr-neu.de\/newsroom\/wordpress\/wp-content\/uploads\/2022\/09\/22-24_Glasschiebetuer_1_Serie_16_G-scaled.jpg\" target=\"_blank\" rel=\"noopener\"><img loading=\"lazy\" decoding=\"async\" class=\"wp-image-15209 size-medium\" src=\"http:\/\/www.pr-neu.de\/newsroom\/wordpress\/wp-content\/uploads\/2022\/09\/22-24_Glasschiebetuer_1_Serie_16_G-212x300.jpg\" alt=\"\" width=\"212\" height=\"300\" srcset=\"https:\/\/www.pr-neu.de\/newsroom\/wordpress\/wp-content\/uploads\/2022\/09\/22-24_Glasschiebetuer_1_Serie_16_G-212x300.jpg 212w, https:\/\/www.pr-neu.de\/newsroom\/wordpress\/wp-content\/uploads\/2022\/09\/22-24_Glasschiebetuer_1_Serie_16_G-724x1024.jpg 724w, https:\/\/www.pr-neu.de\/newsroom\/wordpress\/wp-content\/uploads\/2022\/09\/22-24_Glasschiebetuer_1_Serie_16_G-768x1086.jpg 768w, https:\/\/www.pr-neu.de\/newsroom\/wordpress\/wp-content\/uploads\/2022\/09\/22-24_Glasschiebetuer_1_Serie_16_G-1086x1536.jpg 1086w, https:\/\/www.pr-neu.de\/newsroom\/wordpress\/wp-content\/uploads\/2022\/09\/22-24_Glasschiebetuer_1_Serie_16_G-1448x2048.jpg 1448w, https:\/\/www.pr-neu.de\/newsroom\/wordpress\/wp-content\/uploads\/2022\/09\/22-24_Glasschiebetuer_1_Serie_16_G-78x110.jpg 78w, https:\/\/www.pr-neu.de\/newsroom\/wordpress\/wp-content\/uploads\/2022\/09\/22-24_Glasschiebetuer_1_Serie_16_G-297x420.jpg 297w, https:\/\/www.pr-neu.de\/newsroom\/wordpress\/wp-content\/uploads\/2022\/09\/22-24_Glasschiebetuer_1_Serie_16_G-304x430.jpg 304w, https:\/\/www.pr-neu.de\/newsroom\/wordpress\/wp-content\/uploads\/2022\/09\/22-24_Glasschiebetuer_1_Serie_16_G-scaled.jpg 1810w\" sizes=\"auto, (max-width: 212px) 100vw, 212px\" \/><\/a> <a href=\"http:\/\/www.pr-neu.de\/newsroom\/wordpress\/wp-content\/uploads\/2022\/09\/22-24_Glasschiebetuer_2_Serie_16_G-scaled.jpg\" target=\"_blank\" rel=\"noopener\"><img loading=\"lazy\" decoding=\"async\" class=\"wp-image-15210 size-medium\" src=\"http:\/\/www.pr-neu.de\/newsroom\/wordpress\/wp-content\/uploads\/2022\/09\/22-24_Glasschiebetuer_2_Serie_16_G-200x300.jpg\" alt=\"\" width=\"200\" height=\"300\" srcset=\"https:\/\/www.pr-neu.de\/newsroom\/wordpress\/wp-content\/uploads\/2022\/09\/22-24_Glasschiebetuer_2_Serie_16_G-200x300.jpg 200w, https:\/\/www.pr-neu.de\/newsroom\/wordpress\/wp-content\/uploads\/2022\/09\/22-24_Glasschiebetuer_2_Serie_16_G-681x1024.jpg 681w, https:\/\/www.pr-neu.de\/newsroom\/wordpress\/wp-content\/uploads\/2022\/09\/22-24_Glasschiebetuer_2_Serie_16_G-768x1154.jpg 768w, https:\/\/www.pr-neu.de\/newsroom\/wordpress\/wp-content\/uploads\/2022\/09\/22-24_Glasschiebetuer_2_Serie_16_G-1022x1536.jpg 1022w, https:\/\/www.pr-neu.de\/newsroom\/wordpress\/wp-content\/uploads\/2022\/09\/22-24_Glasschiebetuer_2_Serie_16_G-1363x2048.jpg 1363w, https:\/\/www.pr-neu.de\/newsroom\/wordpress\/wp-content\/uploads\/2022\/09\/22-24_Glasschiebetuer_2_Serie_16_G-73x110.jpg 73w, https:\/\/www.pr-neu.de\/newsroom\/wordpress\/wp-content\/uploads\/2022\/09\/22-24_Glasschiebetuer_2_Serie_16_G-279x420.jpg 279w, https:\/\/www.pr-neu.de\/newsroom\/wordpress\/wp-content\/uploads\/2022\/09\/22-24_Glasschiebetuer_2_Serie_16_G-286x430.jpg 286w, https:\/\/www.pr-neu.de\/newsroom\/wordpress\/wp-content\/uploads\/2022\/09\/22-24_Glasschiebetuer_2_Serie_16_G-scaled.jpg 1703w\" sizes=\"auto, (max-width: 200px) 100vw, 200px\" \/><\/a><\/p>\n<p style=\"text-align: center;\">Maximale Transparenz erzeugen Schiebet\u00fcren aus Glas.<\/p>\n<p>&nbsp;<\/p>\n<p style=\"text-align: center;\"><a href=\"http:\/\/www.pr-neu.de\/newsroom\/wordpress\/wp-content\/uploads\/2022\/09\/22-24_Schiebetuer_Serie_S35_G-scaled.jpg\" target=\"_blank\" rel=\"noopener\"><img loading=\"lazy\" decoding=\"async\" class=\"wp-image-15212 size-medium\" src=\"http:\/\/www.pr-neu.de\/newsroom\/wordpress\/wp-content\/uploads\/2022\/09\/22-24_Schiebetuer_Serie_S35_G-300x200.jpg\" alt=\"\" width=\"300\" height=\"200\" srcset=\"https:\/\/www.pr-neu.de\/newsroom\/wordpress\/wp-content\/uploads\/2022\/09\/22-24_Schiebetuer_Serie_S35_G-300x200.jpg 300w, https:\/\/www.pr-neu.de\/newsroom\/wordpress\/wp-content\/uploads\/2022\/09\/22-24_Schiebetuer_Serie_S35_G-1024x683.jpg 1024w, https:\/\/www.pr-neu.de\/newsroom\/wordpress\/wp-content\/uploads\/2022\/09\/22-24_Schiebetuer_Serie_S35_G-768x512.jpg 768w, https:\/\/www.pr-neu.de\/newsroom\/wordpress\/wp-content\/uploads\/2022\/09\/22-24_Schiebetuer_Serie_S35_G-1536x1024.jpg 1536w, https:\/\/www.pr-neu.de\/newsroom\/wordpress\/wp-content\/uploads\/2022\/09\/22-24_Schiebetuer_Serie_S35_G-2048x1366.jpg 2048w, https:\/\/www.pr-neu.de\/newsroom\/wordpress\/wp-content\/uploads\/2022\/09\/22-24_Schiebetuer_Serie_S35_G-110x73.jpg 110w, https:\/\/www.pr-neu.de\/newsroom\/wordpress\/wp-content\/uploads\/2022\/09\/22-24_Schiebetuer_Serie_S35_G-420x280.jpg 420w, https:\/\/www.pr-neu.de\/newsroom\/wordpress\/wp-content\/uploads\/2022\/09\/22-24_Schiebetuer_Serie_S35_G-645x430.jpg 645w\" sizes=\"auto, (max-width: 300px) 100vw, 300px\" \/><\/a><\/p>\n<p style=\"text-align: center;\">Auch gerahmte Schiebet\u00fcren \u00fcberzeugen mit leichtg\u00e4ngigem Betrieb.<\/p>\n<p>&nbsp;<\/p>\n<p style=\"text-align: center;\"><a href=\"http:\/\/www.pr-neu.de\/newsroom\/wordpress\/wp-content\/uploads\/2022\/09\/22-24_Hebe-Schiebetuer_Serie_HST_G-scaled.jpg\" target=\"_blank\" rel=\"noopener\"><img loading=\"lazy\" decoding=\"async\" class=\"wp-image-15211 size-medium\" src=\"http:\/\/www.pr-neu.de\/newsroom\/wordpress\/wp-content\/uploads\/2022\/09\/22-24_Hebe-Schiebetuer_Serie_HST_G-300x240.jpg\" alt=\"\" width=\"300\" height=\"240\" srcset=\"https:\/\/www.pr-neu.de\/newsroom\/wordpress\/wp-content\/uploads\/2022\/09\/22-24_Hebe-Schiebetuer_Serie_HST_G-300x240.jpg 300w, https:\/\/www.pr-neu.de\/newsroom\/wordpress\/wp-content\/uploads\/2022\/09\/22-24_Hebe-Schiebetuer_Serie_HST_G-1024x819.jpg 1024w, https:\/\/www.pr-neu.de\/newsroom\/wordpress\/wp-content\/uploads\/2022\/09\/22-24_Hebe-Schiebetuer_Serie_HST_G-768x614.jpg 768w, https:\/\/www.pr-neu.de\/newsroom\/wordpress\/wp-content\/uploads\/2022\/09\/22-24_Hebe-Schiebetuer_Serie_HST_G-1536x1228.jpg 1536w, https:\/\/www.pr-neu.de\/newsroom\/wordpress\/wp-content\/uploads\/2022\/09\/22-24_Hebe-Schiebetuer_Serie_HST_G-2048x1638.jpg 2048w, https:\/\/www.pr-neu.de\/newsroom\/wordpress\/wp-content\/uploads\/2022\/09\/22-24_Hebe-Schiebetuer_Serie_HST_G-110x88.jpg 110w, https:\/\/www.pr-neu.de\/newsroom\/wordpress\/wp-content\/uploads\/2022\/09\/22-24_Hebe-Schiebetuer_Serie_HST_G-420x336.jpg 420w, https:\/\/www.pr-neu.de\/newsroom\/wordpress\/wp-content\/uploads\/2022\/09\/22-24_Hebe-Schiebetuer_Serie_HST_G-538x430.jpg 538w\" sizes=\"auto, (max-width: 300px) 100vw, 300px\" \/><\/a><\/p>\n<p style=\"text-align: center;\">Platzsparend: Hebe-Schiebet\u00fcren erm\u00f6glichen gro\u00dfe \u00d6ffnungsweiten und brauchen nur wenig Platz.<\/p>\n<p>&nbsp;<\/p>\n<p style=\"text-align: center;\"><a href=\"http:\/\/www.pr-neu.de\/newsroom\/wordpress\/wp-content\/uploads\/2022\/09\/22-24_Faltanlage_Serie_F46_F76_G-scaled.jpg\" target=\"_blank\" rel=\"noopener\"><img loading=\"lazy\" decoding=\"async\" class=\"wp-image-15208 size-medium\" src=\"http:\/\/www.pr-neu.de\/newsroom\/wordpress\/wp-content\/uploads\/2022\/09\/22-24_Faltanlage_Serie_F46_F76_G-300x182.jpg\" alt=\"\" width=\"300\" height=\"182\" srcset=\"https:\/\/www.pr-neu.de\/newsroom\/wordpress\/wp-content\/uploads\/2022\/09\/22-24_Faltanlage_Serie_F46_F76_G-300x182.jpg 300w, https:\/\/www.pr-neu.de\/newsroom\/wordpress\/wp-content\/uploads\/2022\/09\/22-24_Faltanlage_Serie_F46_F76_G-1024x621.jpg 1024w, https:\/\/www.pr-neu.de\/newsroom\/wordpress\/wp-content\/uploads\/2022\/09\/22-24_Faltanlage_Serie_F46_F76_G-768x466.jpg 768w, https:\/\/www.pr-neu.de\/newsroom\/wordpress\/wp-content\/uploads\/2022\/09\/22-24_Faltanlage_Serie_F46_F76_G-1536x932.jpg 1536w, https:\/\/www.pr-neu.de\/newsroom\/wordpress\/wp-content\/uploads\/2022\/09\/22-24_Faltanlage_Serie_F46_F76_G-2048x1243.jpg 2048w, https:\/\/www.pr-neu.de\/newsroom\/wordpress\/wp-content\/uploads\/2022\/09\/22-24_Faltanlage_Serie_F46_F76_G-110x67.jpg 110w, https:\/\/www.pr-neu.de\/newsroom\/wordpress\/wp-content\/uploads\/2022\/09\/22-24_Faltanlage_Serie_F46_F76_G-420x255.jpg 420w, https:\/\/www.pr-neu.de\/newsroom\/wordpress\/wp-content\/uploads\/2022\/09\/22-24_Faltanlage_Serie_F46_F76_G-709x430.jpg 709w\" sizes=\"auto, (max-width: 300px) 100vw, 300px\" \/><\/a><\/p>\n<p style=\"text-align: center;\">Flexibel, flexibler, Faltanlage: Mit ihr lassen sich gro\u00dfe \u00d6ffnungen \u2013 \u00fcber die gesamte Breite eines Anbaus \u2013 realisieren.<\/p>\n<p>&nbsp;<\/p>\n<p style=\"text-align: center;\"><a href=\"http:\/\/www.pr-neu.de\/newsroom\/wordpress\/wp-content\/uploads\/2022\/09\/22-24_Eingangstuer_Serie_76_G-scaled.jpg\" target=\"_blank\" rel=\"noopener\"><img loading=\"lazy\" decoding=\"async\" class=\"wp-image-15207 size-medium\" src=\"http:\/\/www.pr-neu.de\/newsroom\/wordpress\/wp-content\/uploads\/2022\/09\/22-24_Eingangstuer_Serie_76_G-300x163.jpg\" alt=\"\" width=\"300\" height=\"163\" srcset=\"https:\/\/www.pr-neu.de\/newsroom\/wordpress\/wp-content\/uploads\/2022\/09\/22-24_Eingangstuer_Serie_76_G-300x163.jpg 300w, https:\/\/www.pr-neu.de\/newsroom\/wordpress\/wp-content\/uploads\/2022\/09\/22-24_Eingangstuer_Serie_76_G-1024x555.jpg 1024w, https:\/\/www.pr-neu.de\/newsroom\/wordpress\/wp-content\/uploads\/2022\/09\/22-24_Eingangstuer_Serie_76_G-768x416.jpg 768w, https:\/\/www.pr-neu.de\/newsroom\/wordpress\/wp-content\/uploads\/2022\/09\/22-24_Eingangstuer_Serie_76_G-1536x833.jpg 1536w, https:\/\/www.pr-neu.de\/newsroom\/wordpress\/wp-content\/uploads\/2022\/09\/22-24_Eingangstuer_Serie_76_G-2048x1110.jpg 2048w, https:\/\/www.pr-neu.de\/newsroom\/wordpress\/wp-content\/uploads\/2022\/09\/22-24_Eingangstuer_Serie_76_G-110x60.jpg 110w, https:\/\/www.pr-neu.de\/newsroom\/wordpress\/wp-content\/uploads\/2022\/09\/22-24_Eingangstuer_Serie_76_G-420x228.jpg 420w, https:\/\/www.pr-neu.de\/newsroom\/wordpress\/wp-content\/uploads\/2022\/09\/22-24_Eingangstuer_Serie_76_G-770x417.jpg 770w\" sizes=\"auto, (max-width: 300px) 100vw, 300px\" \/><\/a><\/p>\n<p style=\"text-align: center;\">Klassisch und komfortabel \u2013 die Eingangst\u00fcr.<\/p>\n<p>&nbsp;<\/p>\n<p style=\"text-align: center;\">Bilder: TS-Aluminium-Profilsysteme GmbH &amp; Co. KG<\/p>\n<p>&nbsp;<\/p>\n<hr \/>\n<p>&nbsp;<\/p>\n<p>Abdruck honorarfrei, Belegexemplar erbeten.<\/p>\n","protected":false},"excerpt":{"rendered":"<p>Als wichtiges Bau- und Stilelement pr\u00e4gen T\u00fcren die Funktionalit\u00e4t und das Aussehen von Sommer- und Winterg\u00e4rten. Da die Anforderungen von Bauherren immer ausdifferenzierter werden, sind auch die Angebote immer vielf\u00e4ltiger.<\/p>\n","protected":false},"author":10,"featured_media":15208,"comment_status":"closed","ping_status":"open","sticky":false,"template":"","format":"standard","meta":{"footnotes":""},"categories":[1761],"tags":[194,230,2063,1893,2055,1793,592,635],"class_list":["post-15206","post","type-post","status-publish","format-standard","has-post-thumbnail","hentry","category-ts-aluminium","tag-fenster","tag-glas","tag-schiebetuer","tag-sommergarten","tag-terrasse","tag-ts-aluminium","tag-turen","tag-wintergarten"],"_links":{"self":[{"href":"https:\/\/www.pr-neu.de\/newsroom\/wp-json\/wp\/v2\/posts\/15206","targetHints":{"allow":["GET"]}}],"collection":[{"href":"https:\/\/www.pr-neu.de\/newsroom\/wp-json\/wp\/v2\/posts"}],"about":[{"href":"https:\/\/www.pr-neu.de\/newsroom\/wp-json\/wp\/v2\/types\/post"}],"author":[{"embeddable":true,"href":"https:\/\/www.pr-neu.de\/newsroom\/wp-json\/wp\/v2\/users\/10"}],"replies":[{"embeddable":true,"href":"https:\/\/www.pr-neu.de\/newsroom\/wp-json\/wp\/v2\/comments?post=15206"}],"version-history":[{"count":2,"href":"https:\/\/www.pr-neu.de\/newsroom\/wp-json\/wp\/v2\/posts\/15206\/revisions"}],"predecessor-version":[{"id":15214,"href":"https:\/\/www.pr-neu.de\/newsroom\/wp-json\/wp\/v2\/posts\/15206\/revisions\/15214"}],"wp:featuredmedia":[{"embeddable":true,"href":"https:\/\/www.pr-neu.de\/newsroom\/wp-json\/wp\/v2\/media\/15208"}],"wp:attachment":[{"href":"https:\/\/www.pr-neu.de\/newsroom\/wp-json\/wp\/v2\/media?parent=15206"}],"wp:term":[{"taxonomy":"category","embeddable":true,"href":"https:\/\/www.pr-neu.de\/newsroom\/wp-json\/wp\/v2\/categories?post=15206"},{"taxonomy":"post_tag","embeddable":true,"href":"https:\/\/www.pr-neu.de\/newsroom\/wp-json\/wp\/v2\/tags?post=15206"}],"curies":[{"name":"wp","href":"https:\/\/api.w.org\/{rel}","templated":true}]}}