{"id":15198,"date":"2022-09-12T11:05:58","date_gmt":"2022-09-12T09:05:58","guid":{"rendered":"https:\/\/www.pr-neu.de\/newsroom\/?p=15198"},"modified":"2022-09-13T11:13:10","modified_gmt":"2022-09-13T09:13:10","slug":"wo-licht-ist-braucht-es-schatten","status":"publish","type":"post","link":"https:\/\/www.pr-neu.de\/newsroom\/wo-licht-ist-braucht-es-schatten\/","title":{"rendered":"Wo Licht ist, braucht es Schatten"},"content":{"rendered":"<p><u>TS-Aluminium pr\u00e4sentiert Beschattungen und L\u00fcftungen f\u00fcr Terrassen, Sommer- und Winterg\u00e4rten<\/u><\/p>\n<p><strong>Terrassend\u00e4cher, Sommer- und Winterg\u00e4rten schaffen R\u00e4ume im Freien \u2013 aber erst mit einem wirksamen Sonnenschutz und der passenden Bel\u00fcftung f\u00fchlen sich die Nutzer hier wohl. Deshalb bietet TS-Aluminium viele ausgereifte L\u00f6sungen, die f\u00fcr angenehmes Klima im \u201egr\u00fcnen Wohnzimmer\u201c sorgen \u2013 passend f\u00fcr jede Anforderung und kompatibel mit jedem System.<\/strong><\/p>\n<p>Eine der wichtigsten Aufgaben im Terrassendach-, Sommer- und Wintergartenbau ist die richtige Klimatisierung. Sonnenschutz und Bel\u00fcftung verhindern das \u00dcberhitzen im Sommer und sorgen so f\u00fcr zufriedene Nutzer.<\/p>\n<p>Ob von oben, von der Seite oder \u00fcber das Dach hinausgehend: Beschattungen tragen zum angenehmen Raumklima bei und betonen zudem den Stil des Glasanbaus. F\u00fcr maximale Gestaltungsfreiheit bietet TS-Aluminium facettenreiche Systeme, die sich selbst f\u00fcr gro\u00dfe Fl\u00e4chen und Sonderformen eignen. Sie sind flexibel kombinierbar, punkten durch ihre Witterungs- und UV-Best\u00e4ndigkeit und sind in vielen Farbt\u00f6nen erh\u00e4ltlich.<\/p>\n<p><strong>Beschattung bietet optimalen W\u00e4rmeschutz<\/strong><\/p>\n<p>Markisen liefern effektiven Sonnen- und Blendschutz f\u00fcr das gr\u00fcne Wohnzimmer. Besonders flexibel ist die \u00dcberglasmarkise: Direkt auf dem Glas platziert, kann sie je nach Sonnenstand, Sitzplatz und Wunsch ganz oder nur teilweise herausgefahren werden. Eine Unterglasmarkise bietet sich vor allem f\u00fcr das Terrassendach an: Durch das Glasdach ist sie vor der Witterung gesch\u00fctzt und muss auch bei Regen nicht eingefahren werden. Bei Profilsystemen von TS-Aluminium lassen sich Markisen aller Hersteller installieren und kombinieren, weshalb zahlreiche Stoffe und Farben verf\u00fcgbar sind.<\/p>\n<p>Senkrechte ZIP-Markisen erg\u00e4nzen \u00dcberglasmarkisen ideal: Sie verhindern, dass die Sonne direkt auf die Verglasung trifft und bieten gr\u00f6\u00dftm\u00f6gliche Transparenz sowie Gestaltungsfreiheit \u2013 auch hier stehen viele Hersteller, Textilien und Farben zur Wahl.<\/p>\n<p>Ein flexibler Sonnenschutz, der sich optimal an die Bebauung anpasst, sind filigrane Alu-Raffstores. Sie pr\u00e4gen mit ihrer \u00c4sthetik den Stil des Anbaus. Bei vertikalen Stores sind die Lamellen leicht verstellbar und bieten bei jedem Wetter und zu jeder Tageszeit den passenden Schutz. F\u00fcr hohe Stabilit\u00e4t sind sie zus\u00e4tzlich geb\u00f6rdelt.<\/p>\n<p><strong>Hitzestau vermeiden \u2013 mit guter Bel\u00fcftung<\/strong><\/p>\n<p>Um einen Hitzestau zu vermeiden, bieten sich Bel\u00fcftungsklappen in den Seitenw\u00e4nden und Dachfenster an. Sie sorgen daf\u00fcr, dass die hei\u00dfe Luft abgef\u00fchrt wird, in Kombination entsteht eine besonders wirkungsvolle Quer-, Diagonal- oder Dachl\u00fcftung. Ob Dachfenster, Dachschiebefenster oder Hebe-Schiebefenster: Bei TS-Aluminium stehen diverse Optionen zur Wahl, die sich manuell, motorisch oder vollautomatisiert (mit Wetter-Steuerung) betreiben lassen.<\/p>\n<p>&nbsp;<\/p>\n<hr \/>\n<p>&nbsp;<\/p>\n<p><a href=\"http:\/\/www.pr-neu.de\/newsroom\/wordpress\/wp-content\/uploads\/2022\/09\/22-23_Unterglasmarkise_1_G-scaled.jpg\" target=\"_blank\" rel=\"noopener\"><img loading=\"lazy\" decoding=\"async\" class=\"aligncenter wp-image-15202 size-medium\" src=\"http:\/\/www.pr-neu.de\/newsroom\/wordpress\/wp-content\/uploads\/2022\/09\/22-23_Unterglasmarkise_1_G-300x234.jpg\" alt=\"\" width=\"300\" height=\"234\" srcset=\"https:\/\/www.pr-neu.de\/newsroom\/wordpress\/wp-content\/uploads\/2022\/09\/22-23_Unterglasmarkise_1_G-300x234.jpg 300w, https:\/\/www.pr-neu.de\/newsroom\/wordpress\/wp-content\/uploads\/2022\/09\/22-23_Unterglasmarkise_1_G-1024x797.jpg 1024w, https:\/\/www.pr-neu.de\/newsroom\/wordpress\/wp-content\/uploads\/2022\/09\/22-23_Unterglasmarkise_1_G-768x598.jpg 768w, https:\/\/www.pr-neu.de\/newsroom\/wordpress\/wp-content\/uploads\/2022\/09\/22-23_Unterglasmarkise_1_G-1536x1196.jpg 1536w, https:\/\/www.pr-neu.de\/newsroom\/wordpress\/wp-content\/uploads\/2022\/09\/22-23_Unterglasmarkise_1_G-2048x1595.jpg 2048w, https:\/\/www.pr-neu.de\/newsroom\/wordpress\/wp-content\/uploads\/2022\/09\/22-23_Unterglasmarkise_1_G-110x86.jpg 110w, https:\/\/www.pr-neu.de\/newsroom\/wordpress\/wp-content\/uploads\/2022\/09\/22-23_Unterglasmarkise_1_G-420x327.jpg 420w, https:\/\/www.pr-neu.de\/newsroom\/wordpress\/wp-content\/uploads\/2022\/09\/22-23_Unterglasmarkise_1_G-552x430.jpg 552w\" sizes=\"auto, (max-width: 300px) 100vw, 300px\" \/><\/a><\/p>\n<p><a href=\"http:\/\/www.pr-neu.de\/newsroom\/wordpress\/wp-content\/uploads\/2022\/09\/22-23_Unterglasmarkise_2_G-scaled.jpg\" target=\"_blank\" rel=\"noopener\"><img loading=\"lazy\" decoding=\"async\" class=\"aligncenter wp-image-15203 size-medium\" src=\"http:\/\/www.pr-neu.de\/newsroom\/wordpress\/wp-content\/uploads\/2022\/09\/22-23_Unterglasmarkise_2_G-300x200.jpg\" alt=\"\" width=\"300\" height=\"200\" srcset=\"https:\/\/www.pr-neu.de\/newsroom\/wordpress\/wp-content\/uploads\/2022\/09\/22-23_Unterglasmarkise_2_G-300x200.jpg 300w, https:\/\/www.pr-neu.de\/newsroom\/wordpress\/wp-content\/uploads\/2022\/09\/22-23_Unterglasmarkise_2_G-1024x683.jpg 1024w, https:\/\/www.pr-neu.de\/newsroom\/wordpress\/wp-content\/uploads\/2022\/09\/22-23_Unterglasmarkise_2_G-768x512.jpg 768w, https:\/\/www.pr-neu.de\/newsroom\/wordpress\/wp-content\/uploads\/2022\/09\/22-23_Unterglasmarkise_2_G-1536x1024.jpg 1536w, https:\/\/www.pr-neu.de\/newsroom\/wordpress\/wp-content\/uploads\/2022\/09\/22-23_Unterglasmarkise_2_G-2048x1365.jpg 2048w, https:\/\/www.pr-neu.de\/newsroom\/wordpress\/wp-content\/uploads\/2022\/09\/22-23_Unterglasmarkise_2_G-110x73.jpg 110w, https:\/\/www.pr-neu.de\/newsroom\/wordpress\/wp-content\/uploads\/2022\/09\/22-23_Unterglasmarkise_2_G-420x280.jpg 420w, https:\/\/www.pr-neu.de\/newsroom\/wordpress\/wp-content\/uploads\/2022\/09\/22-23_Unterglasmarkise_2_G-645x430.jpg 645w\" sizes=\"auto, (max-width: 300px) 100vw, 300px\" \/><\/a><\/p>\n<p style=\"text-align: center;\">Unterglasmarkisen eignen sich optimal f\u00fcr Terrassend\u00e4cher: Das Glasdach sch\u00fctzt sie vor Witterung.<\/p>\n<p>&nbsp;<\/p>\n<p><a href=\"http:\/\/www.pr-neu.de\/newsroom\/wordpress\/wp-content\/uploads\/2022\/09\/22-23_Ueberglasmarkise_G-scaled.jpg\" target=\"_blank\" rel=\"noopener\"><img loading=\"lazy\" decoding=\"async\" class=\"aligncenter wp-image-15201 size-medium\" src=\"http:\/\/www.pr-neu.de\/newsroom\/wordpress\/wp-content\/uploads\/2022\/09\/22-23_Ueberglasmarkise_G-300x240.jpg\" alt=\"\" width=\"300\" height=\"240\" srcset=\"https:\/\/www.pr-neu.de\/newsroom\/wordpress\/wp-content\/uploads\/2022\/09\/22-23_Ueberglasmarkise_G-300x240.jpg 300w, https:\/\/www.pr-neu.de\/newsroom\/wordpress\/wp-content\/uploads\/2022\/09\/22-23_Ueberglasmarkise_G-1024x819.jpg 1024w, https:\/\/www.pr-neu.de\/newsroom\/wordpress\/wp-content\/uploads\/2022\/09\/22-23_Ueberglasmarkise_G-768x614.jpg 768w, https:\/\/www.pr-neu.de\/newsroom\/wordpress\/wp-content\/uploads\/2022\/09\/22-23_Ueberglasmarkise_G-1536x1229.jpg 1536w, https:\/\/www.pr-neu.de\/newsroom\/wordpress\/wp-content\/uploads\/2022\/09\/22-23_Ueberglasmarkise_G-2048x1638.jpg 2048w, https:\/\/www.pr-neu.de\/newsroom\/wordpress\/wp-content\/uploads\/2022\/09\/22-23_Ueberglasmarkise_G-110x88.jpg 110w, https:\/\/www.pr-neu.de\/newsroom\/wordpress\/wp-content\/uploads\/2022\/09\/22-23_Ueberglasmarkise_G-420x336.jpg 420w, https:\/\/www.pr-neu.de\/newsroom\/wordpress\/wp-content\/uploads\/2022\/09\/22-23_Ueberglasmarkise_G-538x430.jpg 538w\" sizes=\"auto, (max-width: 300px) 100vw, 300px\" \/><\/a><\/p>\n<p style=\"text-align: center;\">Flexibel: Eine \u00dcberglasmarkise l\u00e4sst sich nach Wunsch ganz oder teilweise herausfahren.<\/p>\n<p>&nbsp;<\/p>\n<p style=\"text-align: center;\"><a href=\"http:\/\/www.pr-neu.de\/newsroom\/wordpress\/wp-content\/uploads\/2022\/09\/22-23_Senkrechte-ZIP-Markise_G-scaled.jpg\" target=\"_blank\" rel=\"noopener\"><img loading=\"lazy\" decoding=\"async\" class=\"wp-image-15200 size-medium\" src=\"http:\/\/www.pr-neu.de\/newsroom\/wordpress\/wp-content\/uploads\/2022\/09\/22-23_Senkrechte-ZIP-Markise_G-300x200.jpg\" alt=\"\" width=\"300\" height=\"200\" srcset=\"https:\/\/www.pr-neu.de\/newsroom\/wordpress\/wp-content\/uploads\/2022\/09\/22-23_Senkrechte-ZIP-Markise_G-300x200.jpg 300w, https:\/\/www.pr-neu.de\/newsroom\/wordpress\/wp-content\/uploads\/2022\/09\/22-23_Senkrechte-ZIP-Markise_G-1024x683.jpg 1024w, https:\/\/www.pr-neu.de\/newsroom\/wordpress\/wp-content\/uploads\/2022\/09\/22-23_Senkrechte-ZIP-Markise_G-768x513.jpg 768w, https:\/\/www.pr-neu.de\/newsroom\/wordpress\/wp-content\/uploads\/2022\/09\/22-23_Senkrechte-ZIP-Markise_G-1536x1025.jpg 1536w, https:\/\/www.pr-neu.de\/newsroom\/wordpress\/wp-content\/uploads\/2022\/09\/22-23_Senkrechte-ZIP-Markise_G-2048x1367.jpg 2048w, https:\/\/www.pr-neu.de\/newsroom\/wordpress\/wp-content\/uploads\/2022\/09\/22-23_Senkrechte-ZIP-Markise_G-110x73.jpg 110w, https:\/\/www.pr-neu.de\/newsroom\/wordpress\/wp-content\/uploads\/2022\/09\/22-23_Senkrechte-ZIP-Markise_G-420x280.jpg 420w, https:\/\/www.pr-neu.de\/newsroom\/wordpress\/wp-content\/uploads\/2022\/09\/22-23_Senkrechte-ZIP-Markise_G-644x430.jpg 644w\" sizes=\"auto, (max-width: 300px) 100vw, 300px\" \/><\/a><\/p>\n<p style=\"text-align: center;\">Die senkrechte ZIP-Markise sch\u00fctzt auch vor seitlicher Sonneneinstrahlung und ist in vielen Farben und Textilien erh\u00e4ltlich.<\/p>\n<p>&nbsp;<\/p>\n<p><a href=\"http:\/\/www.pr-neu.de\/newsroom\/wordpress\/wp-content\/uploads\/2022\/09\/22-23_Raffstores_G-scaled.jpg\" target=\"_blank\" rel=\"noopener\"><img loading=\"lazy\" decoding=\"async\" class=\"aligncenter wp-image-15199 size-medium\" src=\"http:\/\/www.pr-neu.de\/newsroom\/wordpress\/wp-content\/uploads\/2022\/09\/22-23_Raffstores_G-300x200.jpg\" alt=\"\" width=\"300\" height=\"200\" srcset=\"https:\/\/www.pr-neu.de\/newsroom\/wordpress\/wp-content\/uploads\/2022\/09\/22-23_Raffstores_G-300x200.jpg 300w, https:\/\/www.pr-neu.de\/newsroom\/wordpress\/wp-content\/uploads\/2022\/09\/22-23_Raffstores_G-1024x682.jpg 1024w, https:\/\/www.pr-neu.de\/newsroom\/wordpress\/wp-content\/uploads\/2022\/09\/22-23_Raffstores_G-768x511.jpg 768w, https:\/\/www.pr-neu.de\/newsroom\/wordpress\/wp-content\/uploads\/2022\/09\/22-23_Raffstores_G-1536x1023.jpg 1536w, https:\/\/www.pr-neu.de\/newsroom\/wordpress\/wp-content\/uploads\/2022\/09\/22-23_Raffstores_G-2048x1364.jpg 2048w, https:\/\/www.pr-neu.de\/newsroom\/wordpress\/wp-content\/uploads\/2022\/09\/22-23_Raffstores_G-110x73.jpg 110w, https:\/\/www.pr-neu.de\/newsroom\/wordpress\/wp-content\/uploads\/2022\/09\/22-23_Raffstores_G-420x280.jpg 420w, https:\/\/www.pr-neu.de\/newsroom\/wordpress\/wp-content\/uploads\/2022\/09\/22-23_Raffstores_G-646x430.jpg 646w\" sizes=\"auto, (max-width: 300px) 100vw, 300px\" \/><\/a><\/p>\n<p style=\"text-align: center;\">Die Aluminium-Lamellen des Raffstores sind leicht zu verstellen und bieten so stets den passenden Schutz.<\/p>\n<p style=\"text-align: center;\">Bilder: TS-Aluminium-Profilsysteme GmbH &amp; Co. KG<\/p>\n<p>&nbsp;<\/p>\n<p>&nbsp;<\/p>\n<hr \/>\n<p>&nbsp;<\/p>\n<p>Abdruck honorarfrei, Belegexemplar erbeten.<\/p>\n","protected":false},"excerpt":{"rendered":"<p>TS-Aluminium pr\u00e4sentiert Beschattungen und L\u00fcftungen f\u00fcr Terrassen, Sommer- und Winterg\u00e4rten.<\/p>\n","protected":false},"author":10,"featured_media":15202,"comment_status":"closed","ping_status":"open","sticky":false,"template":"","format":"standard","meta":{"footnotes":""},"categories":[1761],"tags":[80,112,1885,1575,2061,2059,1893,492,2055,1793,1887,635,2057],"class_list":["post-15198","post","type-post","status-publish","format-standard","has-post-thumbnail","hentry","category-ts-aluminium","tag-beschattung","tag-dach","tag-garten","tag-haus","tag-lamellen","tag-markise","tag-sommergarten","tag-sonnenschutz","tag-terrasse","tag-ts-aluminium","tag-ueberdachung","tag-wintergarten","tag-zuhause"],"_links":{"self":[{"href":"https:\/\/www.pr-neu.de\/newsroom\/wp-json\/wp\/v2\/posts\/15198","targetHints":{"allow":["GET"]}}],"collection":[{"href":"https:\/\/www.pr-neu.de\/newsroom\/wp-json\/wp\/v2\/posts"}],"about":[{"href":"https:\/\/www.pr-neu.de\/newsroom\/wp-json\/wp\/v2\/types\/post"}],"author":[{"embeddable":true,"href":"https:\/\/www.pr-neu.de\/newsroom\/wp-json\/wp\/v2\/users\/10"}],"replies":[{"embeddable":true,"href":"https:\/\/www.pr-neu.de\/newsroom\/wp-json\/wp\/v2\/comments?post=15198"}],"version-history":[{"count":2,"href":"https:\/\/www.pr-neu.de\/newsroom\/wp-json\/wp\/v2\/posts\/15198\/revisions"}],"predecessor-version":[{"id":15205,"href":"https:\/\/www.pr-neu.de\/newsroom\/wp-json\/wp\/v2\/posts\/15198\/revisions\/15205"}],"wp:featuredmedia":[{"embeddable":true,"href":"https:\/\/www.pr-neu.de\/newsroom\/wp-json\/wp\/v2\/media\/15202"}],"wp:attachment":[{"href":"https:\/\/www.pr-neu.de\/newsroom\/wp-json\/wp\/v2\/media?parent=15198"}],"wp:term":[{"taxonomy":"category","embeddable":true,"href":"https:\/\/www.pr-neu.de\/newsroom\/wp-json\/wp\/v2\/categories?post=15198"},{"taxonomy":"post_tag","embeddable":true,"href":"https:\/\/www.pr-neu.de\/newsroom\/wp-json\/wp\/v2\/tags?post=15198"}],"curies":[{"name":"wp","href":"https:\/\/api.w.org\/{rel}","templated":true}]}}