{"id":15190,"date":"2022-09-08T10:43:03","date_gmt":"2022-09-08T08:43:03","guid":{"rendered":"https:\/\/www.pr-neu.de\/newsroom\/?p=15190"},"modified":"2022-09-08T10:43:12","modified_gmt":"2022-09-08T08:43:12","slug":"mehr-design-fuer-industrietore","status":"publish","type":"post","link":"https:\/\/www.pr-neu.de\/newsroom\/mehr-design-fuer-industrietore\/","title":{"rendered":"Mehr Design f\u00fcr Industrietore"},"content":{"rendered":"<p><strong>Teckentrup: Einzigartige Oberfl\u00e4chenauswahl f\u00fcr Sektionaltore<\/strong><\/p>\n<p>Immer h\u00e4ufiger ist auch bei Industrietoren Design gefragt: Oft ist ein Tor nicht nur der Zugang zum Geb\u00e4ude, sondern Teil der Architektur. Damit steigt der Anspruch an die Gestaltung. Um hier die passende L\u00f6sung zu bieten, erweitert Teckentrup sein Angebot an Oberfl\u00e4chen und Optiken f\u00fcr Industrie-Sektionaltore. Neben den Standard-Oberfl\u00e4chen stucco und microprofiliert stehen jetzt auch die Alternativen woodgrain und glatt zur Wahl. Auch bei den Optiken ist das Angebot ausgeweitet: Die Tore gibt es mit Sicke, Mittelsicke oder ohne Sicke. Zudem bietet der Hersteller eine breite Farbtonpalette: Acht Standardfarben und f\u00fcr die 40er-Baureihen zudem weitere acht Trendfarben, vier Holzdekore und vier Metallict\u00f6ne. Dar\u00fcber hinaus besteht die Option, einen Farbton nach RAL zu w\u00e4hlen.<\/p>\n<p>&nbsp;<\/p>\n<hr \/>\n<p>&nbsp;<\/p>\n<p><a href=\"http:\/\/www.pr-neu.de\/newsroom\/wordpress\/wp-content\/uploads\/2022\/09\/22-09_IndSekTor_design_G-scaled.jpg\" target=\"_blank\" rel=\"noopener\"><img loading=\"lazy\" decoding=\"async\" class=\"aligncenter wp-image-15191 size-medium\" src=\"http:\/\/www.pr-neu.de\/newsroom\/wordpress\/wp-content\/uploads\/2022\/09\/22-09_IndSekTor_design_G-300x199.jpg\" alt=\"\" width=\"300\" height=\"199\" srcset=\"https:\/\/www.pr-neu.de\/newsroom\/wordpress\/wp-content\/uploads\/2022\/09\/22-09_IndSekTor_design_G-300x199.jpg 300w, https:\/\/www.pr-neu.de\/newsroom\/wordpress\/wp-content\/uploads\/2022\/09\/22-09_IndSekTor_design_G-1024x678.jpg 1024w, https:\/\/www.pr-neu.de\/newsroom\/wordpress\/wp-content\/uploads\/2022\/09\/22-09_IndSekTor_design_G-768x509.jpg 768w, https:\/\/www.pr-neu.de\/newsroom\/wordpress\/wp-content\/uploads\/2022\/09\/22-09_IndSekTor_design_G-1536x1017.jpg 1536w, https:\/\/www.pr-neu.de\/newsroom\/wordpress\/wp-content\/uploads\/2022\/09\/22-09_IndSekTor_design_G-2048x1356.jpg 2048w, https:\/\/www.pr-neu.de\/newsroom\/wordpress\/wp-content\/uploads\/2022\/09\/22-09_IndSekTor_design_G-110x73.jpg 110w, https:\/\/www.pr-neu.de\/newsroom\/wordpress\/wp-content\/uploads\/2022\/09\/22-09_IndSekTor_design_G-420x278.jpg 420w, https:\/\/www.pr-neu.de\/newsroom\/wordpress\/wp-content\/uploads\/2022\/09\/22-09_IndSekTor_design_G-649x430.jpg 649w\" sizes=\"auto, (max-width: 300px) 100vw, 300px\" \/><\/a><\/p>\n<p style=\"text-align: center;\">Mit vier Oberfl\u00e4chen und drei Optiken bietet<br \/>\nTeckentrup eine gro\u00dfe Gestaltungsbreite f\u00fcr<br \/>\nIndustrie-Sektionaltore. Hinzu kommen viele<br \/>\nFarbt\u00f6ne sowie Holz- und Metalldekore.<\/p>\n<p style=\"text-align: center;\">Bild: Teckentrup<\/p>\n<p>&nbsp;<\/p>\n<hr \/>\n<p>&nbsp;<\/p>\n<p>Abdruck honorarfrei, Belegexemplar erbeten.<\/p>\n","protected":false},"excerpt":{"rendered":"<p>Teckentrup: Einzigartige Oberfl\u00e4chenauswahl f\u00fcr Sektionaltore Immer h\u00e4ufiger ist auch bei Industrietoren Design gefragt: Oft ist ein Tor nicht nur der Zugang zum Geb\u00e4ude, sondern Teil der Architektur. Damit steigt der Anspruch an die Gestaltung. Um hier die passende L\u00f6sung zu bieten, erweitert Teckentrup sein Angebot an Oberfl\u00e4chen und Optiken f\u00fcr Industrie-Sektionaltore. Neben den Standard-Oberfl\u00e4chen stucco [&hellip;]<\/p>\n","protected":false},"author":9,"featured_media":15191,"comment_status":"closed","ping_status":"open","sticky":false,"template":"","format":"standard","meta":{"footnotes":""},"categories":[18],"tags":[2051,278,382,2053,565,577],"class_list":["post-15190","post","type-post","status-publish","format-standard","has-post-thumbnail","hentry","category-teckentrup","tag-design","tag-industrietor","tag-oberflache","tag-optik","tag-teckentrup","tag-tor"],"_links":{"self":[{"href":"https:\/\/www.pr-neu.de\/newsroom\/wp-json\/wp\/v2\/posts\/15190","targetHints":{"allow":["GET"]}}],"collection":[{"href":"https:\/\/www.pr-neu.de\/newsroom\/wp-json\/wp\/v2\/posts"}],"about":[{"href":"https:\/\/www.pr-neu.de\/newsroom\/wp-json\/wp\/v2\/types\/post"}],"author":[{"embeddable":true,"href":"https:\/\/www.pr-neu.de\/newsroom\/wp-json\/wp\/v2\/users\/9"}],"replies":[{"embeddable":true,"href":"https:\/\/www.pr-neu.de\/newsroom\/wp-json\/wp\/v2\/comments?post=15190"}],"version-history":[{"count":2,"href":"https:\/\/www.pr-neu.de\/newsroom\/wp-json\/wp\/v2\/posts\/15190\/revisions"}],"predecessor-version":[{"id":15193,"href":"https:\/\/www.pr-neu.de\/newsroom\/wp-json\/wp\/v2\/posts\/15190\/revisions\/15193"}],"wp:featuredmedia":[{"embeddable":true,"href":"https:\/\/www.pr-neu.de\/newsroom\/wp-json\/wp\/v2\/media\/15191"}],"wp:attachment":[{"href":"https:\/\/www.pr-neu.de\/newsroom\/wp-json\/wp\/v2\/media?parent=15190"}],"wp:term":[{"taxonomy":"category","embeddable":true,"href":"https:\/\/www.pr-neu.de\/newsroom\/wp-json\/wp\/v2\/categories?post=15190"},{"taxonomy":"post_tag","embeddable":true,"href":"https:\/\/www.pr-neu.de\/newsroom\/wp-json\/wp\/v2\/tags?post=15190"}],"curies":[{"name":"wp","href":"https:\/\/api.w.org\/{rel}","templated":true}]}}