{"id":15185,"date":"2022-09-07T14:49:25","date_gmt":"2022-09-07T12:49:25","guid":{"rendered":"https:\/\/www.pr-neu.de\/newsroom\/?p=15185"},"modified":"2022-09-09T09:53:51","modified_gmt":"2022-09-09T07:53:51","slug":"eine-undurchdringliche-partnerschaft","status":"publish","type":"post","link":"https:\/\/www.pr-neu.de\/newsroom\/eine-undurchdringliche-partnerschaft\/","title":{"rendered":"Eine undurchdringliche Partnerschaft"},"content":{"rendered":"<p><u>Dicht- und D\u00e4mmspezialist Hanno startet neues Premium-Partner-Programm<\/u><\/p>\n<p><strong>Gemeinsam mehr erreichen: Als Premium-Partner k\u00f6nnen Betriebe ab sofort vom Know-how und der Expertise Hannos profitieren. Der Dicht- und D\u00e4mmspezialist startet ein offensives Vertriebsprogramm \u2013 mit Marketingmaterial, Schulungen und pers\u00f6nlicher Beratung. Das neue Exklusiv-Programm richtet sich an den regionalen Handel und unterst\u00fctzt Partner mit Verkaufsvorteilen und Marketing-Impulsen.<\/strong><\/p>\n<p>Der erste Partner ist bereits an Bord: \u201eWir sind stolz, unseren langj\u00e4hrigen und hochgesch\u00e4tzten Kunden Prieur Dichtstoffe als Premium-Partner im Programm zu begr\u00fc\u00dfen\u201c, freut sich Markus Fehrmann, Vertriebsleiter von Hanno. Schon seit Firmengr\u00fcndung arbeitet das L\u00fcbecker Unternehmen eng mit Hanno zusammen \u2013 nun besiegelten sie die Partnerschaft ganz offiziell beim 25. Firmenjubil\u00e4um von Prieur Dichtstoffe mit der Unterschrift von Inhaber Oliver Prieur. Den Partnervertrag und die Gl\u00fcckw\u00fcnsche \u00fcberbrachte Lars Bunke, Gebietsleiter Nord von Hanno. Informationen zum Premium-Partner-Programm gibt es bei der Hanno-Vertriebsleitung.<\/p>\n<p>&nbsp;<\/p>\n<hr \/>\n<p>&nbsp;<\/p>\n<p style=\"text-align: center;\"><a href=\"http:\/\/www.pr-neu.de\/newsroom\/wordpress\/wp-content\/uploads\/2022\/09\/22-09_Premiumpartner-Prieur_G-scaled.jpg\" target=\"_blank\" rel=\"noopener\"><img loading=\"lazy\" decoding=\"async\" class=\"wp-image-15187 size-medium\" src=\"http:\/\/www.pr-neu.de\/newsroom\/wordpress\/wp-content\/uploads\/2022\/09\/22-09_Premiumpartner-Prieur_G-300x226.jpg\" alt=\"\" width=\"300\" height=\"226\" srcset=\"https:\/\/www.pr-neu.de\/newsroom\/wordpress\/wp-content\/uploads\/2022\/09\/22-09_Premiumpartner-Prieur_G-300x226.jpg 300w, https:\/\/www.pr-neu.de\/newsroom\/wordpress\/wp-content\/uploads\/2022\/09\/22-09_Premiumpartner-Prieur_G-1024x773.jpg 1024w, https:\/\/www.pr-neu.de\/newsroom\/wordpress\/wp-content\/uploads\/2022\/09\/22-09_Premiumpartner-Prieur_G-768x580.jpg 768w, https:\/\/www.pr-neu.de\/newsroom\/wordpress\/wp-content\/uploads\/2022\/09\/22-09_Premiumpartner-Prieur_G-1536x1159.jpg 1536w, https:\/\/www.pr-neu.de\/newsroom\/wordpress\/wp-content\/uploads\/2022\/09\/22-09_Premiumpartner-Prieur_G-2048x1545.jpg 2048w, https:\/\/www.pr-neu.de\/newsroom\/wordpress\/wp-content\/uploads\/2022\/09\/22-09_Premiumpartner-Prieur_G-110x83.jpg 110w, https:\/\/www.pr-neu.de\/newsroom\/wordpress\/wp-content\/uploads\/2022\/09\/22-09_Premiumpartner-Prieur_G-420x317.jpg 420w, https:\/\/www.pr-neu.de\/newsroom\/wordpress\/wp-content\/uploads\/2022\/09\/22-09_Premiumpartner-Prieur_G-570x430.jpg 570w\" sizes=\"auto, (max-width: 300px) 100vw, 300px\" \/><\/a><\/p>\n<p style=\"text-align: center;\">(V.l.n.r.): Lars Bunke, Gebietsleiter Nord bei Hanno,<br \/>\ngratuliert Oliver Prieur, Inhaber von Prieur Dichtstoffe,<br \/>\nzur Hanno-Partnerschaft. Ein neues Programm unterst\u00fctzt<br \/>\nMarken-H\u00e4ndler im Marketing, bietet Schulungen und<br \/>\npers\u00f6nlichen Beratungsservice.<\/p>\n<p>&nbsp;<\/p>\n<p style=\"text-align: center;\"><a href=\"http:\/\/www.pr-neu.de\/newsroom\/wordpress\/wp-content\/uploads\/2022\/09\/22-09_Fehrmann_G-scaled.jpg\" target=\"_blank\" rel=\"noopener\"><img loading=\"lazy\" decoding=\"async\" class=\"wp-image-15186 size-medium\" src=\"http:\/\/www.pr-neu.de\/newsroom\/wordpress\/wp-content\/uploads\/2022\/09\/22-09_Fehrmann_G-200x300.jpg\" alt=\"\" width=\"200\" height=\"300\" srcset=\"https:\/\/www.pr-neu.de\/newsroom\/wordpress\/wp-content\/uploads\/2022\/09\/22-09_Fehrmann_G-200x300.jpg 200w, https:\/\/www.pr-neu.de\/newsroom\/wordpress\/wp-content\/uploads\/2022\/09\/22-09_Fehrmann_G-683x1024.jpg 683w, https:\/\/www.pr-neu.de\/newsroom\/wordpress\/wp-content\/uploads\/2022\/09\/22-09_Fehrmann_G-768x1152.jpg 768w, https:\/\/www.pr-neu.de\/newsroom\/wordpress\/wp-content\/uploads\/2022\/09\/22-09_Fehrmann_G-1024x1536.jpg 1024w, https:\/\/www.pr-neu.de\/newsroom\/wordpress\/wp-content\/uploads\/2022\/09\/22-09_Fehrmann_G-1365x2048.jpg 1365w, https:\/\/www.pr-neu.de\/newsroom\/wordpress\/wp-content\/uploads\/2022\/09\/22-09_Fehrmann_G-73x110.jpg 73w, https:\/\/www.pr-neu.de\/newsroom\/wordpress\/wp-content\/uploads\/2022\/09\/22-09_Fehrmann_G-280x420.jpg 280w, https:\/\/www.pr-neu.de\/newsroom\/wordpress\/wp-content\/uploads\/2022\/09\/22-09_Fehrmann_G-287x430.jpg 287w, https:\/\/www.pr-neu.de\/newsroom\/wordpress\/wp-content\/uploads\/2022\/09\/22-09_Fehrmann_G-scaled.jpg 1706w\" sizes=\"auto, (max-width: 200px) 100vw, 200px\" \/><\/a><\/p>\n<p style=\"text-align: center;\">Markus Fehrmann, Vertriebsleiter bei Hanno, ist stolz,<br \/>\nPrieur Dichtstoffe als ersten Premium-Partner im<br \/>\nProgramm zu begr\u00fc\u00dfen.<\/p>\n<p style=\"text-align: center;\">Bilder: Hanno Werk GmbH &amp; Co. KG<\/p>\n<p>&nbsp;<\/p>\n<hr \/>\n<p>&nbsp;<\/p>\n<p>Abdruck honorarfrei, Belegexemplar erbeten.<\/p>\n","protected":false},"excerpt":{"rendered":"<p>Gemeinsam mehr erreichen: Als Premium-Partner k\u00f6nnen Betriebe ab sofort vom Know-how und der Expertise Hannos profitieren.<\/p>\n","protected":false},"author":10,"featured_media":15187,"comment_status":"closed","ping_status":"open","sticky":false,"template":"","format":"standard","meta":{"footnotes":""},"categories":[655],"tags":[2047,2049,1937,1743,2043,2045,1627,1933,1939,611],"class_list":["post-15185","post","type-post","status-publish","format-standard","has-post-thumbnail","hentry","category-hanno","tag-b2b","tag-business","tag-handel","tag-hanno","tag-hannowerk","tag-kooperation","tag-logistik","tag-marketing","tag-partner","tag-vertrieb"],"_links":{"self":[{"href":"https:\/\/www.pr-neu.de\/newsroom\/wp-json\/wp\/v2\/posts\/15185","targetHints":{"allow":["GET"]}}],"collection":[{"href":"https:\/\/www.pr-neu.de\/newsroom\/wp-json\/wp\/v2\/posts"}],"about":[{"href":"https:\/\/www.pr-neu.de\/newsroom\/wp-json\/wp\/v2\/types\/post"}],"author":[{"embeddable":true,"href":"https:\/\/www.pr-neu.de\/newsroom\/wp-json\/wp\/v2\/users\/10"}],"replies":[{"embeddable":true,"href":"https:\/\/www.pr-neu.de\/newsroom\/wp-json\/wp\/v2\/comments?post=15185"}],"version-history":[{"count":4,"href":"https:\/\/www.pr-neu.de\/newsroom\/wp-json\/wp\/v2\/posts\/15185\/revisions"}],"predecessor-version":[{"id":15197,"href":"https:\/\/www.pr-neu.de\/newsroom\/wp-json\/wp\/v2\/posts\/15185\/revisions\/15197"}],"wp:featuredmedia":[{"embeddable":true,"href":"https:\/\/www.pr-neu.de\/newsroom\/wp-json\/wp\/v2\/media\/15187"}],"wp:attachment":[{"href":"https:\/\/www.pr-neu.de\/newsroom\/wp-json\/wp\/v2\/media?parent=15185"}],"wp:term":[{"taxonomy":"category","embeddable":true,"href":"https:\/\/www.pr-neu.de\/newsroom\/wp-json\/wp\/v2\/categories?post=15185"},{"taxonomy":"post_tag","embeddable":true,"href":"https:\/\/www.pr-neu.de\/newsroom\/wp-json\/wp\/v2\/tags?post=15185"}],"curies":[{"name":"wp","href":"https:\/\/api.w.org\/{rel}","templated":true}]}}