{"id":15176,"date":"2022-09-05T11:51:00","date_gmt":"2022-09-05T09:51:00","guid":{"rendered":"https:\/\/www.pr-neu.de\/newsroom\/?p=15176"},"modified":"2022-09-05T11:51:00","modified_gmt":"2022-09-05T09:51:00","slug":"bergfeldstrasse-erhaelt-neue-kanaele","status":"publish","type":"post","link":"https:\/\/www.pr-neu.de\/newsroom\/bergfeldstrasse-erhaelt-neue-kanaele\/","title":{"rendered":"Bergfeldstra\u00dfe erh\u00e4lt neue Kan\u00e4le"},"content":{"rendered":"<p><strong>Braunschweig, 05. September 2022<\/strong>. Am 7. September startet die Sanierung der Regenwasserkan\u00e4le in der Bergfeldstra\u00dfe. Um die Einschr\u00e4nkungen so gering wie m\u00f6glich zu halten, gliedert die Stadtentw\u00e4sserung Braunschweig GmbH (SE|BS) die Sanierung in mehrere Abschnitte. Die Bauarbeiten beginnen an der Einm\u00fcndung zur Kramerstra\u00dfe, das letzte Teilst\u00fcck reicht dann bis zum Frankfurter Platz. Insgesamt erneuert die SE|BS rund 170 Meter Regenwasserkanal.<\/p>\n<p>Die Bauarbeiten dauern voraussichtlich bis Mitte November 2022, die SE|BS bittet um Verst\u00e4ndnis.<\/p>\n<hr \/>\n<p>&nbsp;<\/p>\n<p><strong>SE|BS-Pressestelle<\/strong><br \/>\npr neu &#8211; gedacht<\/p>\n<p>Telefon: 05307 80093 \u2013 80<br \/>\nFax: 05307 80093 \u2013 69<br \/>\nE-Mail: &#x69;n&#x66;&#111;&#x40;&#x70;r&#x2d;&#110;&#x65;&#x75;&#46;&#x64;&#101;<br \/>\nInternet: www.pr-neu.de<\/p>\n","protected":false},"excerpt":{"rendered":"<p>Am 7. September startet die Sanierung der Regenwasserkan\u00e4le in der Bergfeldstra\u00dfe. Um die Einschr\u00e4nkungen so gering wie m\u00f6glich zu halten, gliedert die Stadtentw\u00e4sserung Braunschweig GmbH (SE|BS) die Sanierung in mehrere Abschnitte.<\/p>\n","protected":false},"author":9,"featured_media":8697,"comment_status":"closed","ping_status":"open","sticky":false,"template":"","format":"standard","meta":{"footnotes":""},"categories":[1517],"tags":[1589,1559,1557,2029,1561,1563,1601],"class_list":["post-15176","post","type-post","status-publish","format-standard","has-post-thumbnail","hentry","category-sebs","tag-abwasser","tag-baustelle","tag-braunschweig","tag-bs-energy","tag-kanal","tag-se-bs","tag-stadtentwaesserung"],"_links":{"self":[{"href":"https:\/\/www.pr-neu.de\/newsroom\/wp-json\/wp\/v2\/posts\/15176","targetHints":{"allow":["GET"]}}],"collection":[{"href":"https:\/\/www.pr-neu.de\/newsroom\/wp-json\/wp\/v2\/posts"}],"about":[{"href":"https:\/\/www.pr-neu.de\/newsroom\/wp-json\/wp\/v2\/types\/post"}],"author":[{"embeddable":true,"href":"https:\/\/www.pr-neu.de\/newsroom\/wp-json\/wp\/v2\/users\/9"}],"replies":[{"embeddable":true,"href":"https:\/\/www.pr-neu.de\/newsroom\/wp-json\/wp\/v2\/comments?post=15176"}],"version-history":[{"count":1,"href":"https:\/\/www.pr-neu.de\/newsroom\/wp-json\/wp\/v2\/posts\/15176\/revisions"}],"predecessor-version":[{"id":15177,"href":"https:\/\/www.pr-neu.de\/newsroom\/wp-json\/wp\/v2\/posts\/15176\/revisions\/15177"}],"wp:featuredmedia":[{"embeddable":true,"href":"https:\/\/www.pr-neu.de\/newsroom\/wp-json\/wp\/v2\/media\/8697"}],"wp:attachment":[{"href":"https:\/\/www.pr-neu.de\/newsroom\/wp-json\/wp\/v2\/media?parent=15176"}],"wp:term":[{"taxonomy":"category","embeddable":true,"href":"https:\/\/www.pr-neu.de\/newsroom\/wp-json\/wp\/v2\/categories?post=15176"},{"taxonomy":"post_tag","embeddable":true,"href":"https:\/\/www.pr-neu.de\/newsroom\/wp-json\/wp\/v2\/tags?post=15176"}],"curies":[{"name":"wp","href":"https:\/\/api.w.org\/{rel}","templated":true}]}}