{"id":15162,"date":"2022-08-24T08:00:48","date_gmt":"2022-08-24T06:00:48","guid":{"rendered":"https:\/\/www.pr-neu.de\/newsroom\/?p=15162"},"modified":"2022-08-23T15:50:32","modified_gmt":"2022-08-23T13:50:32","slug":"kanalsanierung-am-augusttorwall","status":"publish","type":"post","link":"https:\/\/www.pr-neu.de\/newsroom\/kanalsanierung-am-augusttorwall\/","title":{"rendered":"Kanalsanierung am Augusttorwall"},"content":{"rendered":"<p><!--MBNHE--><\/p>\n<p><strong><u>Braunschweig, 24. August 2022.<\/u><\/strong><\/p>\n<p>Aufgrund von Kanalsanierungsarbeiten kommt es im Zeitraum vom 26. bis 28. August im Bereich Augusttorwall zu Verkehrsbehinderungen. Eine Umleitungsstrecke wird ausgeschildert.<\/p>\n<p>F\u00fcr die Einschr\u00e4nkungen bittet die Stadtentw\u00e4sserung Braunschweig GmbH um Verst\u00e4ndnis.<\/p>\n<p>&nbsp;<\/p>\n<hr \/>\n<p>&nbsp;<\/p>\n<p><strong>SE|BS-Pressestelle<\/strong><br \/>\npr neu &#8211; gedacht<\/p>\n<p>Telefon: 05307 80093 \u2013 80<br \/>\nFax: 05307 80093 \u2013 69<br \/>\nE-Mail: &#105;&#x6e;&#102;&#x6f;&#64;&#x70;r&#x2d;n&#101;&#x75;&#46;&#x64;&#101;<br \/>\nInternet: www.pr-neu.de<\/p>\n","protected":false},"excerpt":{"rendered":"<p>Aufgrund von Kanalsanierungsarbeiten kommt es im Zeitraum vom 26. bis 28. August im Bereich Augusttorwall zu Verkehrsbehinderungen. Eine Umleitungsstrecke wird ausgeschildert.<\/p>\n","protected":false},"author":9,"featured_media":8697,"comment_status":"closed","ping_status":"open","sticky":false,"template":"","format":"standard","meta":{"footnotes":""},"categories":[1517],"tags":[1559,1557,1799,1595,1563,1599,1593],"class_list":["post-15162","post","type-post","status-publish","format-standard","has-post-thumbnail","hentry","category-sebs","tag-baustelle","tag-braunschweig","tag-kanalarbeiten","tag-kanalisation","tag-se-bs","tag-umleitung","tag-verkehr"],"_links":{"self":[{"href":"https:\/\/www.pr-neu.de\/newsroom\/wp-json\/wp\/v2\/posts\/15162","targetHints":{"allow":["GET"]}}],"collection":[{"href":"https:\/\/www.pr-neu.de\/newsroom\/wp-json\/wp\/v2\/posts"}],"about":[{"href":"https:\/\/www.pr-neu.de\/newsroom\/wp-json\/wp\/v2\/types\/post"}],"author":[{"embeddable":true,"href":"https:\/\/www.pr-neu.de\/newsroom\/wp-json\/wp\/v2\/users\/9"}],"replies":[{"embeddable":true,"href":"https:\/\/www.pr-neu.de\/newsroom\/wp-json\/wp\/v2\/comments?post=15162"}],"version-history":[{"count":1,"href":"https:\/\/www.pr-neu.de\/newsroom\/wp-json\/wp\/v2\/posts\/15162\/revisions"}],"predecessor-version":[{"id":15163,"href":"https:\/\/www.pr-neu.de\/newsroom\/wp-json\/wp\/v2\/posts\/15162\/revisions\/15163"}],"wp:featuredmedia":[{"embeddable":true,"href":"https:\/\/www.pr-neu.de\/newsroom\/wp-json\/wp\/v2\/media\/8697"}],"wp:attachment":[{"href":"https:\/\/www.pr-neu.de\/newsroom\/wp-json\/wp\/v2\/media?parent=15162"}],"wp:term":[{"taxonomy":"category","embeddable":true,"href":"https:\/\/www.pr-neu.de\/newsroom\/wp-json\/wp\/v2\/categories?post=15162"},{"taxonomy":"post_tag","embeddable":true,"href":"https:\/\/www.pr-neu.de\/newsroom\/wp-json\/wp\/v2\/tags?post=15162"}],"curies":[{"name":"wp","href":"https:\/\/api.w.org\/{rel}","templated":true}]}}