{"id":15158,"date":"2022-08-25T08:00:07","date_gmt":"2022-08-25T06:00:07","guid":{"rendered":"https:\/\/www.pr-neu.de\/newsroom\/?p=15158"},"modified":"2025-06-03T13:06:28","modified_gmt":"2025-06-03T11:06:28","slug":"umweltfreundliches-glattvlies","status":"publish","type":"post","link":"https:\/\/www.pr-neu.de\/newsroom\/umweltfreundliches-glattvlies\/","title":{"rendered":"Umweltfreundliches Glattvlies"},"content":{"rendered":"<p><u>Sto SE &amp; Co. KGaA: Nachhaltiges Polyester-Zellulose-Vlies StoTap Evo<\/u><\/p>\n<p>Technisch optimal, \u00e4sthetisch und nachhaltig: Diese Vorgaben galten f\u00fcr die Entwicklung des neuen Glattvlieses \u201eStoTap Evo\u201c. Das umweltfreundliche Polyester-Zellulose-Vlies von Sto besteht \u00fcberwiegend aus nachwachsenden Zellstoffen und ist mit dem FSC-Mix-Label ausgezeichnet (mindestens 70 Prozent des Holzes stammt aus FSC-zertifizierten W\u00e4ldern FSC-C171317). Zudem ist das Vlies schadstoff- und emissionsarm. Daf\u00fcr ist es als derzeit einziges Polyester-Zellulose-Vlies mit dem Siegel des T\u00dcV S\u00fcd ausgezeichnet. Auch bei der Verpackung geht Sto neue Wege: Der Karton besteht aus Recyclingmaterial und eine umweltfreundliche Papierbanderole um die Rolle ersetzt die fr\u00fcher \u00fcbliche Kunststoff-Folie.<\/p>\n<p>Technisch \u00fcberzeugt das dimensionsstabile, vorpigmentierte Vlies ebenso: Es \u00fcberbr\u00fcckt Spannungen im Untergrund und eignet sich so besonders f\u00fcr Sanierungen. Exakte Schnittkanten sorgen f\u00fcr perfekte St\u00f6\u00dfe, die glatte Oberfl\u00e4che nimmt den Kleber gut auf, der Farbauftrag erfolgt einfach, gleichm\u00e4\u00dfig und f\u00fchrt in Kombination mit dem passenden Schlussanstrich zu einem homogenen Finish.<\/p>\n<p>Drei Rollenformate sind erh\u00e4ltlich: 0,75 Meter breit (optimal f\u00fcr Tapezierger\u00e4te) und mit 1,00 Meter Breite auch als Jumborolle mit 100 Meter Laufweite. Das rationalisiert die Arbeit, da Rollenwechsel entfallen \u2013 und spart weitere Verpackung. Weitere Infos unter sto.de.<\/p>\n<p>&nbsp;<\/p>\n<hr \/>\n<p>&nbsp;<\/p>\n<p>&nbsp;<\/p>\n<p><a href=\"http:\/\/www.pr-neu.de\/newsroom\/wordpress\/wp-content\/uploads\/2022\/08\/22-23-StoTapEvo_1_G-scaled.jpg\" target=\"_blank\" rel=\"noopener\"><img loading=\"lazy\" decoding=\"async\" class=\"aligncenter wp-image-15159 size-medium\" src=\"http:\/\/www.pr-neu.de\/newsroom\/wordpress\/wp-content\/uploads\/2022\/08\/22-23-StoTapEvo_1_G-300x200.jpg\" alt=\"\" width=\"300\" height=\"200\" srcset=\"https:\/\/www.pr-neu.de\/newsroom\/wordpress\/wp-content\/uploads\/2022\/08\/22-23-StoTapEvo_1_G-300x200.jpg 300w, https:\/\/www.pr-neu.de\/newsroom\/wordpress\/wp-content\/uploads\/2022\/08\/22-23-StoTapEvo_1_G-1024x683.jpg 1024w, https:\/\/www.pr-neu.de\/newsroom\/wordpress\/wp-content\/uploads\/2022\/08\/22-23-StoTapEvo_1_G-768x512.jpg 768w, https:\/\/www.pr-neu.de\/newsroom\/wordpress\/wp-content\/uploads\/2022\/08\/22-23-StoTapEvo_1_G-1536x1024.jpg 1536w, https:\/\/www.pr-neu.de\/newsroom\/wordpress\/wp-content\/uploads\/2022\/08\/22-23-StoTapEvo_1_G-2048x1365.jpg 2048w, https:\/\/www.pr-neu.de\/newsroom\/wordpress\/wp-content\/uploads\/2022\/08\/22-23-StoTapEvo_1_G-110x73.jpg 110w, https:\/\/www.pr-neu.de\/newsroom\/wordpress\/wp-content\/uploads\/2022\/08\/22-23-StoTapEvo_1_G-420x280.jpg 420w, https:\/\/www.pr-neu.de\/newsroom\/wordpress\/wp-content\/uploads\/2022\/08\/22-23-StoTapEvo_1_G-645x430.jpg 645w\" sizes=\"auto, (max-width: 300px) 100vw, 300px\" \/><\/a><\/p>\n<p style=\"text-align: center;\">Auf dem neuen Vlies StoTap Evo l\u00e4sst sich<br \/>\nInnenfarbe leicht gleichm\u00e4\u00dfig auftragen.<\/p>\n<p>&nbsp;<\/p>\n<p>&nbsp;<\/p>\n<p><a href=\"http:\/\/www.pr-neu.de\/newsroom\/wordpress\/wp-content\/uploads\/2022\/08\/22-23-StoTapEvo_2_G-scaled.jpg\" target=\"_blank\" rel=\"noopener\"><img loading=\"lazy\" decoding=\"async\" class=\"aligncenter wp-image-15160 size-medium\" src=\"http:\/\/www.pr-neu.de\/newsroom\/wordpress\/wp-content\/uploads\/2022\/08\/22-23-StoTapEvo_2_G-200x300.jpg\" alt=\"\" width=\"200\" height=\"300\" srcset=\"https:\/\/www.pr-neu.de\/newsroom\/wordpress\/wp-content\/uploads\/2022\/08\/22-23-StoTapEvo_2_G-200x300.jpg 200w, https:\/\/www.pr-neu.de\/newsroom\/wordpress\/wp-content\/uploads\/2022\/08\/22-23-StoTapEvo_2_G-683x1024.jpg 683w, https:\/\/www.pr-neu.de\/newsroom\/wordpress\/wp-content\/uploads\/2022\/08\/22-23-StoTapEvo_2_G-768x1152.jpg 768w, https:\/\/www.pr-neu.de\/newsroom\/wordpress\/wp-content\/uploads\/2022\/08\/22-23-StoTapEvo_2_G-1024x1536.jpg 1024w, https:\/\/www.pr-neu.de\/newsroom\/wordpress\/wp-content\/uploads\/2022\/08\/22-23-StoTapEvo_2_G-1365x2048.jpg 1365w, https:\/\/www.pr-neu.de\/newsroom\/wordpress\/wp-content\/uploads\/2022\/08\/22-23-StoTapEvo_2_G-73x110.jpg 73w, https:\/\/www.pr-neu.de\/newsroom\/wordpress\/wp-content\/uploads\/2022\/08\/22-23-StoTapEvo_2_G-280x420.jpg 280w, https:\/\/www.pr-neu.de\/newsroom\/wordpress\/wp-content\/uploads\/2022\/08\/22-23-StoTapEvo_2_G-287x430.jpg 287w, https:\/\/www.pr-neu.de\/newsroom\/wordpress\/wp-content\/uploads\/2022\/08\/22-23-StoTapEvo_2_G-scaled.jpg 1707w\" sizes=\"auto, (max-width: 200px) 100vw, 200px\" \/><\/a><\/p>\n<p style=\"text-align: center;\">Mit den sauberen Schnittkanten l\u00e4sst sich<br \/>\ndas Vlies einfach auf Sto\u00df verkleben.<\/p>\n<p style=\"text-align: center;\">Bilder: Martin Baitinger \/ Sto SE &amp; Co. KGaA<\/p>\n<p>&nbsp;<\/p>\n<hr \/>\n<p>&nbsp;<\/p>\n<p>Abdruck honorarfrei, Belegexemplar erbeten.<\/p>\n","protected":false},"excerpt":{"rendered":"<p>Technisch optimal, \u00e4sthetisch und nachhaltig: Diese Vorgaben galten f\u00fcr die Entwicklung des neuen Glattvlieses \u201eStoTap Evo\u201c.<\/p>\n","protected":false},"author":9,"featured_media":15159,"comment_status":"closed","ping_status":"open","sticky":false,"template":"","format":"standard","meta":{"footnotes":""},"categories":[15],"tags":[2019,2015,283,367,2017,504,2021,562,617],"class_list":["post-15158","post","type-post","status-publish","format-standard","has-post-thumbnail","hentry","category-sto","tag-glattvlies","tag-innen","tag-innenraum","tag-nachhaltigkeit","tag-renovieren","tag-sto-2","tag-stotap-evo","tag-tapezieren","tag-wand"],"_links":{"self":[{"href":"https:\/\/www.pr-neu.de\/newsroom\/wp-json\/wp\/v2\/posts\/15158","targetHints":{"allow":["GET"]}}],"collection":[{"href":"https:\/\/www.pr-neu.de\/newsroom\/wp-json\/wp\/v2\/posts"}],"about":[{"href":"https:\/\/www.pr-neu.de\/newsroom\/wp-json\/wp\/v2\/types\/post"}],"author":[{"embeddable":true,"href":"https:\/\/www.pr-neu.de\/newsroom\/wp-json\/wp\/v2\/users\/9"}],"replies":[{"embeddable":true,"href":"https:\/\/www.pr-neu.de\/newsroom\/wp-json\/wp\/v2\/comments?post=15158"}],"version-history":[{"count":2,"href":"https:\/\/www.pr-neu.de\/newsroom\/wp-json\/wp\/v2\/posts\/15158\/revisions"}],"predecessor-version":[{"id":17630,"href":"https:\/\/www.pr-neu.de\/newsroom\/wp-json\/wp\/v2\/posts\/15158\/revisions\/17630"}],"wp:featuredmedia":[{"embeddable":true,"href":"https:\/\/www.pr-neu.de\/newsroom\/wp-json\/wp\/v2\/media\/15159"}],"wp:attachment":[{"href":"https:\/\/www.pr-neu.de\/newsroom\/wp-json\/wp\/v2\/media?parent=15158"}],"wp:term":[{"taxonomy":"category","embeddable":true,"href":"https:\/\/www.pr-neu.de\/newsroom\/wp-json\/wp\/v2\/categories?post=15158"},{"taxonomy":"post_tag","embeddable":true,"href":"https:\/\/www.pr-neu.de\/newsroom\/wp-json\/wp\/v2\/tags?post=15158"}],"curies":[{"name":"wp","href":"https:\/\/api.w.org\/{rel}","templated":true}]}}