{"id":15152,"date":"2022-08-18T09:46:03","date_gmt":"2022-08-18T07:46:03","guid":{"rendered":"https:\/\/www.pr-neu.de\/newsroom\/?p=15152"},"modified":"2022-08-18T09:47:51","modified_gmt":"2022-08-18T07:47:51","slug":"spektakulaeres-buehnenbild-bei-den-bregenzer-festspielen-2022","status":"publish","type":"post","link":"https:\/\/www.pr-neu.de\/newsroom\/spektakulaeres-buehnenbild-bei-den-bregenzer-festspielen-2022\/","title":{"rendered":"Spektakul\u00e4res B\u00fchnenbild bei den Bregenzer Festspielen 2022"},"content":{"rendered":"<p><!--MBNHE--><\/p>\n<p><u>Sto SE &amp; Co. KGaA: 300 Tonnen schweres \u201eSt\u00fcck Papier\u201c<\/u><\/p>\n<p><strong>Die erstmals bei den Bregenzer Festspielen gezeigte Oper \u201eMadame Butterfly\u201c feierte im Juli 2022 Premiere auf dem Bodensee \u2013 und ein 300 Tonnen schweres \u201eSt\u00fcck Papier\u201c aus Stahl, Polystyrol, Holz und Putz bildet das Kernst\u00fcck der Seeb\u00fchne. Weil es hohen Belastungen und der Witterung ausgesetzt ist, muss es besonders widerstandsf\u00e4hig sein. Sto lieferte erneut die Beschichtungen f\u00fcr das begehbare B\u00fchnenbild.<\/strong><\/p>\n<p>Ein (vermeintlich) zartes Blatt Papier, zerkn\u00fcllt und ins Wasser geworfen, als Spiegel der Seele der Madame Butterfly, so beschreiben die Bregenzer Festspiele das B\u00fchnenbild f\u00fcr Puccinis Oper: Es setzt auf Poesie \u2013 und ist gewohnt \u00fcberdimensioniert: Die Skulptur ist rund 23 Meter hoch und 33 Meter breit und wiegt 300 Tonnen. Dennoch wirkt sie durch die gewellte Form geradezu verletzlich. Das magische B\u00fchnenbild von Michael Levine zaubert mit feinen Landschaftsmalereien japanisches Flair an den Bodensee. Vor der B\u00fchne schwimmt ein \u00fcberdimensionales Papierb\u00f6tchen im See.<\/p>\n<p>Sto beteiligt sich schon seit Jahren an der Umsetzung der imposanten B\u00fchnenbilder f\u00fcr die Bregenzer Festspiele und entwickelt die technischen L\u00f6sungen mit. Aufgrund der langj\u00e4hrigen Erfahrung wurde erneut StoArmat Classic Plus, eine zementfreie Armierungsmasse in Kombination mit Sto-Glasfasergewebe, verwendet. Die Armierungs- und Spachtelmasse weist bei Rissdehnung und Schlagfestigkeit hervorragende Eigenschaften auf und bietet exzellente Verarbeitungseigenschaften \u2013 ideal f\u00fcr ein Projekt wie in Bregenz. So bleibt das B\u00fchnenbild nahezu wartungsfrei f\u00fcr zwei Spielzeiten nutzbar, obwohl die B\u00fchne im Sommer wie im Winter der Witterung am See ausgesetzt ist.<\/p>\n<p>&nbsp;<\/p>\n<hr \/>\n<p>&nbsp;<\/p>\n<p><a href=\"http:\/\/www.pr-neu.de\/newsroom\/wordpress\/wp-content\/uploads\/2022\/08\/22-22_Bregenzer-Festspiele_01_K.jpg\" target=\"_blank\" rel=\"noopener\"><img loading=\"lazy\" decoding=\"async\" class=\"aligncenter wp-image-15153 size-medium\" src=\"http:\/\/www.pr-neu.de\/newsroom\/wordpress\/wp-content\/uploads\/2022\/08\/22-22_Bregenzer-Festspiele_01_K-300x267.jpg\" alt=\"\" width=\"300\" height=\"267\" srcset=\"https:\/\/www.pr-neu.de\/newsroom\/wordpress\/wp-content\/uploads\/2022\/08\/22-22_Bregenzer-Festspiele_01_K-300x267.jpg 300w, https:\/\/www.pr-neu.de\/newsroom\/wordpress\/wp-content\/uploads\/2022\/08\/22-22_Bregenzer-Festspiele_01_K-1024x912.jpg 1024w, https:\/\/www.pr-neu.de\/newsroom\/wordpress\/wp-content\/uploads\/2022\/08\/22-22_Bregenzer-Festspiele_01_K-768x684.jpg 768w, https:\/\/www.pr-neu.de\/newsroom\/wordpress\/wp-content\/uploads\/2022\/08\/22-22_Bregenzer-Festspiele_01_K-1536x1368.jpg 1536w, https:\/\/www.pr-neu.de\/newsroom\/wordpress\/wp-content\/uploads\/2022\/08\/22-22_Bregenzer-Festspiele_01_K-2048x1824.jpg 2048w, https:\/\/www.pr-neu.de\/newsroom\/wordpress\/wp-content\/uploads\/2022\/08\/22-22_Bregenzer-Festspiele_01_K-110x98.jpg 110w, https:\/\/www.pr-neu.de\/newsroom\/wordpress\/wp-content\/uploads\/2022\/08\/22-22_Bregenzer-Festspiele_01_K-420x374.jpg 420w, https:\/\/www.pr-neu.de\/newsroom\/wordpress\/wp-content\/uploads\/2022\/08\/22-22_Bregenzer-Festspiele_01_K-483x430.jpg 483w\" sizes=\"auto, (max-width: 300px) 100vw, 300px\" \/><\/a><\/p>\n<p><a href=\"http:\/\/www.pr-neu.de\/newsroom\/wordpress\/wp-content\/uploads\/2022\/08\/22-22_Bregenzer-Festspiele_02_K.jpg\" target=\"_blank\" rel=\"noopener\"><img loading=\"lazy\" decoding=\"async\" class=\"aligncenter wp-image-15154 size-medium\" src=\"http:\/\/www.pr-neu.de\/newsroom\/wordpress\/wp-content\/uploads\/2022\/08\/22-22_Bregenzer-Festspiele_02_K-235x300.jpg\" alt=\"\" width=\"235\" height=\"300\" srcset=\"https:\/\/www.pr-neu.de\/newsroom\/wordpress\/wp-content\/uploads\/2022\/08\/22-22_Bregenzer-Festspiele_02_K-235x300.jpg 235w, https:\/\/www.pr-neu.de\/newsroom\/wordpress\/wp-content\/uploads\/2022\/08\/22-22_Bregenzer-Festspiele_02_K-801x1024.jpg 801w, https:\/\/www.pr-neu.de\/newsroom\/wordpress\/wp-content\/uploads\/2022\/08\/22-22_Bregenzer-Festspiele_02_K-768x981.jpg 768w, https:\/\/www.pr-neu.de\/newsroom\/wordpress\/wp-content\/uploads\/2022\/08\/22-22_Bregenzer-Festspiele_02_K-1202x1536.jpg 1202w, https:\/\/www.pr-neu.de\/newsroom\/wordpress\/wp-content\/uploads\/2022\/08\/22-22_Bregenzer-Festspiele_02_K-1603x2048.jpg 1603w, https:\/\/www.pr-neu.de\/newsroom\/wordpress\/wp-content\/uploads\/2022\/08\/22-22_Bregenzer-Festspiele_02_K-86x110.jpg 86w, https:\/\/www.pr-neu.de\/newsroom\/wordpress\/wp-content\/uploads\/2022\/08\/22-22_Bregenzer-Festspiele_02_K-329x420.jpg 329w, https:\/\/www.pr-neu.de\/newsroom\/wordpress\/wp-content\/uploads\/2022\/08\/22-22_Bregenzer-Festspiele_02_K-336x430.jpg 336w, https:\/\/www.pr-neu.de\/newsroom\/wordpress\/wp-content\/uploads\/2022\/08\/22-22_Bregenzer-Festspiele_02_K.jpg 1878w\" sizes=\"auto, (max-width: 235px) 100vw, 235px\" \/><\/a><\/p>\n<p><a href=\"http:\/\/www.pr-neu.de\/newsroom\/wordpress\/wp-content\/uploads\/2022\/08\/22-22_Bregenzer-Festspiele_03_K.jpg\" target=\"_blank\" rel=\"noopener\"><img loading=\"lazy\" decoding=\"async\" class=\"aligncenter wp-image-15155 size-medium\" src=\"http:\/\/www.pr-neu.de\/newsroom\/wordpress\/wp-content\/uploads\/2022\/08\/22-22_Bregenzer-Festspiele_03_K-300x200.jpg\" alt=\"\" width=\"300\" height=\"200\" srcset=\"https:\/\/www.pr-neu.de\/newsroom\/wordpress\/wp-content\/uploads\/2022\/08\/22-22_Bregenzer-Festspiele_03_K-300x200.jpg 300w, https:\/\/www.pr-neu.de\/newsroom\/wordpress\/wp-content\/uploads\/2022\/08\/22-22_Bregenzer-Festspiele_03_K-1024x684.jpg 1024w, https:\/\/www.pr-neu.de\/newsroom\/wordpress\/wp-content\/uploads\/2022\/08\/22-22_Bregenzer-Festspiele_03_K-768x513.jpg 768w, https:\/\/www.pr-neu.de\/newsroom\/wordpress\/wp-content\/uploads\/2022\/08\/22-22_Bregenzer-Festspiele_03_K-1536x1026.jpg 1536w, https:\/\/www.pr-neu.de\/newsroom\/wordpress\/wp-content\/uploads\/2022\/08\/22-22_Bregenzer-Festspiele_03_K-2048x1368.jpg 2048w, https:\/\/www.pr-neu.de\/newsroom\/wordpress\/wp-content\/uploads\/2022\/08\/22-22_Bregenzer-Festspiele_03_K-110x73.jpg 110w, https:\/\/www.pr-neu.de\/newsroom\/wordpress\/wp-content\/uploads\/2022\/08\/22-22_Bregenzer-Festspiele_03_K-420x281.jpg 420w, https:\/\/www.pr-neu.de\/newsroom\/wordpress\/wp-content\/uploads\/2022\/08\/22-22_Bregenzer-Festspiele_03_K-644x430.jpg 644w\" sizes=\"auto, (max-width: 300px) 100vw, 300px\" \/><\/a><\/p>\n<p style=\"text-align: center;\">300 Tonnen filigrane Leichtigkeit: Das B\u00fchnenbild f\u00fcr Puccinis \u201eMadame Butterfly\u201c auf dem Bodensee ist eine robuste Stahl-EPS-Holz-Putz-Konstruktion \u2013 und f\u00fcr zwei Spielzeiten der Bregenzer Festspiele ausgelegt.<\/p>\n<p style=\"text-align: center;\">Bilder: Christian Schellander, artboxx \/ Sto SE &amp; Co. KGaA<\/p>\n<p>&nbsp;<\/p>\n<hr \/>\n<p>&nbsp;<\/p>\n<p>Abdruck honorarfrei, Belegexemplar erbeten.<\/p>\n","protected":false},"excerpt":{"rendered":"<p>Sto SE &amp; Co. KGaA: 300 Tonnen schweres \u201eSt\u00fcck Papier\u201c Die erstmals bei den Bregenzer Festspielen gezeigte Oper \u201eMadame Butterfly\u201c feierte im Juli 2022 Premiere auf dem Bodensee \u2013 und ein 300 Tonnen schweres \u201eSt\u00fcck Papier\u201c aus Stahl, Polystyrol, Holz und Putz bildet das Kernst\u00fcck der Seeb\u00fchne. Weil es hohen Belastungen und der Witterung ausgesetzt [&hellip;]<\/p>\n","protected":false},"author":9,"featured_media":15153,"comment_status":"closed","ping_status":"open","sticky":false,"template":"","format":"standard","meta":{"footnotes":""},"categories":[15],"tags":[2009,81,2011,2013,504],"class_list":["post-15152","post","type-post","status-publish","format-standard","has-post-thumbnail","hentry","category-sto","tag-begrenzer-festspiele","tag-beschichtung","tag-buehnenbild","tag-oper","tag-sto-2"],"_links":{"self":[{"href":"https:\/\/www.pr-neu.de\/newsroom\/wp-json\/wp\/v2\/posts\/15152","targetHints":{"allow":["GET"]}}],"collection":[{"href":"https:\/\/www.pr-neu.de\/newsroom\/wp-json\/wp\/v2\/posts"}],"about":[{"href":"https:\/\/www.pr-neu.de\/newsroom\/wp-json\/wp\/v2\/types\/post"}],"author":[{"embeddable":true,"href":"https:\/\/www.pr-neu.de\/newsroom\/wp-json\/wp\/v2\/users\/9"}],"replies":[{"embeddable":true,"href":"https:\/\/www.pr-neu.de\/newsroom\/wp-json\/wp\/v2\/comments?post=15152"}],"version-history":[{"count":2,"href":"https:\/\/www.pr-neu.de\/newsroom\/wp-json\/wp\/v2\/posts\/15152\/revisions"}],"predecessor-version":[{"id":15157,"href":"https:\/\/www.pr-neu.de\/newsroom\/wp-json\/wp\/v2\/posts\/15152\/revisions\/15157"}],"wp:featuredmedia":[{"embeddable":true,"href":"https:\/\/www.pr-neu.de\/newsroom\/wp-json\/wp\/v2\/media\/15153"}],"wp:attachment":[{"href":"https:\/\/www.pr-neu.de\/newsroom\/wp-json\/wp\/v2\/media?parent=15152"}],"wp:term":[{"taxonomy":"category","embeddable":true,"href":"https:\/\/www.pr-neu.de\/newsroom\/wp-json\/wp\/v2\/categories?post=15152"},{"taxonomy":"post_tag","embeddable":true,"href":"https:\/\/www.pr-neu.de\/newsroom\/wp-json\/wp\/v2\/tags?post=15152"}],"curies":[{"name":"wp","href":"https:\/\/api.w.org\/{rel}","templated":true}]}}