{"id":15106,"date":"2022-07-18T11:54:55","date_gmt":"2022-07-18T09:54:55","guid":{"rendered":"https:\/\/www.pr-neu.de\/newsroom\/?p=15106"},"modified":"2022-07-18T11:55:27","modified_gmt":"2022-07-18T09:55:27","slug":"hanno-setzt-auf-fachwissen","status":"publish","type":"post","link":"https:\/\/www.pr-neu.de\/newsroom\/hanno-setzt-auf-fachwissen\/","title":{"rendered":"Hanno setzt auf Fachwissen"},"content":{"rendered":"<p><u>ift-Montagepraxis: Hanno baut Know-how aus<\/u><\/p>\n<p><strong>Kein Fortschritt ohne Fortbildung \u2013 der Dicht- und D\u00e4mmspezialist Hanno investiert stetig in den Wissenszuwachs der Mitarbeiter. Zuletzt absolvierte Anwendungstechniker Stefan Gieseking erfolgreich den ift-Lehrgang \u201eFachkraft f\u00fcr Fenstermontage\u201c. So stellt das Unternehmen die hohe Qualit\u00e4t der Hanno-Schulungen und Unterweisungen auf Baustellen sicher.<\/strong><\/p>\n<p>Um Handel und Verarbeiter optimal mit den Produkten und ihrer Verarbeitung vertraut zu machen, bietet Hanno regelm\u00e4\u00dfig Schulungen und Unterweisungen an \u2013 auch direkt auf der Baustelle. Durch Fort- und Weiterbildungen stellt der Dicht- und D\u00e4mmspezialist sicher, dass sich seine Mitarbeiterinnen und Mitarbeiter stets auf dem neuesten Stand befinden. Aktuelles und professionelles Fachwissen aus der Abdichtungsbranche findet so direkt den Weg ins Unternehmen und Kunden profitieren von der Expertise des Herstellers.<\/p>\n<p>Stefan Gieseking, Anwendungstechniker bei Hanno, absolvierte jetzt erfolgreich den Lehrgang zur \u201eift-Montagefachkraft f\u00fcr Fenster und Au\u00dfent\u00fcren\u201c. Die Inhalte reichten von der fachgerechten Montage von Fenster und T\u00fcren \u00fcber die verschiedenen Konstruktionsarten bis zur Detailplanung und Umsetzung der Montage. \u201eAuch wenn Montage und Abdichtung zur t\u00e4glichen Arbeit geh\u00f6ren, lernt man immer wieder Neues dazu. Ich freue mich sehr \u00fcber das praktische und theoretische Wissen, das ich durch die Teilnahme an der Fortbildungsreihe dazugewonnen habe\u201c, erkl\u00e4rt Gieseking.<\/p>\n<p>&nbsp;<\/p>\n<hr \/>\n<p>&nbsp;<\/p>\n<p><a href=\"http:\/\/www.pr-neu.de\/newsroom\/wordpress\/wp-content\/uploads\/2022\/07\/22-12_Gieseking_G-scaled.jpg\" target=\"_blank\" rel=\"noopener\"><img loading=\"lazy\" decoding=\"async\" class=\"aligncenter wp-image-15107 size-medium\" src=\"http:\/\/www.pr-neu.de\/newsroom\/wordpress\/wp-content\/uploads\/2022\/07\/22-12_Gieseking_G-300x200.jpg\" alt=\"\" width=\"300\" height=\"200\" srcset=\"https:\/\/www.pr-neu.de\/newsroom\/wordpress\/wp-content\/uploads\/2022\/07\/22-12_Gieseking_G-300x200.jpg 300w, https:\/\/www.pr-neu.de\/newsroom\/wordpress\/wp-content\/uploads\/2022\/07\/22-12_Gieseking_G-1024x683.jpg 1024w, https:\/\/www.pr-neu.de\/newsroom\/wordpress\/wp-content\/uploads\/2022\/07\/22-12_Gieseking_G-768x513.jpg 768w, https:\/\/www.pr-neu.de\/newsroom\/wordpress\/wp-content\/uploads\/2022\/07\/22-12_Gieseking_G-1536x1025.jpg 1536w, https:\/\/www.pr-neu.de\/newsroom\/wordpress\/wp-content\/uploads\/2022\/07\/22-12_Gieseking_G-2048x1367.jpg 2048w, https:\/\/www.pr-neu.de\/newsroom\/wordpress\/wp-content\/uploads\/2022\/07\/22-12_Gieseking_G-110x73.jpg 110w, https:\/\/www.pr-neu.de\/newsroom\/wordpress\/wp-content\/uploads\/2022\/07\/22-12_Gieseking_G-420x280.jpg 420w, https:\/\/www.pr-neu.de\/newsroom\/wordpress\/wp-content\/uploads\/2022\/07\/22-12_Gieseking_G-644x430.jpg 644w\" sizes=\"auto, (max-width: 300px) 100vw, 300px\" \/><\/a><\/p>\n<p style=\"text-align: center;\">Stefan Gieseking, Anwendungstechniker bei Hanno,<br \/>\nabsolvierte jetzt einen Lehrgang zur ift-Montagefachkraft<br \/>\nf\u00fcr Fenster und Au\u00dfent\u00fcren.<br \/>\nBild: Hanno Werk GmbH &amp; Co. KG<\/p>\n<p>&nbsp;<\/p>\n<hr \/>\n<p>&nbsp;<\/p>\n<p>Abdruck honorarfrei, Belegexemplar erbeten.<\/p>\n","protected":false},"excerpt":{"rendered":"<p>Dicht- und D\u00e4mmspezialist Hanno investiert stetig in den Wissenszuwachs der Mitarbeiter. Zuletzt absolvierte Anwendungstechniker Stefan Gieseking erfolgreich den ift-Lehrgang \u201eFachkraft f\u00fcr Fenstermontage\u201c.<\/p>\n","protected":false},"author":8,"featured_media":15107,"comment_status":"closed","ping_status":"open","sticky":false,"template":"","format":"standard","meta":{"footnotes":""},"categories":[655],"tags":[1961,194,1967,1963,1743,1971,1965,1969,461,1637,641],"class_list":["post-15106","post","type-post","status-publish","format-standard","has-post-thumbnail","hentry","category-hanno","tag-berufsbildung","tag-fenster","tag-fenstermontage","tag-fortbildung","tag-hanno","tag-know-how","tag-lehrgang","tag-montage","tag-seminar","tag-weiterbildung","tag-workshop"],"_links":{"self":[{"href":"https:\/\/www.pr-neu.de\/newsroom\/wp-json\/wp\/v2\/posts\/15106","targetHints":{"allow":["GET"]}}],"collection":[{"href":"https:\/\/www.pr-neu.de\/newsroom\/wp-json\/wp\/v2\/posts"}],"about":[{"href":"https:\/\/www.pr-neu.de\/newsroom\/wp-json\/wp\/v2\/types\/post"}],"author":[{"embeddable":true,"href":"https:\/\/www.pr-neu.de\/newsroom\/wp-json\/wp\/v2\/users\/8"}],"replies":[{"embeddable":true,"href":"https:\/\/www.pr-neu.de\/newsroom\/wp-json\/wp\/v2\/comments?post=15106"}],"version-history":[{"count":3,"href":"https:\/\/www.pr-neu.de\/newsroom\/wp-json\/wp\/v2\/posts\/15106\/revisions"}],"predecessor-version":[{"id":15110,"href":"https:\/\/www.pr-neu.de\/newsroom\/wp-json\/wp\/v2\/posts\/15106\/revisions\/15110"}],"wp:featuredmedia":[{"embeddable":true,"href":"https:\/\/www.pr-neu.de\/newsroom\/wp-json\/wp\/v2\/media\/15107"}],"wp:attachment":[{"href":"https:\/\/www.pr-neu.de\/newsroom\/wp-json\/wp\/v2\/media?parent=15106"}],"wp:term":[{"taxonomy":"category","embeddable":true,"href":"https:\/\/www.pr-neu.de\/newsroom\/wp-json\/wp\/v2\/categories?post=15106"},{"taxonomy":"post_tag","embeddable":true,"href":"https:\/\/www.pr-neu.de\/newsroom\/wp-json\/wp\/v2\/tags?post=15106"}],"curies":[{"name":"wp","href":"https:\/\/api.w.org\/{rel}","templated":true}]}}