{"id":15081,"date":"2022-07-14T08:00:19","date_gmt":"2022-07-14T06:00:19","guid":{"rendered":"https:\/\/www.pr-neu.de\/newsroom\/?p=15081"},"modified":"2022-07-11T16:39:37","modified_gmt":"2022-07-11T14:39:37","slug":"gemeinsam-mehr-erreichen","status":"publish","type":"post","link":"https:\/\/www.pr-neu.de\/newsroom\/gemeinsam-mehr-erreichen\/","title":{"rendered":"Gemeinsam mehr erreichen"},"content":{"rendered":"<p><u>TS-Aluminium: Marketing-Pakete f\u00fcr Handelspartner<\/u><\/p>\n<p><strong>Mit neuen Marketing-Services unterst\u00fctzt TS-Aluminium seine Handelspartner im Verkauf von Terrassend\u00e4chern, Sommer- und Winterg\u00e4rten. F\u00fcr Partnerbetriebe stehen hochwertige und ma\u00dfgeschneiderte Marketing-Pakete bereit, unter anderem ein verkaufsstarkes Fl\u00e4chenkonzept f\u00fcr Ausstellungsr\u00e4ume und personalisierbare Kataloge.<\/strong><\/p>\n<p>Seit vielen Jahren engagiert sich TS-Aluminium f\u00fcr seine Handelspartner auch im Marketing, beispielsweise durch das Portal \u201eSonne-am-Haus.de\u201c, das Fachbetriebe und Kunden zusammenbringt. Zur Verkaufsf\u00f6rderung hat der Systemgeber nun zus\u00e4tzliche Marketing-Services entwickelt. Partner profitieren insbesondere vom professionellen Au\u00dfenauftritt und der Strahlkraft der Marke.<\/p>\n<p><strong>Optimal in Szene gesetzt \u2013 mit dem Fl\u00e4chenkonzept<\/strong><\/p>\n<p>Bei der Gestaltung der Ausstellungsr\u00e4ume unterst\u00fctzt TS-Aluminium mit ma\u00dfgeschneiderten PoS-Elementen. Das moderne Fl\u00e4chenkonzept passt sich individuell den Gegebenheiten vor Ort und den W\u00fcnschen der Aussteller an. Dank des modularen Aufbaus wird es einfach aus verschiedenen Elementen zusammengestellt. Der praktische Fl\u00e4chenplanungs-Service hilft, in wenigen Schritten zur perfekten Ausstellungsfl\u00e4che zu gelangen.<\/p>\n<p>Ein weiterer Baustein ist die Mediadatenbank: Neben 3D-Visualisierungen und Logo-Vorlagen enth\u00e4lt sie attraktive Fotos von Terrassend\u00e4chern, Sommer- und Winterg\u00e4rten. Ihr Inhalt entwickelt sich fortw\u00e4hrend weiter, ist bequem per Download verf\u00fcgbar und bietet emotionales Bildmaterial von Referenzobjekten, das sich optimal f\u00fcr den eigenen Webauftritt oder f\u00fcr die Gestaltung individueller Werbematerialien eignet.<\/p>\n<p>F\u00fcr erfolgsversprechende Kundengespr\u00e4che sorgen die \u00fcbersichtlichen Kataloge \u201eSommergarten\u201c und \u201eWintergarten\u201c: Die inspirierenden Referenzen sind ein effektiver Ideengeber und lassen sich mit dem eigenen Firmenlogo versehen. Die Prospekte \u201eLamellendach\u201c, \u201eFlachdach\u201c, \u201eDachschiebefenster\u201c und \u201eFarben\u201c vermitteln individuelle Produktvorteile in einer auf Bauherren zugeschnittenen Sprache. Damit die Verkaufsunterlagen immer griffbereit sind, gibt es einheitlich gestaltete Brosch\u00fcren-Schuber.<\/p>\n<p><strong>Fit f\u00fcr die Beratung: Schulungen von TS-Aluminium<\/strong><\/p>\n<p>Ob Planung, Montage, Statik oder Lamellendach: Regelm\u00e4\u00dfig vermitteln Experten ihr Fachwissen in Schulungen \u2013 in der TS-Akademie in Gro\u00dfefehn oder digital im Webinar. Neu im Programm ist ein praxisnahes Social-Media-Seminar: Hier sind spezielle Strategien Thema, au\u00dferdem wird gezeigt, wie Relevanz erzeugt werden kann.<\/p>\n<p>&nbsp;<\/p>\n<hr \/>\n<p>&nbsp;<\/p>\n<p><a href=\"http:\/\/www.pr-neu.de\/newsroom\/wordpress\/wp-content\/uploads\/2022\/07\/22-19_Marketing-Handbuch_K.jpg\" target=\"_blank\" rel=\"noopener\"><img loading=\"lazy\" decoding=\"async\" class=\"wp-image-15083 size-medium aligncenter\" src=\"http:\/\/www.pr-neu.de\/newsroom\/wordpress\/wp-content\/uploads\/2022\/07\/22-19_Marketing-Handbuch_K-300x230.jpg\" alt=\"\" width=\"300\" height=\"230\" srcset=\"https:\/\/www.pr-neu.de\/newsroom\/wordpress\/wp-content\/uploads\/2022\/07\/22-19_Marketing-Handbuch_K-300x230.jpg 300w, https:\/\/www.pr-neu.de\/newsroom\/wordpress\/wp-content\/uploads\/2022\/07\/22-19_Marketing-Handbuch_K-1024x785.jpg 1024w, https:\/\/www.pr-neu.de\/newsroom\/wordpress\/wp-content\/uploads\/2022\/07\/22-19_Marketing-Handbuch_K-768x588.jpg 768w, https:\/\/www.pr-neu.de\/newsroom\/wordpress\/wp-content\/uploads\/2022\/07\/22-19_Marketing-Handbuch_K-1536x1177.jpg 1536w, https:\/\/www.pr-neu.de\/newsroom\/wordpress\/wp-content\/uploads\/2022\/07\/22-19_Marketing-Handbuch_K-2048x1569.jpg 2048w, https:\/\/www.pr-neu.de\/newsroom\/wordpress\/wp-content\/uploads\/2022\/07\/22-19_Marketing-Handbuch_K-110x84.jpg 110w, https:\/\/www.pr-neu.de\/newsroom\/wordpress\/wp-content\/uploads\/2022\/07\/22-19_Marketing-Handbuch_K-420x322.jpg 420w, https:\/\/www.pr-neu.de\/newsroom\/wordpress\/wp-content\/uploads\/2022\/07\/22-19_Marketing-Handbuch_K-561x430.jpg 561w\" sizes=\"auto, (max-width: 300px) 100vw, 300px\" \/><\/a><\/p>\n<p style=\"text-align: center;\"><em>TS-Aluminium unterst\u00fctzt Handelspartner mit einem<br \/>\nausdifferenzierten Marketing-Service \u2013 vom<br \/>\npersonalisierbaren Katalog bis zum Fl\u00e4chenkonzept<br \/>\nsind alle Optionen im \u00fcbersichtlichen Marketing-<br \/>\nHandbuch zusammengefasst.<\/em><\/p>\n<p>&nbsp;<\/p>\n<p><a href=\"http:\/\/www.pr-neu.de\/newsroom\/wordpress\/wp-content\/uploads\/2022\/07\/22-19_Mediadatenbank_K.jpg\" target=\"_blank\" rel=\"noopener\"><img loading=\"lazy\" decoding=\"async\" class=\"wp-image-15082 size-medium aligncenter\" src=\"http:\/\/www.pr-neu.de\/newsroom\/wordpress\/wp-content\/uploads\/2022\/07\/22-19_Mediadatenbank_K-300x200.jpg\" alt=\"\" width=\"300\" height=\"200\" srcset=\"https:\/\/www.pr-neu.de\/newsroom\/wordpress\/wp-content\/uploads\/2022\/07\/22-19_Mediadatenbank_K-300x200.jpg 300w, https:\/\/www.pr-neu.de\/newsroom\/wordpress\/wp-content\/uploads\/2022\/07\/22-19_Mediadatenbank_K-1024x683.jpg 1024w, https:\/\/www.pr-neu.de\/newsroom\/wordpress\/wp-content\/uploads\/2022\/07\/22-19_Mediadatenbank_K-768x512.jpg 768w, https:\/\/www.pr-neu.de\/newsroom\/wordpress\/wp-content\/uploads\/2022\/07\/22-19_Mediadatenbank_K-1536x1024.jpg 1536w, https:\/\/www.pr-neu.de\/newsroom\/wordpress\/wp-content\/uploads\/2022\/07\/22-19_Mediadatenbank_K-2048x1365.jpg 2048w, https:\/\/www.pr-neu.de\/newsroom\/wordpress\/wp-content\/uploads\/2022\/07\/22-19_Mediadatenbank_K-110x73.jpg 110w, https:\/\/www.pr-neu.de\/newsroom\/wordpress\/wp-content\/uploads\/2022\/07\/22-19_Mediadatenbank_K-420x280.jpg 420w, https:\/\/www.pr-neu.de\/newsroom\/wordpress\/wp-content\/uploads\/2022\/07\/22-19_Mediadatenbank_K-645x430.jpg 645w\" sizes=\"auto, (max-width: 300px) 100vw, 300px\" \/><\/a><\/p>\n<p style=\"text-align: center;\"><em>Die umfangreiche Mediadatenbank stellt<br \/>\nemotionales Bildmaterial von Referenzobjekten<br \/>\nzur Verf\u00fcgung, das f\u00fcr die eigene Website<br \/>\noder individuelle Werbemittel genutzt werden kann.<\/em><\/p>\n<p style=\"text-align: center;\">Bilder: TS-Aluminium-Profilsysteme GmbH &amp; Co. KG<\/p>\n<p>&nbsp;<\/p>\n<hr \/>\n<p>&nbsp;<\/p>\n<p>Abdruck honorarfrei, Belegexemplar erbeten.<\/p>\n","protected":false},"excerpt":{"rendered":"<p>Mit neuen Marketing-Services unterst\u00fctzt TS-Aluminium seine Handelspartner im Verkauf von Terrassend\u00e4chern, Sommer- und Winterg\u00e4rten.<\/p>\n","protected":false},"author":8,"featured_media":15083,"comment_status":"closed","ping_status":"open","sticky":false,"template":"","format":"standard","meta":{"footnotes":""},"categories":[1761],"tags":[1943,1937,1945,1933,1939,1935,1893,1941,1895,1793,635],"class_list":["post-15081","post","type-post","status-publish","format-standard","has-post-thumbnail","hentry","category-ts-aluminium","tag-datenbank","tag-handel","tag-katalog","tag-marketing","tag-partner","tag-service","tag-sommergarten","tag-terrassen","tag-terrassendach","tag-ts-aluminium","tag-wintergarten"],"_links":{"self":[{"href":"https:\/\/www.pr-neu.de\/newsroom\/wp-json\/wp\/v2\/posts\/15081","targetHints":{"allow":["GET"]}}],"collection":[{"href":"https:\/\/www.pr-neu.de\/newsroom\/wp-json\/wp\/v2\/posts"}],"about":[{"href":"https:\/\/www.pr-neu.de\/newsroom\/wp-json\/wp\/v2\/types\/post"}],"author":[{"embeddable":true,"href":"https:\/\/www.pr-neu.de\/newsroom\/wp-json\/wp\/v2\/users\/8"}],"replies":[{"embeddable":true,"href":"https:\/\/www.pr-neu.de\/newsroom\/wp-json\/wp\/v2\/comments?post=15081"}],"version-history":[{"count":4,"href":"https:\/\/www.pr-neu.de\/newsroom\/wp-json\/wp\/v2\/posts\/15081\/revisions"}],"predecessor-version":[{"id":15087,"href":"https:\/\/www.pr-neu.de\/newsroom\/wp-json\/wp\/v2\/posts\/15081\/revisions\/15087"}],"wp:featuredmedia":[{"embeddable":true,"href":"https:\/\/www.pr-neu.de\/newsroom\/wp-json\/wp\/v2\/media\/15083"}],"wp:attachment":[{"href":"https:\/\/www.pr-neu.de\/newsroom\/wp-json\/wp\/v2\/media?parent=15081"}],"wp:term":[{"taxonomy":"category","embeddable":true,"href":"https:\/\/www.pr-neu.de\/newsroom\/wp-json\/wp\/v2\/categories?post=15081"},{"taxonomy":"post_tag","embeddable":true,"href":"https:\/\/www.pr-neu.de\/newsroom\/wp-json\/wp\/v2\/tags?post=15081"}],"curies":[{"name":"wp","href":"https:\/\/api.w.org\/{rel}","templated":true}]}}