{"id":15074,"date":"2022-07-12T08:00:28","date_gmt":"2022-07-12T06:00:28","guid":{"rendered":"https:\/\/www.pr-neu.de\/newsroom\/?p=15074"},"modified":"2022-07-11T16:39:50","modified_gmt":"2022-07-11T14:39:50","slug":"standort-staerken-zukunft-sichern","status":"publish","type":"post","link":"https:\/\/www.pr-neu.de\/newsroom\/standort-staerken-zukunft-sichern\/","title":{"rendered":"Standort st\u00e4rken, Zukunft sichern"},"content":{"rendered":"<p><u>TS-Aluminium weiht neues Werk ein<\/u><\/p>\n<p><strong>TS-Aluminium ist auf Wachstumskurs: Am Stammsitz in Gro\u00dfefehn (Ostfriesland) ist eine der modernsten Produktionslinien f\u00fcr die Beschichtung von Aluminiumprofilen und Fertigung von Terrassend\u00e4chern, Sommer- und Winterg\u00e4rten entstanden. Mit einem breit angelegten Investitionsprogramm hat der Systemgeber sein Werk erweitert \u2013 und den neuen Teil nun zur TS-Aluminium-Hausmesse am 17. Juni 2022 eingeweiht.<\/strong><\/p>\n<p>Als Innovationstreiber entwickelt und produziert TS-Aluminium seit mehr als 40 Jahren hochwertige Terrassend\u00e4cher, Sommer- und Winterg\u00e4rten und hat sich vom Zwei-Mann-Betrieb zum f\u00fchrenden Anbieter mit rund 50 Millionen Euro Umsatz im Jahr entwickelt. Um der steigenden Nachfrage nach Profilsystemen nachzukommen, war ein Werksausbau die logische Konsequenz. Nun wurde die Erweiterung auf der Hausmesse in Gro\u00dfefehn feierlich eingeweiht.<br \/>\nHerzst\u00fcck ist die \u00fcber 4.000 Quadratmeter gro\u00dfe Produktionshalle, aufgeteilt in mechanische Fertigung und Pulverbeschichtung, auf einer Werkfl\u00e4che von insgesamt rund 24.000 Quadratmeter. Mit einem neuen Logistiksystem beweist TS-Aluminium Innovationskraft: Hochmoderne Infrastruktur optimiert den Warentransport auf Top-Niveau. So transportiert ein fahrerloses Fahrzeug die Aluminiumprofile zwischen Lager und Beschichtung.<\/p>\n<p><strong>Gr\u00f6\u00dfte Investition seit Firmengr\u00fcndung<\/strong><\/p>\n<p>Vorbereitungen und Ausbau haben etwa vier Jahre in Anspruch angenommen. \u201eDie Werkserweiterung ist ein Meilenstein in unserer Firmengeschichte: Wir bringen den bisher ausgelagerten Produktionsschritt, die Pulverbeschichtung, an unseren Stammsitz\u201c, erl\u00e4utert Gesch\u00e4ftsf\u00fchrer Rainer Trauernicht. \u201eSo gewinnen wir deutlich an Unabh\u00e4ngigkeit und k\u00f6nnen unseren Kunden flexiblere Liefer- und Reaktionszeiten anbieten.\u201c Vertriebsleiter Harald de Witt erg\u00e4nzt: \u201e2021 haben wir das Au\u00dfendienst-Personal aufgestockt, um die professionelle, pers\u00f6nliche Beratung vollumf\u00e4nglich sicherzustellen. Da ist es nur folgerichtig, auch die Lieferf\u00e4higkeit auf ein neues Niveau zu heben.\u201c<\/p>\n<p><strong>Gut ger\u00fcstet f\u00fcr die Zukunft<\/strong><\/p>\n<p>Trotz gestiegener Rohstoffpreise und Materialknappheit ist TS-Aluminium gut durch die Pandemie gekommen. Ma\u00dfgeblich daf\u00fcr waren auch die Ausbau-Ma\u00dfnahmen: \u201eMit der Investition haben wir Produktion und Kapazit\u00e4ten vor Ort geb\u00fcndelt und sind nun in der Lage, Auftr\u00e4ge aus einer Hand zu liefern. Dadurch bauen wir unsere Marktposition aus, bleiben auch in Zukunft wettbewerbsstark und kr\u00e4ftigen deutlich den Firmenstandort\u201c, erl\u00e4utert Trauernicht. Auch international ist das Unternehmen auf Wachstumskurs: \u201eWir sp\u00fcren die hohe Auftragslage auch in \u00d6sterreich. Eines m\u00fcssen wir uns jedoch vor Augen halten: Jedes Wachstum endet irgendwann. 30 Prozent des europ\u00e4ischen Aluminiums wird in Russland produziert \u2013 in Kriegszeiten ein nicht zu untersch\u00e4tzender Faktor, der sich nat\u00fcrlich auch auf unser Gesch\u00e4ft auswirkt. Wir blicken deshalb strategisch und mit Augenma\u00df in die Zukunft und handeln mit Bedacht\u201c, sagt Roland Drechsel, Vertriebsleiter \u00d6sterreich und Niederlassungsleiter Burgst\u00e4dt.<\/p>\n<p>&nbsp;<\/p>\n<hr \/>\n<p>&nbsp;<\/p>\n<p style=\"text-align: center;\"><a href=\"http:\/\/www.pr-neu.de\/newsroom\/wordpress\/wp-content\/uploads\/2022\/07\/22-11_Werksgelaende_K.jpg\" target=\"_blank\" rel=\"noopener\"><img loading=\"lazy\" decoding=\"async\" class=\"wp-image-15075 size-medium\" src=\"http:\/\/www.pr-neu.de\/newsroom\/wordpress\/wp-content\/uploads\/2022\/07\/22-11_Werksgelaende_K-300x200.jpg\" alt=\"\" width=\"300\" height=\"200\" srcset=\"https:\/\/www.pr-neu.de\/newsroom\/wordpress\/wp-content\/uploads\/2022\/07\/22-11_Werksgelaende_K-300x200.jpg 300w, https:\/\/www.pr-neu.de\/newsroom\/wordpress\/wp-content\/uploads\/2022\/07\/22-11_Werksgelaende_K-1024x683.jpg 1024w, https:\/\/www.pr-neu.de\/newsroom\/wordpress\/wp-content\/uploads\/2022\/07\/22-11_Werksgelaende_K-768x512.jpg 768w, https:\/\/www.pr-neu.de\/newsroom\/wordpress\/wp-content\/uploads\/2022\/07\/22-11_Werksgelaende_K-1536x1024.jpg 1536w, https:\/\/www.pr-neu.de\/newsroom\/wordpress\/wp-content\/uploads\/2022\/07\/22-11_Werksgelaende_K-2048x1365.jpg 2048w, https:\/\/www.pr-neu.de\/newsroom\/wordpress\/wp-content\/uploads\/2022\/07\/22-11_Werksgelaende_K-110x73.jpg 110w, https:\/\/www.pr-neu.de\/newsroom\/wordpress\/wp-content\/uploads\/2022\/07\/22-11_Werksgelaende_K-420x280.jpg 420w, https:\/\/www.pr-neu.de\/newsroom\/wordpress\/wp-content\/uploads\/2022\/07\/22-11_Werksgelaende_K-645x430.jpg 645w\" sizes=\"auto, (max-width: 300px) 100vw, 300px\" \/><\/a><\/p>\n<p style=\"text-align: center;\"><em>Die Werksfl\u00e4che am Stammsitz Gro\u00dfefehn<br \/>\nbetr\u00e4gt insgesamt rund 24.000 Quadratmeter.<\/em><\/p>\n<p style=\"text-align: center;\"><a href=\"http:\/\/www.pr-neu.de\/newsroom\/wordpress\/wp-content\/uploads\/2022\/07\/22-11_Fertigung_1_K.jpg\" target=\"_blank\" rel=\"noopener\"><img loading=\"lazy\" decoding=\"async\" class=\"aligncenter wp-image-15076 size-medium\" src=\"http:\/\/www.pr-neu.de\/newsroom\/wordpress\/wp-content\/uploads\/2022\/07\/22-11_Fertigung_1_K-300x200.jpg\" alt=\"\" width=\"300\" height=\"200\" srcset=\"https:\/\/www.pr-neu.de\/newsroom\/wordpress\/wp-content\/uploads\/2022\/07\/22-11_Fertigung_1_K-300x200.jpg 300w, https:\/\/www.pr-neu.de\/newsroom\/wordpress\/wp-content\/uploads\/2022\/07\/22-11_Fertigung_1_K-1024x683.jpg 1024w, https:\/\/www.pr-neu.de\/newsroom\/wordpress\/wp-content\/uploads\/2022\/07\/22-11_Fertigung_1_K-768x512.jpg 768w, https:\/\/www.pr-neu.de\/newsroom\/wordpress\/wp-content\/uploads\/2022\/07\/22-11_Fertigung_1_K-1536x1024.jpg 1536w, https:\/\/www.pr-neu.de\/newsroom\/wordpress\/wp-content\/uploads\/2022\/07\/22-11_Fertigung_1_K-2048x1365.jpg 2048w, https:\/\/www.pr-neu.de\/newsroom\/wordpress\/wp-content\/uploads\/2022\/07\/22-11_Fertigung_1_K-110x73.jpg 110w, https:\/\/www.pr-neu.de\/newsroom\/wordpress\/wp-content\/uploads\/2022\/07\/22-11_Fertigung_1_K-420x280.jpg 420w, https:\/\/www.pr-neu.de\/newsroom\/wordpress\/wp-content\/uploads\/2022\/07\/22-11_Fertigung_1_K-645x430.jpg 645w\" sizes=\"auto, (max-width: 300px) 100vw, 300px\" \/><\/a><\/p>\n<p style=\"text-align: center;\"><a href=\"http:\/\/www.pr-neu.de\/newsroom\/wordpress\/wp-content\/uploads\/2022\/07\/22-11_Fertigung_2_K.jpg\" target=\"_blank\" rel=\"noopener\"><img loading=\"lazy\" decoding=\"async\" class=\"wp-image-15077 size-medium\" src=\"http:\/\/www.pr-neu.de\/newsroom\/wordpress\/wp-content\/uploads\/2022\/07\/22-11_Fertigung_2_K-300x200.jpg\" alt=\"\" width=\"300\" height=\"200\" srcset=\"https:\/\/www.pr-neu.de\/newsroom\/wordpress\/wp-content\/uploads\/2022\/07\/22-11_Fertigung_2_K-300x200.jpg 300w, https:\/\/www.pr-neu.de\/newsroom\/wordpress\/wp-content\/uploads\/2022\/07\/22-11_Fertigung_2_K-1024x682.jpg 1024w, https:\/\/www.pr-neu.de\/newsroom\/wordpress\/wp-content\/uploads\/2022\/07\/22-11_Fertigung_2_K-768x512.jpg 768w, https:\/\/www.pr-neu.de\/newsroom\/wordpress\/wp-content\/uploads\/2022\/07\/22-11_Fertigung_2_K-1536x1023.jpg 1536w, https:\/\/www.pr-neu.de\/newsroom\/wordpress\/wp-content\/uploads\/2022\/07\/22-11_Fertigung_2_K-2048x1364.jpg 2048w, https:\/\/www.pr-neu.de\/newsroom\/wordpress\/wp-content\/uploads\/2022\/07\/22-11_Fertigung_2_K-110x73.jpg 110w, https:\/\/www.pr-neu.de\/newsroom\/wordpress\/wp-content\/uploads\/2022\/07\/22-11_Fertigung_2_K-420x280.jpg 420w, https:\/\/www.pr-neu.de\/newsroom\/wordpress\/wp-content\/uploads\/2022\/07\/22-11_Fertigung_2_K-645x430.jpg 645w\" sizes=\"auto, (max-width: 300px) 100vw, 300px\" \/><\/a><\/p>\n<p style=\"text-align: center;\"><em>Teil der Werkserweiterung ist die neue \u00fcber 4.000<br \/>\nQuadratmeter gro\u00dfe Beschichtungshalle, aufgeteilt<br \/>\nin Pulverbeschichtung und mechanische Fertigung.<\/em><\/p>\n<p style=\"text-align: center;\"><a href=\"http:\/\/www.pr-neu.de\/newsroom\/wordpress\/wp-content\/uploads\/2022\/07\/22-11_FTF_K.jpg\" target=\"_blank\" rel=\"noopener\"><img loading=\"lazy\" decoding=\"async\" class=\"aligncenter wp-image-15078 size-medium\" src=\"http:\/\/www.pr-neu.de\/newsroom\/wordpress\/wp-content\/uploads\/2022\/07\/22-11_FTF_K-300x200.jpg\" alt=\"\" width=\"300\" height=\"200\" srcset=\"https:\/\/www.pr-neu.de\/newsroom\/wordpress\/wp-content\/uploads\/2022\/07\/22-11_FTF_K-300x200.jpg 300w, https:\/\/www.pr-neu.de\/newsroom\/wordpress\/wp-content\/uploads\/2022\/07\/22-11_FTF_K-1024x683.jpg 1024w, https:\/\/www.pr-neu.de\/newsroom\/wordpress\/wp-content\/uploads\/2022\/07\/22-11_FTF_K-768x512.jpg 768w, https:\/\/www.pr-neu.de\/newsroom\/wordpress\/wp-content\/uploads\/2022\/07\/22-11_FTF_K-1536x1024.jpg 1536w, https:\/\/www.pr-neu.de\/newsroom\/wordpress\/wp-content\/uploads\/2022\/07\/22-11_FTF_K-2048x1365.jpg 2048w, https:\/\/www.pr-neu.de\/newsroom\/wordpress\/wp-content\/uploads\/2022\/07\/22-11_FTF_K-110x73.jpg 110w, https:\/\/www.pr-neu.de\/newsroom\/wordpress\/wp-content\/uploads\/2022\/07\/22-11_FTF_K-420x280.jpg 420w, https:\/\/www.pr-neu.de\/newsroom\/wordpress\/wp-content\/uploads\/2022\/07\/22-11_FTF_K-645x430.jpg 645w\" sizes=\"auto, (max-width: 300px) 100vw, 300px\" \/><\/a><\/p>\n<p style=\"text-align: center;\"><em>Ein fahrerloses Transportfahrzeug wird mit<br \/>\nfertig beschichtetem Material beladen.<\/em><\/p>\n<p style=\"text-align: center;\"><a href=\"http:\/\/www.pr-neu.de\/newsroom\/wordpress\/wp-content\/uploads\/2022\/07\/22-11_Hochregallager_K.jpg\" target=\"_blank\" rel=\"noopener\"><img loading=\"lazy\" decoding=\"async\" class=\"aligncenter wp-image-15079 size-medium\" src=\"http:\/\/www.pr-neu.de\/newsroom\/wordpress\/wp-content\/uploads\/2022\/07\/22-11_Hochregallager_K-300x200.jpg\" alt=\"\" width=\"300\" height=\"200\" srcset=\"https:\/\/www.pr-neu.de\/newsroom\/wordpress\/wp-content\/uploads\/2022\/07\/22-11_Hochregallager_K-300x200.jpg 300w, https:\/\/www.pr-neu.de\/newsroom\/wordpress\/wp-content\/uploads\/2022\/07\/22-11_Hochregallager_K-1024x683.jpg 1024w, https:\/\/www.pr-neu.de\/newsroom\/wordpress\/wp-content\/uploads\/2022\/07\/22-11_Hochregallager_K-768x512.jpg 768w, https:\/\/www.pr-neu.de\/newsroom\/wordpress\/wp-content\/uploads\/2022\/07\/22-11_Hochregallager_K-1536x1024.jpg 1536w, https:\/\/www.pr-neu.de\/newsroom\/wordpress\/wp-content\/uploads\/2022\/07\/22-11_Hochregallager_K-2048x1365.jpg 2048w, https:\/\/www.pr-neu.de\/newsroom\/wordpress\/wp-content\/uploads\/2022\/07\/22-11_Hochregallager_K-110x73.jpg 110w, https:\/\/www.pr-neu.de\/newsroom\/wordpress\/wp-content\/uploads\/2022\/07\/22-11_Hochregallager_K-420x280.jpg 420w, https:\/\/www.pr-neu.de\/newsroom\/wordpress\/wp-content\/uploads\/2022\/07\/22-11_Hochregallager_K-645x430.jpg 645w\" sizes=\"auto, (max-width: 300px) 100vw, 300px\" \/><\/a><\/p>\n<p style=\"text-align: center;\"><em>Das vollautomatisierte Hochregallager setzt<br \/>\nlogistische Ma\u00dfst\u00e4be in Bezug auf Lieferf\u00e4higkeit<br \/>\nund Flexibilit\u00e4t.<\/em><\/p>\n<p style=\"text-align: center;\">Bilder: TS-Aluminium-Profilsysteme GmbH &amp; Co. KG<\/p>\n<p>&nbsp;<\/p>\n<hr \/>\n<p>&nbsp;<\/p>\n<p>Abdruck honorarfrei, Belegexemplar erbeten.<\/p>\n","protected":false},"excerpt":{"rendered":"<p>Am Stammsitz in Gro\u00dfefehn (Ostfriesland) ist eine der modernsten Produktionslinien f\u00fcr die Beschichtung von Aluminiumprofilen und Fertigung von Terrassend\u00e4chern, Sommer- und Winterg\u00e4rten entstanden.<\/p>\n","protected":false},"author":8,"featured_media":15075,"comment_status":"closed","ping_status":"open","sticky":false,"template":"","format":"standard","meta":{"footnotes":""},"categories":[1761],"tags":[1889,1623,1931,1925,1927,1929,1793,1923],"class_list":["post-15074","post","type-post","status-publish","format-standard","has-post-thumbnail","hentry","category-ts-aluminium","tag-grossefehn","tag-industrie","tag-lager","tag-produktion","tag-profile","tag-profilsysteme","tag-ts-aluminium","tag-werk"],"_links":{"self":[{"href":"https:\/\/www.pr-neu.de\/newsroom\/wp-json\/wp\/v2\/posts\/15074","targetHints":{"allow":["GET"]}}],"collection":[{"href":"https:\/\/www.pr-neu.de\/newsroom\/wp-json\/wp\/v2\/posts"}],"about":[{"href":"https:\/\/www.pr-neu.de\/newsroom\/wp-json\/wp\/v2\/types\/post"}],"author":[{"embeddable":true,"href":"https:\/\/www.pr-neu.de\/newsroom\/wp-json\/wp\/v2\/users\/8"}],"replies":[{"embeddable":true,"href":"https:\/\/www.pr-neu.de\/newsroom\/wp-json\/wp\/v2\/comments?post=15074"}],"version-history":[{"count":2,"href":"https:\/\/www.pr-neu.de\/newsroom\/wp-json\/wp\/v2\/posts\/15074\/revisions"}],"predecessor-version":[{"id":15088,"href":"https:\/\/www.pr-neu.de\/newsroom\/wp-json\/wp\/v2\/posts\/15074\/revisions\/15088"}],"wp:featuredmedia":[{"embeddable":true,"href":"https:\/\/www.pr-neu.de\/newsroom\/wp-json\/wp\/v2\/media\/15075"}],"wp:attachment":[{"href":"https:\/\/www.pr-neu.de\/newsroom\/wp-json\/wp\/v2\/media?parent=15074"}],"wp:term":[{"taxonomy":"category","embeddable":true,"href":"https:\/\/www.pr-neu.de\/newsroom\/wp-json\/wp\/v2\/categories?post=15074"},{"taxonomy":"post_tag","embeddable":true,"href":"https:\/\/www.pr-neu.de\/newsroom\/wp-json\/wp\/v2\/tags?post=15074"}],"curies":[{"name":"wp","href":"https:\/\/api.w.org\/{rel}","templated":true}]}}