{"id":15053,"date":"2022-07-11T08:30:46","date_gmt":"2022-07-11T06:30:46","guid":{"rendered":"https:\/\/www.pr-neu.de\/newsroom\/?p=15053"},"modified":"2022-07-07T14:08:06","modified_gmt":"2022-07-07T12:08:06","slug":"was-man-gerne-tut-macht-man-richtig-gut","status":"publish","type":"post","link":"https:\/\/www.pr-neu.de\/newsroom\/was-man-gerne-tut-macht-man-richtig-gut\/","title":{"rendered":"Was man gerne tut, macht man richtig gut"},"content":{"rendered":"<p><!--MBNHE--><span style=\"font-size: x-large;\"><span style=\"font-size: medium;\"><u>Markenkampagne der Sto SE &amp; Co. KGaA: Ein Versprechen wird erneuert<\/u><\/span><\/span><\/p>\n<p>Architekten schaffen R\u00e4ume \u2013 in Geb\u00e4uden und au\u00dferhalb. Sto hilft, diese R\u00e4ume mittels Fassaden-, Decken-, Wand- und Bodenbeschichtungen \u00e4sthetisch, funktional und nachhaltig zu gestalten. Um dabei bestm\u00f6gliche Ergebnisse zu erzielen, b\u00fcndelt Sto Erfindergeist und Leidenschaft, um Architekten mit Knowhow und Fachhandwerker mit hochwertigen Produkten zu versorgen. Seit 30 Jahren fasst das Marken-Versprechen \u201eBewusst bauen\u201c die Serviceorientierung und das Ringen um optimale Produktl\u00f6sungen in Worte.<\/p>\n<p>Doch die Welt ist im Wandel und auch die Marke mit dem gelben Eimer hat sich weiterentwickelt. Sie ist designorientierter und internationaler geworden und hat f\u00fcr die Baubranche ganz neue Felder wie zum Beispiel die Bionik erschlossen. Gleich geblieben ist die Begeisterung f\u00fcr praxisgerechte, wirtschaftliche und individuelle L\u00f6sungen. Dieses Engagement f\u00fcr Qualit\u00e4t und Verantwortung teilt Sto mit seinen Marktpartnern. Das Bestreben, diese gemeinsamen Werte weiter zu st\u00e4rken, wird darum k\u00fcnftig noch mehr in den Mittelpunkt der Unternehmensziele r\u00fccken. Daf\u00fcr stehen die vier Grundpfeiler des Markenversprechens: \u201e\u00c4sthetik\u201c, \u201eFunktion\u201c, \u201eNachhaltigkeit\u201c und \u201eService\u201c. Der daraus resultierende gemeinsame Erfolg ist der Lohn geteilter Leidenschaft: \u201eAus Liebe zum Bauen. Bewusst bauen.\u201c Denn nur was man ger\u20acne tut, macht man richtig gut. Weitere Infos: www.sto.de\/bewusstbauen.<\/p>\n<p>&nbsp;<\/p>\n<hr \/>\n<p>&nbsp;<\/p>\n<p><a href=\"http:\/\/www.pr-neu.de\/newsroom\/wordpress\/wp-content\/uploads\/2022\/04\/22-13_Markenkampagne_2_K.jpg\" target=\"_blank\" rel=\"noopener\"><img loading=\"lazy\" decoding=\"async\" class=\"aligncenter wp-image-14944 size-medium\" src=\"http:\/\/www.pr-neu.de\/newsroom\/wordpress\/wp-content\/uploads\/2022\/04\/22-13_Markenkampagne_2_K-300x200.jpg\" alt=\"\" width=\"300\" height=\"200\" srcset=\"https:\/\/www.pr-neu.de\/newsroom\/wordpress\/wp-content\/uploads\/2022\/04\/22-13_Markenkampagne_2_K-300x200.jpg 300w, https:\/\/www.pr-neu.de\/newsroom\/wordpress\/wp-content\/uploads\/2022\/04\/22-13_Markenkampagne_2_K-1024x683.jpg 1024w, https:\/\/www.pr-neu.de\/newsroom\/wordpress\/wp-content\/uploads\/2022\/04\/22-13_Markenkampagne_2_K-768x512.jpg 768w, https:\/\/www.pr-neu.de\/newsroom\/wordpress\/wp-content\/uploads\/2022\/04\/22-13_Markenkampagne_2_K-1536x1024.jpg 1536w, https:\/\/www.pr-neu.de\/newsroom\/wordpress\/wp-content\/uploads\/2022\/04\/22-13_Markenkampagne_2_K-2048x1365.jpg 2048w, https:\/\/www.pr-neu.de\/newsroom\/wordpress\/wp-content\/uploads\/2022\/04\/22-13_Markenkampagne_2_K-110x73.jpg 110w, https:\/\/www.pr-neu.de\/newsroom\/wordpress\/wp-content\/uploads\/2022\/04\/22-13_Markenkampagne_2_K-420x280.jpg 420w, https:\/\/www.pr-neu.de\/newsroom\/wordpress\/wp-content\/uploads\/2022\/04\/22-13_Markenkampagne_2_K-645x430.jpg 645w\" sizes=\"auto, (max-width: 300px) 100vw, 300px\" \/><\/a><\/p>\n<p style=\"text-align: center;\">Freude und Begeisterung verwandeln Ideen in Wirklichkeit.<br \/>\nBild: Martin Baitinger \/ Sto SE &amp; Co. KGaA<\/p>\n<p>&nbsp;<\/p>\n<hr \/>\n<p>&nbsp;<\/p>\n<p>Abdruck honorarfrei, Belegexemplar erbeten.<\/p>\n","protected":false},"excerpt":{"rendered":"<p>Markenkampagne der Sto SE &amp; Co. KGaA: Ein Versprechen wird erneuert Architekten schaffen R\u00e4ume \u2013 in Geb\u00e4uden und au\u00dferhalb. Sto hilft, diese R\u00e4ume mittels Fassaden-, Decken-, Wand- und Bodenbeschichtungen \u00e4sthetisch, funktional und nachhaltig zu gestalten. Um dabei bestm\u00f6gliche Ergebnisse zu erzielen, b\u00fcndelt Sto Erfindergeist und Leidenschaft, um Architekten mit Knowhow und Fachhandwerker mit hochwertigen Produkten [&hellip;]<\/p>\n","protected":false},"author":9,"featured_media":14944,"comment_status":"closed","ping_status":"open","sticky":false,"template":"","format":"standard","meta":{"footnotes":""},"categories":[15],"tags":[60,87,1839,504],"class_list":["post-15053","post","type-post","status-publish","format-standard","has-post-thumbnail","hentry","category-sto","tag-architekten","tag-bewusst-bauen","tag-markenkampagne","tag-sto-2"],"_links":{"self":[{"href":"https:\/\/www.pr-neu.de\/newsroom\/wp-json\/wp\/v2\/posts\/15053","targetHints":{"allow":["GET"]}}],"collection":[{"href":"https:\/\/www.pr-neu.de\/newsroom\/wp-json\/wp\/v2\/posts"}],"about":[{"href":"https:\/\/www.pr-neu.de\/newsroom\/wp-json\/wp\/v2\/types\/post"}],"author":[{"embeddable":true,"href":"https:\/\/www.pr-neu.de\/newsroom\/wp-json\/wp\/v2\/users\/9"}],"replies":[{"embeddable":true,"href":"https:\/\/www.pr-neu.de\/newsroom\/wp-json\/wp\/v2\/comments?post=15053"}],"version-history":[{"count":1,"href":"https:\/\/www.pr-neu.de\/newsroom\/wp-json\/wp\/v2\/posts\/15053\/revisions"}],"predecessor-version":[{"id":15054,"href":"https:\/\/www.pr-neu.de\/newsroom\/wp-json\/wp\/v2\/posts\/15053\/revisions\/15054"}],"wp:featuredmedia":[{"embeddable":true,"href":"https:\/\/www.pr-neu.de\/newsroom\/wp-json\/wp\/v2\/media\/14944"}],"wp:attachment":[{"href":"https:\/\/www.pr-neu.de\/newsroom\/wp-json\/wp\/v2\/media?parent=15053"}],"wp:term":[{"taxonomy":"category","embeddable":true,"href":"https:\/\/www.pr-neu.de\/newsroom\/wp-json\/wp\/v2\/categories?post=15053"},{"taxonomy":"post_tag","embeddable":true,"href":"https:\/\/www.pr-neu.de\/newsroom\/wp-json\/wp\/v2\/tags?post=15053"}],"curies":[{"name":"wp","href":"https:\/\/api.w.org\/{rel}","templated":true}]}}