{"id":15043,"date":"2022-06-27T11:58:04","date_gmt":"2022-06-27T09:58:04","guid":{"rendered":"https:\/\/www.pr-neu.de\/newsroom\/?p=15043"},"modified":"2022-06-27T12:33:28","modified_gmt":"2022-06-27T10:33:28","slug":"ein-voller-erfolg","status":"publish","type":"post","link":"https:\/\/www.pr-neu.de\/newsroom\/ein-voller-erfolg\/","title":{"rendered":"Ein voller Erfolg"},"content":{"rendered":"<p><u>TS-Aluminium Hausmesse 2022<\/u><\/p>\n<p><strong>Innovativ, erfolgreich, zukunftssicher: Unter diesem Motto lud TS-Aluminium Kunden und Handelspartner am 17. Juni 2022 erstmals zur Hausmesse am Stammsitz Gro\u00dfefehn ein. 350 G\u00e4ste kamen und nutzten die Chance, um sich \u00fcber Neuheiten wie das innovative Lamellendach zu informieren.<\/strong><\/p>\n<p>\u201eDie gro\u00dfe Resonanz auf die erste Ausgabe unserer Hausmesse zeigt, dass wir mit dem Veranstaltungsformat \u2013 und auch mit der Entwicklung unseres Unternehmens \u2013 genau richtig liegen. Unsere Handelspartner freuen sich \u00fcber den Input zu Neuheiten im Bereich Terrassendach, Sommer- und Wintergarten \u2013 und wir sind dankbar f\u00fcr die Unterst\u00fctzung, den regen Austausch und die vielen Inspirationen, die wir aus dem Tag ziehen k\u00f6nnen\u201c, freut sich Gesch\u00e4ftsf\u00fchrer Rainer Trauernicht \u00fcber den Erfolg.<\/p>\n<p><strong>Noch mehr Service f\u00fcr Handelspartner<\/strong><\/p>\n<p>Gemeinsam mit Vertriebsleiter Harald de Witt f\u00fchrte er durch ein buntes Tagesprogramm. Eine Werksf\u00fchrung, bei der das Logistik-Konzept und die moderne Pulverbeschichtungsanlage gezeigt wurden, war ebenso Bestandteil wie die Pr\u00e4sentation neuester Produkte, darunter das innovative und mit einem Glasdach kombinierbare Lamellendach. Au\u00dferdem erhielten die G\u00e4ste Einblick in brandaktuelle Marketing-Services f\u00fcr noch einfachere Kundengewinnung, beispielsweise den Relaunch des Endkunden-Portals \u201eSonne-am-Haus.de\u201c, ein verkaufsstarkes Fl\u00e4chenkonzept f\u00fcr Ausstellungsr\u00e4ume, praktische Beratungs-Tools oder personalisierbare Produktkataloge.<\/p>\n<p><strong>Netzwerken par excellence<\/strong><\/p>\n<p>Das Nebenprogramm \u2013 Branchen-Talk, Live-Musik und Unterhaltung \u2013 sowie eine gute Bewirtung rundeten den Erlebnistag ab. Harald de Witt, Vertriebsleiter bei TS-Aluminium, res\u00fcmiert: \u201eDie Veranstaltung ist die optimale Gelegenheit, um Neuigkeiten zu pr\u00e4sentieren und in den direkten Dialog mit Partnern und Unterst\u00fctzern zu gehen. So erhalten wir wertvolles Feedback und k\u00f6nnen die Grundlagen unseres gemeinsamen Erfolgs noch weiter ausbauen.\u201c Roland Drechsel, Niederlassungsleiter Burgst\u00e4dt, erg\u00e4nzt: \u201eTS-Aluminium ist der Partner des Handwerks \u2013 und hat das Ohr nah am Kunden. Beispielhaft ist die Entwicklung des Lamellendachs: Als der Wunsch von Kundenseite laut wurde, haben wir uns um die Umsetzung gek\u00fcmmert \u2013 und mittlerweile treibt das neue Produkt die wirtschaftliche Entwicklung nicht nur in Deutschland, sondern auch in \u00d6sterreich voran. Das ist uns so nur durch unsere engen Handelspartnerschaften m\u00f6glich.\u201c<\/p>\n<p>&nbsp;<\/p>\n<hr \/>\n<p>&nbsp;<\/p>\n<p>&nbsp;<\/p>\n<p><a href=\"http:\/\/www.pr-neu.de\/newsroom\/wordpress\/wp-content\/uploads\/2022\/06\/22-20_TS-Hausmesse_K.jpg\" target=\"_blank\" rel=\"noopener\"><img loading=\"lazy\" decoding=\"async\" class=\"aligncenter wp-image-15038 size-medium\" src=\"http:\/\/www.pr-neu.de\/newsroom\/wordpress\/wp-content\/uploads\/2022\/06\/22-20_TS-Hausmesse_K-300x199.jpg\" alt=\"\" width=\"300\" height=\"199\" srcset=\"https:\/\/www.pr-neu.de\/newsroom\/wordpress\/wp-content\/uploads\/2022\/06\/22-20_TS-Hausmesse_K-300x199.jpg 300w, https:\/\/www.pr-neu.de\/newsroom\/wordpress\/wp-content\/uploads\/2022\/06\/22-20_TS-Hausmesse_K-1024x680.jpg 1024w, https:\/\/www.pr-neu.de\/newsroom\/wordpress\/wp-content\/uploads\/2022\/06\/22-20_TS-Hausmesse_K-768x510.jpg 768w, https:\/\/www.pr-neu.de\/newsroom\/wordpress\/wp-content\/uploads\/2022\/06\/22-20_TS-Hausmesse_K-1536x1020.jpg 1536w, https:\/\/www.pr-neu.de\/newsroom\/wordpress\/wp-content\/uploads\/2022\/06\/22-20_TS-Hausmesse_K-2048x1360.jpg 2048w, https:\/\/www.pr-neu.de\/newsroom\/wordpress\/wp-content\/uploads\/2022\/06\/22-20_TS-Hausmesse_K-110x73.jpg 110w, https:\/\/www.pr-neu.de\/newsroom\/wordpress\/wp-content\/uploads\/2022\/06\/22-20_TS-Hausmesse_K-420x279.jpg 420w, https:\/\/www.pr-neu.de\/newsroom\/wordpress\/wp-content\/uploads\/2022\/06\/22-20_TS-Hausmesse_K-647x430.jpg 647w\" sizes=\"auto, (max-width: 300px) 100vw, 300px\" \/><\/a><\/p>\n<p style=\"text-align: center;\">350 Handelspartnerinnen und -partner informierten sich auf der TS-Aluminium-Hausmesse in Gro\u00dfefehn \u00fcber Werk und Neuheiten.<\/p>\n<p>&nbsp;<\/p>\n<p><a href=\"http:\/\/www.pr-neu.de\/newsroom\/wordpress\/wp-content\/uploads\/2022\/06\/22-20_Lamellendach_K.jpg\" target=\"_blank\" rel=\"noopener\"><img loading=\"lazy\" decoding=\"async\" class=\"wp-image-15035 size-medium aligncenter\" src=\"http:\/\/www.pr-neu.de\/newsroom\/wordpress\/wp-content\/uploads\/2022\/06\/22-20_Lamellendach_K-300x199.jpg\" alt=\"\" width=\"300\" height=\"199\" srcset=\"https:\/\/www.pr-neu.de\/newsroom\/wordpress\/wp-content\/uploads\/2022\/06\/22-20_Lamellendach_K-300x199.jpg 300w, https:\/\/www.pr-neu.de\/newsroom\/wordpress\/wp-content\/uploads\/2022\/06\/22-20_Lamellendach_K-1024x680.jpg 1024w, https:\/\/www.pr-neu.de\/newsroom\/wordpress\/wp-content\/uploads\/2022\/06\/22-20_Lamellendach_K-768x510.jpg 768w, https:\/\/www.pr-neu.de\/newsroom\/wordpress\/wp-content\/uploads\/2022\/06\/22-20_Lamellendach_K-1536x1020.jpg 1536w, https:\/\/www.pr-neu.de\/newsroom\/wordpress\/wp-content\/uploads\/2022\/06\/22-20_Lamellendach_K-2048x1359.jpg 2048w, https:\/\/www.pr-neu.de\/newsroom\/wordpress\/wp-content\/uploads\/2022\/06\/22-20_Lamellendach_K-110x73.jpg 110w, https:\/\/www.pr-neu.de\/newsroom\/wordpress\/wp-content\/uploads\/2022\/06\/22-20_Lamellendach_K-420x279.jpg 420w, https:\/\/www.pr-neu.de\/newsroom\/wordpress\/wp-content\/uploads\/2022\/06\/22-20_Lamellendach_K-648x430.jpg 648w\" sizes=\"auto, (max-width: 300px) 100vw, 300px\" \/><\/a><\/p>\n<p><a href=\"http:\/\/www.pr-neu.de\/newsroom\/wordpress\/wp-content\/uploads\/2022\/06\/22-20_Marketing-Services_K.jpg\" target=\"_blank\" rel=\"noopener\"><img loading=\"lazy\" decoding=\"async\" class=\"aligncenter wp-image-15036 size-medium\" src=\"http:\/\/www.pr-neu.de\/newsroom\/wordpress\/wp-content\/uploads\/2022\/06\/22-20_Marketing-Services_K-300x199.jpg\" alt=\"\" width=\"300\" height=\"199\" srcset=\"https:\/\/www.pr-neu.de\/newsroom\/wordpress\/wp-content\/uploads\/2022\/06\/22-20_Marketing-Services_K-300x199.jpg 300w, https:\/\/www.pr-neu.de\/newsroom\/wordpress\/wp-content\/uploads\/2022\/06\/22-20_Marketing-Services_K-1024x680.jpg 1024w, https:\/\/www.pr-neu.de\/newsroom\/wordpress\/wp-content\/uploads\/2022\/06\/22-20_Marketing-Services_K-768x510.jpg 768w, https:\/\/www.pr-neu.de\/newsroom\/wordpress\/wp-content\/uploads\/2022\/06\/22-20_Marketing-Services_K-1536x1020.jpg 1536w, https:\/\/www.pr-neu.de\/newsroom\/wordpress\/wp-content\/uploads\/2022\/06\/22-20_Marketing-Services_K-2048x1359.jpg 2048w, https:\/\/www.pr-neu.de\/newsroom\/wordpress\/wp-content\/uploads\/2022\/06\/22-20_Marketing-Services_K-110x73.jpg 110w, https:\/\/www.pr-neu.de\/newsroom\/wordpress\/wp-content\/uploads\/2022\/06\/22-20_Marketing-Services_K-420x279.jpg 420w, https:\/\/www.pr-neu.de\/newsroom\/wordpress\/wp-content\/uploads\/2022\/06\/22-20_Marketing-Services_K-648x430.jpg 648w\" sizes=\"auto, (max-width: 300px) 100vw, 300px\" \/><\/a><\/p>\n<p style=\"text-align: center;\">Highlights der Veranstaltung waren unter anderem die Pr\u00e4sentation des neuen Lamellendachs und die Vorstellung brandaktueller Marketing-Services.<\/p>\n<p>&nbsp;<\/p>\n<p><a href=\"http:\/\/www.pr-neu.de\/newsroom\/wordpress\/wp-content\/uploads\/2022\/06\/22-20_Werksfuehrung-1_K.jpg\" target=\"_blank\" rel=\"noopener\"><img loading=\"lazy\" decoding=\"async\" class=\"aligncenter wp-image-15039 size-medium\" src=\"http:\/\/www.pr-neu.de\/newsroom\/wordpress\/wp-content\/uploads\/2022\/06\/22-20_Werksfuehrung-1_K-300x199.jpg\" alt=\"\" width=\"300\" height=\"199\" srcset=\"https:\/\/www.pr-neu.de\/newsroom\/wordpress\/wp-content\/uploads\/2022\/06\/22-20_Werksfuehrung-1_K-300x199.jpg 300w, https:\/\/www.pr-neu.de\/newsroom\/wordpress\/wp-content\/uploads\/2022\/06\/22-20_Werksfuehrung-1_K-1024x680.jpg 1024w, https:\/\/www.pr-neu.de\/newsroom\/wordpress\/wp-content\/uploads\/2022\/06\/22-20_Werksfuehrung-1_K-768x510.jpg 768w, https:\/\/www.pr-neu.de\/newsroom\/wordpress\/wp-content\/uploads\/2022\/06\/22-20_Werksfuehrung-1_K-1536x1020.jpg 1536w, https:\/\/www.pr-neu.de\/newsroom\/wordpress\/wp-content\/uploads\/2022\/06\/22-20_Werksfuehrung-1_K-2048x1359.jpg 2048w, https:\/\/www.pr-neu.de\/newsroom\/wordpress\/wp-content\/uploads\/2022\/06\/22-20_Werksfuehrung-1_K-110x73.jpg 110w, https:\/\/www.pr-neu.de\/newsroom\/wordpress\/wp-content\/uploads\/2022\/06\/22-20_Werksfuehrung-1_K-420x279.jpg 420w, https:\/\/www.pr-neu.de\/newsroom\/wordpress\/wp-content\/uploads\/2022\/06\/22-20_Werksfuehrung-1_K-648x430.jpg 648w\" sizes=\"auto, (max-width: 300px) 100vw, 300px\" \/><\/a><\/p>\n<p><a href=\"http:\/\/www.pr-neu.de\/newsroom\/wordpress\/wp-content\/uploads\/2022\/06\/22-20_Werksfuehrung-2_K.jpg\" target=\"_blank\" rel=\"noopener\"><img loading=\"lazy\" decoding=\"async\" class=\"aligncenter wp-image-15040 size-medium\" src=\"http:\/\/www.pr-neu.de\/newsroom\/wordpress\/wp-content\/uploads\/2022\/06\/22-20_Werksfuehrung-2_K-199x300.jpg\" alt=\"\" width=\"199\" height=\"300\" srcset=\"https:\/\/www.pr-neu.de\/newsroom\/wordpress\/wp-content\/uploads\/2022\/06\/22-20_Werksfuehrung-2_K-199x300.jpg 199w, https:\/\/www.pr-neu.de\/newsroom\/wordpress\/wp-content\/uploads\/2022\/06\/22-20_Werksfuehrung-2_K-680x1024.jpg 680w, https:\/\/www.pr-neu.de\/newsroom\/wordpress\/wp-content\/uploads\/2022\/06\/22-20_Werksfuehrung-2_K-768x1157.jpg 768w, https:\/\/www.pr-neu.de\/newsroom\/wordpress\/wp-content\/uploads\/2022\/06\/22-20_Werksfuehrung-2_K-1020x1536.jpg 1020w, https:\/\/www.pr-neu.de\/newsroom\/wordpress\/wp-content\/uploads\/2022\/06\/22-20_Werksfuehrung-2_K-1359x2048.jpg 1359w, https:\/\/www.pr-neu.de\/newsroom\/wordpress\/wp-content\/uploads\/2022\/06\/22-20_Werksfuehrung-2_K-73x110.jpg 73w, https:\/\/www.pr-neu.de\/newsroom\/wordpress\/wp-content\/uploads\/2022\/06\/22-20_Werksfuehrung-2_K-279x420.jpg 279w, https:\/\/www.pr-neu.de\/newsroom\/wordpress\/wp-content\/uploads\/2022\/06\/22-20_Werksfuehrung-2_K-285x430.jpg 285w, https:\/\/www.pr-neu.de\/newsroom\/wordpress\/wp-content\/uploads\/2022\/06\/22-20_Werksfuehrung-2_K.jpg 1593w\" sizes=\"auto, (max-width: 199px) 100vw, 199px\" \/><\/a><\/p>\n<p style=\"text-align: center;\">Bei einer Werksf\u00fchrung erfuhren die Besucherinnern und Besucher alles \u00fcber die neue Produktionshalle und die moderne Pulverbeschichtungsanlage.<\/p>\n<p>&nbsp;<\/p>\n<p><a href=\"http:\/\/www.pr-neu.de\/newsroom\/wordpress\/wp-content\/uploads\/2022\/06\/22-20_Moderation_K.jpg\" target=\"_blank\" rel=\"noopener\"><img loading=\"lazy\" decoding=\"async\" class=\"wp-image-15037 size-medium aligncenter\" src=\"http:\/\/www.pr-neu.de\/newsroom\/wordpress\/wp-content\/uploads\/2022\/06\/22-20_Moderation_K-300x212.jpg\" alt=\"\" width=\"300\" height=\"212\" srcset=\"https:\/\/www.pr-neu.de\/newsroom\/wordpress\/wp-content\/uploads\/2022\/06\/22-20_Moderation_K-300x212.jpg 300w, https:\/\/www.pr-neu.de\/newsroom\/wordpress\/wp-content\/uploads\/2022\/06\/22-20_Moderation_K-1024x723.jpg 1024w, https:\/\/www.pr-neu.de\/newsroom\/wordpress\/wp-content\/uploads\/2022\/06\/22-20_Moderation_K-768x542.jpg 768w, https:\/\/www.pr-neu.de\/newsroom\/wordpress\/wp-content\/uploads\/2022\/06\/22-20_Moderation_K-1536x1084.jpg 1536w, https:\/\/www.pr-neu.de\/newsroom\/wordpress\/wp-content\/uploads\/2022\/06\/22-20_Moderation_K-2048x1446.jpg 2048w, https:\/\/www.pr-neu.de\/newsroom\/wordpress\/wp-content\/uploads\/2022\/06\/22-20_Moderation_K-110x78.jpg 110w, https:\/\/www.pr-neu.de\/newsroom\/wordpress\/wp-content\/uploads\/2022\/06\/22-20_Moderation_K-420x296.jpg 420w, https:\/\/www.pr-neu.de\/newsroom\/wordpress\/wp-content\/uploads\/2022\/06\/22-20_Moderation_K-609x430.jpg 609w\" sizes=\"auto, (max-width: 300px) 100vw, 300px\" \/><\/a><\/p>\n<p style=\"text-align: center;\">V. r. n. l.: Gesch\u00e4ftsf\u00fchrer Rainer Trauernicht f\u00fchrte gemeinsam mit Vertriebsleiter Harald de Witt und Marketing-Spezialist Oliver Prim durch den Abend. Unterhaltungsk\u00fcnstler Master Me\u201c Michael Sch\u00fcrkamp sorgte w\u00e4hrenddessen f\u00fcr am\u00fcsante Show-Einlagen.<\/p>\n<p style=\"text-align: center;\">Bilder: TS-Aluminium-Profilsysteme GmbH &amp; Co. KG<\/p>\n<p>&nbsp;<\/p>\n<hr \/>\n<p>&nbsp;<\/p>\n<p>Abdruck honorarfrei, Belegexemplar erbeten.<\/p>\n","protected":false},"excerpt":{"rendered":"<p>TS-Aluminium Hausmesse 2022 Innovativ, erfolgreich, zukunftssicher: Unter diesem Motto lud TS-Aluminium Kunden und Handelspartner am 17. Juni 2022 erstmals zur Hausmesse am Stammsitz Gro\u00dfefehn ein. 350 G\u00e4ste kamen und nutzten die Chance, um sich \u00fcber Neuheiten wie das innovative Lamellendach zu informieren. \u201eDie gro\u00dfe Resonanz auf die erste Ausgabe unserer Hausmesse zeigt, dass wir mit [&hellip;]<\/p>\n","protected":false},"author":10,"featured_media":15039,"comment_status":"closed","ping_status":"open","sticky":false,"template":"","format":"standard","meta":{"footnotes":""},"categories":[1761],"tags":[1889,253,1883,1893,1895,1793,1891,635],"class_list":["post-15043","post","type-post","status-publish","format-standard","has-post-thumbnail","hentry","category-ts-aluminium","tag-grossefehn","tag-hausmesse","tag-lamellendach","tag-sommergarten","tag-terrassendach","tag-ts-aluminium","tag-werkserweiterung","tag-wintergarten"],"_links":{"self":[{"href":"https:\/\/www.pr-neu.de\/newsroom\/wp-json\/wp\/v2\/posts\/15043","targetHints":{"allow":["GET"]}}],"collection":[{"href":"https:\/\/www.pr-neu.de\/newsroom\/wp-json\/wp\/v2\/posts"}],"about":[{"href":"https:\/\/www.pr-neu.de\/newsroom\/wp-json\/wp\/v2\/types\/post"}],"author":[{"embeddable":true,"href":"https:\/\/www.pr-neu.de\/newsroom\/wp-json\/wp\/v2\/users\/10"}],"replies":[{"embeddable":true,"href":"https:\/\/www.pr-neu.de\/newsroom\/wp-json\/wp\/v2\/comments?post=15043"}],"version-history":[{"count":1,"href":"https:\/\/www.pr-neu.de\/newsroom\/wp-json\/wp\/v2\/posts\/15043\/revisions"}],"predecessor-version":[{"id":15044,"href":"https:\/\/www.pr-neu.de\/newsroom\/wp-json\/wp\/v2\/posts\/15043\/revisions\/15044"}],"wp:featuredmedia":[{"embeddable":true,"href":"https:\/\/www.pr-neu.de\/newsroom\/wp-json\/wp\/v2\/media\/15039"}],"wp:attachment":[{"href":"https:\/\/www.pr-neu.de\/newsroom\/wp-json\/wp\/v2\/media?parent=15043"}],"wp:term":[{"taxonomy":"category","embeddable":true,"href":"https:\/\/www.pr-neu.de\/newsroom\/wp-json\/wp\/v2\/categories?post=15043"},{"taxonomy":"post_tag","embeddable":true,"href":"https:\/\/www.pr-neu.de\/newsroom\/wp-json\/wp\/v2\/tags?post=15043"}],"curies":[{"name":"wp","href":"https:\/\/api.w.org\/{rel}","templated":true}]}}