{"id":15034,"date":"2022-06-27T11:54:25","date_gmt":"2022-06-27T09:54:25","guid":{"rendered":"https:\/\/www.pr-neu.de\/newsroom\/?p=15034"},"modified":"2022-06-27T12:32:08","modified_gmt":"2022-06-27T10:32:08","slug":"ts-aluminium-investiert-in-standort-grossefehn-regio","status":"publish","type":"post","link":"https:\/\/www.pr-neu.de\/newsroom\/ts-aluminium-investiert-in-standort-grossefehn-regio\/","title":{"rendered":"TS-Aluminium investiert in Standort Gro\u00dfefehn (regio)"},"content":{"rendered":"<p><u>Hausmesse beim Aluminiumprofilsystem-Hersteller TS-Aluminium in Gro\u00dfefehn<\/u><\/p>\n<p>TS-Aluminium, f\u00fchrender Anbieter von hochwertigen Aluminiumprofilsystemen, besch\u00e4ftigt derzeit \u00fcber 160 Mitarbeitende, davon 140 in Gro\u00dfefehn. Unter dem Motto \u201eInnovativ, erfolgreich, zukunftssicher\u201c lud das Unternehmen am 17. Juni 2022 erstmalig zur Hausmesse. Ein voller Erfolg: 350 G\u00e4ste nahmen an der Veranstaltung teil.<\/p>\n<p>Anlass war unter anderem die feierliche Einweihung eines neuen Werkabschnitts am Stammsitz des Unternehmens an der Industriestra\u00dfe. Eine sehr gute Auftragslage und die stetig wachsende Nachfrage nach Aluminiumprofilsystemen hatten den Ausbau notwendig gemacht. Nach vier Jahren der Planung, Genehmigung und Umsetzung erweitert heute eine \u00fcber 4.000 Quadratmeter gro\u00dfe Produktionshalle mit modernem Logistiksystem und umweltbewusster Pulverbeschichtungsanlage das Werksgel\u00e4nde.<\/p>\n<p>Mit der gr\u00f6\u00dften Investition seit Firmengr\u00fcndung investiert TS-Aluminium in den Standort Gro\u00dfefehn. \u201eDie Werkserweiterung ist ein Meilenstein in unserer Firmengeschichte: Mit ihr haben wir Produktion und Kapazit\u00e4ten vor Ort geb\u00fcndelt und sind in der Lage, Auftr\u00e4ge aus einer Hand zu liefern. Dadurch bauen wir unsere Marktposition aus, bleiben auch in Zukunft wettbewerbsstark und kr\u00e4ftigen deutlich den Firmenstandort durch die Schaffung neuer Ausbildungs- und Arbeitspl\u00e4tze\u201c, erl\u00e4utert Gesch\u00e4ftsf\u00fchrer Rainer Trauernicht.<\/p>\n<p>Ein buntes Nebenprogramm \u2013 Branchen-Talk, Live-Musik und Unterhaltung \u2013 sowie eine gute Bewirtung rundeten den Erlebnistag ab.<\/p>\n<p>&nbsp;<\/p>\n<hr \/>\n<p>&nbsp;<\/p>\n<p>Infobox:<br \/>\nAls Innovationstreiber entwickelt und produziert TS-Aluminium seit mehr als 40 Jahren hochwertige Terrassend\u00e4cher, Sommer- und Winterg\u00e4rten und hat sich vom Zwei-Mann-Betrieb zum f\u00fchrenden Anbieter mit rund 50 Millionen Euro Umsatz im Jahr entwickelt.<\/p>\n<p>&nbsp;<\/p>\n<hr \/>\n<p>&nbsp;<\/p>\n<p><a href=\"http:\/\/www.pr-neu.de\/newsroom\/wordpress\/wp-content\/uploads\/2022\/06\/22-20_TS-Hausmesse_K.jpg\" target=\"_blank\" rel=\"noopener\"><img loading=\"lazy\" decoding=\"async\" class=\"aligncenter wp-image-15038 size-medium\" src=\"http:\/\/www.pr-neu.de\/newsroom\/wordpress\/wp-content\/uploads\/2022\/06\/22-20_TS-Hausmesse_K-300x199.jpg\" alt=\"\" width=\"300\" height=\"199\" srcset=\"https:\/\/www.pr-neu.de\/newsroom\/wordpress\/wp-content\/uploads\/2022\/06\/22-20_TS-Hausmesse_K-300x199.jpg 300w, https:\/\/www.pr-neu.de\/newsroom\/wordpress\/wp-content\/uploads\/2022\/06\/22-20_TS-Hausmesse_K-1024x680.jpg 1024w, https:\/\/www.pr-neu.de\/newsroom\/wordpress\/wp-content\/uploads\/2022\/06\/22-20_TS-Hausmesse_K-768x510.jpg 768w, https:\/\/www.pr-neu.de\/newsroom\/wordpress\/wp-content\/uploads\/2022\/06\/22-20_TS-Hausmesse_K-1536x1020.jpg 1536w, https:\/\/www.pr-neu.de\/newsroom\/wordpress\/wp-content\/uploads\/2022\/06\/22-20_TS-Hausmesse_K-2048x1360.jpg 2048w, https:\/\/www.pr-neu.de\/newsroom\/wordpress\/wp-content\/uploads\/2022\/06\/22-20_TS-Hausmesse_K-110x73.jpg 110w, https:\/\/www.pr-neu.de\/newsroom\/wordpress\/wp-content\/uploads\/2022\/06\/22-20_TS-Hausmesse_K-420x279.jpg 420w, https:\/\/www.pr-neu.de\/newsroom\/wordpress\/wp-content\/uploads\/2022\/06\/22-20_TS-Hausmesse_K-647x430.jpg 647w\" sizes=\"auto, (max-width: 300px) 100vw, 300px\" \/><\/a><\/p>\n<p style=\"text-align: center;\">350 Handelspartnerinnen und -partner informierten sich auf der TS-Aluminium-Hausmesse in Gro\u00dfefehn \u00fcber Werk und Neuheiten.<\/p>\n<p>&nbsp;<\/p>\n<p><a href=\"http:\/\/www.pr-neu.de\/newsroom\/wordpress\/wp-content\/uploads\/2022\/06\/22-20_Lamellendach_K.jpg\" target=\"_blank\" rel=\"noopener\"><img loading=\"lazy\" decoding=\"async\" class=\"wp-image-15035 size-medium aligncenter\" src=\"http:\/\/www.pr-neu.de\/newsroom\/wordpress\/wp-content\/uploads\/2022\/06\/22-20_Lamellendach_K-300x199.jpg\" alt=\"\" width=\"300\" height=\"199\" srcset=\"https:\/\/www.pr-neu.de\/newsroom\/wordpress\/wp-content\/uploads\/2022\/06\/22-20_Lamellendach_K-300x199.jpg 300w, https:\/\/www.pr-neu.de\/newsroom\/wordpress\/wp-content\/uploads\/2022\/06\/22-20_Lamellendach_K-1024x680.jpg 1024w, https:\/\/www.pr-neu.de\/newsroom\/wordpress\/wp-content\/uploads\/2022\/06\/22-20_Lamellendach_K-768x510.jpg 768w, https:\/\/www.pr-neu.de\/newsroom\/wordpress\/wp-content\/uploads\/2022\/06\/22-20_Lamellendach_K-1536x1020.jpg 1536w, https:\/\/www.pr-neu.de\/newsroom\/wordpress\/wp-content\/uploads\/2022\/06\/22-20_Lamellendach_K-2048x1359.jpg 2048w, https:\/\/www.pr-neu.de\/newsroom\/wordpress\/wp-content\/uploads\/2022\/06\/22-20_Lamellendach_K-110x73.jpg 110w, https:\/\/www.pr-neu.de\/newsroom\/wordpress\/wp-content\/uploads\/2022\/06\/22-20_Lamellendach_K-420x279.jpg 420w, https:\/\/www.pr-neu.de\/newsroom\/wordpress\/wp-content\/uploads\/2022\/06\/22-20_Lamellendach_K-648x430.jpg 648w\" sizes=\"auto, (max-width: 300px) 100vw, 300px\" \/><\/a><\/p>\n<p><a href=\"http:\/\/www.pr-neu.de\/newsroom\/wordpress\/wp-content\/uploads\/2022\/06\/22-20_Marketing-Services_K.jpg\" target=\"_blank\" rel=\"noopener\"><img loading=\"lazy\" decoding=\"async\" class=\"aligncenter wp-image-15036 size-medium\" src=\"http:\/\/www.pr-neu.de\/newsroom\/wordpress\/wp-content\/uploads\/2022\/06\/22-20_Marketing-Services_K-300x199.jpg\" alt=\"\" width=\"300\" height=\"199\" srcset=\"https:\/\/www.pr-neu.de\/newsroom\/wordpress\/wp-content\/uploads\/2022\/06\/22-20_Marketing-Services_K-300x199.jpg 300w, https:\/\/www.pr-neu.de\/newsroom\/wordpress\/wp-content\/uploads\/2022\/06\/22-20_Marketing-Services_K-1024x680.jpg 1024w, https:\/\/www.pr-neu.de\/newsroom\/wordpress\/wp-content\/uploads\/2022\/06\/22-20_Marketing-Services_K-768x510.jpg 768w, https:\/\/www.pr-neu.de\/newsroom\/wordpress\/wp-content\/uploads\/2022\/06\/22-20_Marketing-Services_K-1536x1020.jpg 1536w, https:\/\/www.pr-neu.de\/newsroom\/wordpress\/wp-content\/uploads\/2022\/06\/22-20_Marketing-Services_K-2048x1359.jpg 2048w, https:\/\/www.pr-neu.de\/newsroom\/wordpress\/wp-content\/uploads\/2022\/06\/22-20_Marketing-Services_K-110x73.jpg 110w, https:\/\/www.pr-neu.de\/newsroom\/wordpress\/wp-content\/uploads\/2022\/06\/22-20_Marketing-Services_K-420x279.jpg 420w, https:\/\/www.pr-neu.de\/newsroom\/wordpress\/wp-content\/uploads\/2022\/06\/22-20_Marketing-Services_K-648x430.jpg 648w\" sizes=\"auto, (max-width: 300px) 100vw, 300px\" \/><\/a><\/p>\n<p style=\"text-align: center;\">Highlights der Veranstaltung waren unter anderem die Pr\u00e4sentation des neuen Lamellendachs und die Vorstellung brandaktueller Marketing-Services.<\/p>\n<p>&nbsp;<\/p>\n<p><a href=\"http:\/\/www.pr-neu.de\/newsroom\/wordpress\/wp-content\/uploads\/2022\/06\/22-20_Werksfuehrung-1_K.jpg\" target=\"_blank\" rel=\"noopener\"><img loading=\"lazy\" decoding=\"async\" class=\"aligncenter wp-image-15039 size-medium\" src=\"http:\/\/www.pr-neu.de\/newsroom\/wordpress\/wp-content\/uploads\/2022\/06\/22-20_Werksfuehrung-1_K-300x199.jpg\" alt=\"\" width=\"300\" height=\"199\" srcset=\"https:\/\/www.pr-neu.de\/newsroom\/wordpress\/wp-content\/uploads\/2022\/06\/22-20_Werksfuehrung-1_K-300x199.jpg 300w, https:\/\/www.pr-neu.de\/newsroom\/wordpress\/wp-content\/uploads\/2022\/06\/22-20_Werksfuehrung-1_K-1024x680.jpg 1024w, https:\/\/www.pr-neu.de\/newsroom\/wordpress\/wp-content\/uploads\/2022\/06\/22-20_Werksfuehrung-1_K-768x510.jpg 768w, https:\/\/www.pr-neu.de\/newsroom\/wordpress\/wp-content\/uploads\/2022\/06\/22-20_Werksfuehrung-1_K-1536x1020.jpg 1536w, https:\/\/www.pr-neu.de\/newsroom\/wordpress\/wp-content\/uploads\/2022\/06\/22-20_Werksfuehrung-1_K-2048x1359.jpg 2048w, https:\/\/www.pr-neu.de\/newsroom\/wordpress\/wp-content\/uploads\/2022\/06\/22-20_Werksfuehrung-1_K-110x73.jpg 110w, https:\/\/www.pr-neu.de\/newsroom\/wordpress\/wp-content\/uploads\/2022\/06\/22-20_Werksfuehrung-1_K-420x279.jpg 420w, https:\/\/www.pr-neu.de\/newsroom\/wordpress\/wp-content\/uploads\/2022\/06\/22-20_Werksfuehrung-1_K-648x430.jpg 648w\" sizes=\"auto, (max-width: 300px) 100vw, 300px\" \/><\/a><\/p>\n<p><a href=\"http:\/\/www.pr-neu.de\/newsroom\/wordpress\/wp-content\/uploads\/2022\/06\/22-20_Werksfuehrung-2_K.jpg\" target=\"_blank\" rel=\"noopener\"><img loading=\"lazy\" decoding=\"async\" class=\"aligncenter wp-image-15040 size-medium\" src=\"http:\/\/www.pr-neu.de\/newsroom\/wordpress\/wp-content\/uploads\/2022\/06\/22-20_Werksfuehrung-2_K-199x300.jpg\" alt=\"\" width=\"199\" height=\"300\" srcset=\"https:\/\/www.pr-neu.de\/newsroom\/wordpress\/wp-content\/uploads\/2022\/06\/22-20_Werksfuehrung-2_K-199x300.jpg 199w, https:\/\/www.pr-neu.de\/newsroom\/wordpress\/wp-content\/uploads\/2022\/06\/22-20_Werksfuehrung-2_K-680x1024.jpg 680w, https:\/\/www.pr-neu.de\/newsroom\/wordpress\/wp-content\/uploads\/2022\/06\/22-20_Werksfuehrung-2_K-768x1157.jpg 768w, https:\/\/www.pr-neu.de\/newsroom\/wordpress\/wp-content\/uploads\/2022\/06\/22-20_Werksfuehrung-2_K-1020x1536.jpg 1020w, https:\/\/www.pr-neu.de\/newsroom\/wordpress\/wp-content\/uploads\/2022\/06\/22-20_Werksfuehrung-2_K-1359x2048.jpg 1359w, https:\/\/www.pr-neu.de\/newsroom\/wordpress\/wp-content\/uploads\/2022\/06\/22-20_Werksfuehrung-2_K-73x110.jpg 73w, https:\/\/www.pr-neu.de\/newsroom\/wordpress\/wp-content\/uploads\/2022\/06\/22-20_Werksfuehrung-2_K-279x420.jpg 279w, https:\/\/www.pr-neu.de\/newsroom\/wordpress\/wp-content\/uploads\/2022\/06\/22-20_Werksfuehrung-2_K-285x430.jpg 285w, https:\/\/www.pr-neu.de\/newsroom\/wordpress\/wp-content\/uploads\/2022\/06\/22-20_Werksfuehrung-2_K.jpg 1593w\" sizes=\"auto, (max-width: 199px) 100vw, 199px\" \/><\/a><\/p>\n<p style=\"text-align: center;\">Bei einer Werksf\u00fchrung erfuhren die Besucherinnern und Besucher alles \u00fcber die neue Produktionshalle und die moderne Pulverbeschichtungsanlage.<\/p>\n<p>&nbsp;<\/p>\n<p><a href=\"http:\/\/www.pr-neu.de\/newsroom\/wordpress\/wp-content\/uploads\/2022\/06\/22-20_Moderation_K.jpg\" target=\"_blank\" rel=\"noopener\"><img loading=\"lazy\" decoding=\"async\" class=\"wp-image-15037 size-medium aligncenter\" src=\"http:\/\/www.pr-neu.de\/newsroom\/wordpress\/wp-content\/uploads\/2022\/06\/22-20_Moderation_K-300x212.jpg\" alt=\"\" width=\"300\" height=\"212\" srcset=\"https:\/\/www.pr-neu.de\/newsroom\/wordpress\/wp-content\/uploads\/2022\/06\/22-20_Moderation_K-300x212.jpg 300w, https:\/\/www.pr-neu.de\/newsroom\/wordpress\/wp-content\/uploads\/2022\/06\/22-20_Moderation_K-1024x723.jpg 1024w, https:\/\/www.pr-neu.de\/newsroom\/wordpress\/wp-content\/uploads\/2022\/06\/22-20_Moderation_K-768x542.jpg 768w, https:\/\/www.pr-neu.de\/newsroom\/wordpress\/wp-content\/uploads\/2022\/06\/22-20_Moderation_K-1536x1084.jpg 1536w, https:\/\/www.pr-neu.de\/newsroom\/wordpress\/wp-content\/uploads\/2022\/06\/22-20_Moderation_K-2048x1446.jpg 2048w, https:\/\/www.pr-neu.de\/newsroom\/wordpress\/wp-content\/uploads\/2022\/06\/22-20_Moderation_K-110x78.jpg 110w, https:\/\/www.pr-neu.de\/newsroom\/wordpress\/wp-content\/uploads\/2022\/06\/22-20_Moderation_K-420x296.jpg 420w, https:\/\/www.pr-neu.de\/newsroom\/wordpress\/wp-content\/uploads\/2022\/06\/22-20_Moderation_K-609x430.jpg 609w\" sizes=\"auto, (max-width: 300px) 100vw, 300px\" \/><\/a><\/p>\n<p style=\"text-align: center;\">V. r. n. l.: Gesch\u00e4ftsf\u00fchrer Rainer Trauernicht f\u00fchrte gemeinsam mit Vertriebsleiter Harald de Witt und Marketing-Spezialist Oliver Prim durch den Abend. Unterhaltungsk\u00fcnstler Master Me\u201c Michael Sch\u00fcrkamp sorgte w\u00e4hrenddessen f\u00fcr am\u00fcsante Show-Einlagen.<\/p>\n<p style=\"text-align: center;\">Bilder: TS-Aluminium-Profilsysteme GmbH &amp; Co. KG<\/p>\n<p>&nbsp;<\/p>\n<hr \/>\n<p>&nbsp;<\/p>\n<p>Abdruck honorarfrei, Belegexemplar erbeten.<\/p>\n","protected":false},"excerpt":{"rendered":"<p>Hausmesse beim Aluminiumprofilsystem-Hersteller TS-Aluminium in Gro\u00dfefehn TS-Aluminium, f\u00fchrender Anbieter von hochwertigen Aluminiumprofilsystemen, besch\u00e4ftigt derzeit \u00fcber 160 Mitarbeitende, davon 140 in Gro\u00dfefehn. Unter dem Motto \u201eInnovativ, erfolgreich, zukunftssicher\u201c lud das Unternehmen am 17. Juni 2022 erstmalig zur Hausmesse. Ein voller Erfolg: 350 G\u00e4ste nahmen an der Veranstaltung teil. Anlass war unter anderem die feierliche Einweihung eines [&hellip;]<\/p>\n","protected":false},"author":10,"featured_media":15038,"comment_status":"closed","ping_status":"open","sticky":false,"template":"","format":"standard","meta":{"footnotes":""},"categories":[1761],"tags":[1889,253,1883,1893,1895,1793,1891,635],"class_list":["post-15034","post","type-post","status-publish","format-standard","has-post-thumbnail","hentry","category-ts-aluminium","tag-grossefehn","tag-hausmesse","tag-lamellendach","tag-sommergarten","tag-terrassendach","tag-ts-aluminium","tag-werkserweiterung","tag-wintergarten"],"_links":{"self":[{"href":"https:\/\/www.pr-neu.de\/newsroom\/wp-json\/wp\/v2\/posts\/15034","targetHints":{"allow":["GET"]}}],"collection":[{"href":"https:\/\/www.pr-neu.de\/newsroom\/wp-json\/wp\/v2\/posts"}],"about":[{"href":"https:\/\/www.pr-neu.de\/newsroom\/wp-json\/wp\/v2\/types\/post"}],"author":[{"embeddable":true,"href":"https:\/\/www.pr-neu.de\/newsroom\/wp-json\/wp\/v2\/users\/10"}],"replies":[{"embeddable":true,"href":"https:\/\/www.pr-neu.de\/newsroom\/wp-json\/wp\/v2\/comments?post=15034"}],"version-history":[{"count":2,"href":"https:\/\/www.pr-neu.de\/newsroom\/wp-json\/wp\/v2\/posts\/15034\/revisions"}],"predecessor-version":[{"id":15042,"href":"https:\/\/www.pr-neu.de\/newsroom\/wp-json\/wp\/v2\/posts\/15034\/revisions\/15042"}],"wp:featuredmedia":[{"embeddable":true,"href":"https:\/\/www.pr-neu.de\/newsroom\/wp-json\/wp\/v2\/media\/15038"}],"wp:attachment":[{"href":"https:\/\/www.pr-neu.de\/newsroom\/wp-json\/wp\/v2\/media?parent=15034"}],"wp:term":[{"taxonomy":"category","embeddable":true,"href":"https:\/\/www.pr-neu.de\/newsroom\/wp-json\/wp\/v2\/categories?post=15034"},{"taxonomy":"post_tag","embeddable":true,"href":"https:\/\/www.pr-neu.de\/newsroom\/wp-json\/wp\/v2\/tags?post=15034"}],"curies":[{"name":"wp","href":"https:\/\/api.w.org\/{rel}","templated":true}]}}