{"id":15027,"date":"2022-06-30T09:59:55","date_gmt":"2022-06-30T07:59:55","guid":{"rendered":"https:\/\/www.pr-neu.de\/newsroom\/?p=15027"},"modified":"2025-10-06T10:43:43","modified_gmt":"2025-10-06T08:43:43","slug":"variabler-schattenspender","status":"publish","type":"post","link":"https:\/\/www.pr-neu.de\/newsroom\/variabler-schattenspender\/","title":{"rendered":"Variabler Schattenspender"},"content":{"rendered":"<p><u>Neu: Lamellendach von TS-Aluminium<\/u><\/p>\n<p><strong>Mit dem neu entwickelten Lamellendach pr\u00e4sentiert TS-Aluminium eine innovative Beschattungsl\u00f6sung, die sich erstmals auch mit einem Glasdach kombinieren l\u00e4sst \u2013 vereint in nur einem \u00dcberdachungssystem. Individuelle Konstruktionen sind bis 6,00 Meter Breite und 4,50 Meter Tiefe m\u00f6glich. Das geradlinige Dach f\u00fcgt sich harmonisch in die Architektur von Haus und Garten ein, ist leicht zu montieren und tr\u00e4gt (geschlossen) bis 350 Kilogramm Schnee pro Quadratmeter.<\/strong><\/p>\n<p>Mit einem neuen Lamellendach erweitert TS-Aluminium sein Portfolio f\u00fcr Sonnen- und Wetterschutz auf der Terrasse und bietet noch mehr Gestaltungsfreiheit: Das robuste System f\u00fcgt sich optimal in den umlaufenden Rahmen eines Flachdachs ein und bildet eine funktionale wie optische Einheit in modernem Design \u2013 bis 6,00 Meter Breite und 4,50 Meter Tiefe, freistehend oder direkt vor die Wand montiert. Das konstruktive Highlight ist die Kombination von Lamellen- und Glasdach: Durch die modulare Bauweise lassen sich die D\u00e4cher ganz einfach miteinander verbinden.<\/p>\n<p><strong>Dachsystem mit High-Tech-Charakter<\/strong><\/p>\n<p>Bis 135 Grad drehbare Lamellen regulieren Licht, Schatten und nat\u00fcrliche Bel\u00fcftung unter dem Dach ganz nach Wunsch. Daf\u00fcr sind smarte Sensoren nicht sichtbar integriert, die sich bequem per App oder Fernbedienung steuern lassen. Hochwertige Wetterautomatik (Regenw\u00e4chter) sorgt bei Niederschlag daf\u00fcr, dass sich das Dach von alleine schlie\u00dft. Geschlossen tr\u00e4gt das Lamellendach bis 350 Kilogramm Schneelast pro Quadratmeter. F\u00fcr die individuelle Gestaltung stehen vielf\u00e4ltige Ausstattungsoptionen zur Wahl, von LED-Beleuchtung \u00fcber ZIP-Markisen bis hin zu Heizsystemen.<\/p>\n<p><strong>Flexible Montage, Qualit\u00e4t aus einer Hand<\/strong><\/p>\n<p>Fertigungs- und Montagefreundlichkeit sind beim Systemgeber aus Gro\u00dfefehn zentral. Der Zuschnitt ist einfach und erfolgt ohne Spezialwerkzeug. Das ist bei Ware in Lagerl\u00e4ngen wichtig. Es gibt das System aber auch bequem vorkonfektioniert, also als auf Ma\u00df zugeschnittenen Bausatz. Das vereinfacht die Montage und spart eine Reihe mechanischer Arbeiten. Dank der werkseitigen Pulverbeschichtung sind der Farbgestaltung keine Grenzen gesetzt \u2013 und die Profile kommen gleich im Wunschfarbton auf die Baustelle.<\/p>\n<p>Mehr Infos unter:<br \/>\nhttps:\/\/www.ts-alu.com\/produkte\/dachprofilsysteme\/lamellendach\/<\/p>\n<p>&nbsp;<\/p>\n<hr \/>\n<p>&nbsp;<\/p>\n<p><a href=\"http:\/\/www.pr-neu.de\/newsroom\/wordpress\/wp-content\/uploads\/2022\/06\/22-05_TS-Lamellendach_2_K.jpg\" target=\"_blank\" rel=\"noopener\"><img loading=\"lazy\" decoding=\"async\" class=\"aligncenter wp-image-15028 size-medium\" src=\"http:\/\/www.pr-neu.de\/newsroom\/wordpress\/wp-content\/uploads\/2022\/06\/22-05_TS-Lamellendach_2_K-300x212.jpg\" alt=\"\" width=\"300\" height=\"212\" srcset=\"https:\/\/www.pr-neu.de\/newsroom\/wordpress\/wp-content\/uploads\/2022\/06\/22-05_TS-Lamellendach_2_K-300x212.jpg 300w, https:\/\/www.pr-neu.de\/newsroom\/wordpress\/wp-content\/uploads\/2022\/06\/22-05_TS-Lamellendach_2_K-1024x724.jpg 1024w, https:\/\/www.pr-neu.de\/newsroom\/wordpress\/wp-content\/uploads\/2022\/06\/22-05_TS-Lamellendach_2_K-768x543.jpg 768w, https:\/\/www.pr-neu.de\/newsroom\/wordpress\/wp-content\/uploads\/2022\/06\/22-05_TS-Lamellendach_2_K-1536x1086.jpg 1536w, https:\/\/www.pr-neu.de\/newsroom\/wordpress\/wp-content\/uploads\/2022\/06\/22-05_TS-Lamellendach_2_K-2048x1448.jpg 2048w, https:\/\/www.pr-neu.de\/newsroom\/wordpress\/wp-content\/uploads\/2022\/06\/22-05_TS-Lamellendach_2_K-110x78.jpg 110w, https:\/\/www.pr-neu.de\/newsroom\/wordpress\/wp-content\/uploads\/2022\/06\/22-05_TS-Lamellendach_2_K-420x297.jpg 420w, https:\/\/www.pr-neu.de\/newsroom\/wordpress\/wp-content\/uploads\/2022\/06\/22-05_TS-Lamellendach_2_K-608x430.jpg 608w\" sizes=\"auto, (max-width: 300px) 100vw, 300px\" \/><\/a><\/p>\n<p><a href=\"http:\/\/www.pr-neu.de\/newsroom\/wordpress\/wp-content\/uploads\/2022\/06\/22-05_TS-Lamellendach_3_K.jpg\" target=\"_blank\" rel=\"noopener\"><img loading=\"lazy\" decoding=\"async\" class=\"aligncenter wp-image-15029 size-medium\" src=\"http:\/\/www.pr-neu.de\/newsroom\/wordpress\/wp-content\/uploads\/2022\/06\/22-05_TS-Lamellendach_3_K-300x212.jpg\" alt=\"\" width=\"300\" height=\"212\" srcset=\"https:\/\/www.pr-neu.de\/newsroom\/wordpress\/wp-content\/uploads\/2022\/06\/22-05_TS-Lamellendach_3_K-300x212.jpg 300w, https:\/\/www.pr-neu.de\/newsroom\/wordpress\/wp-content\/uploads\/2022\/06\/22-05_TS-Lamellendach_3_K-1024x724.jpg 1024w, https:\/\/www.pr-neu.de\/newsroom\/wordpress\/wp-content\/uploads\/2022\/06\/22-05_TS-Lamellendach_3_K-768x543.jpg 768w, https:\/\/www.pr-neu.de\/newsroom\/wordpress\/wp-content\/uploads\/2022\/06\/22-05_TS-Lamellendach_3_K-1536x1086.jpg 1536w, https:\/\/www.pr-neu.de\/newsroom\/wordpress\/wp-content\/uploads\/2022\/06\/22-05_TS-Lamellendach_3_K-2048x1448.jpg 2048w, https:\/\/www.pr-neu.de\/newsroom\/wordpress\/wp-content\/uploads\/2022\/06\/22-05_TS-Lamellendach_3_K-110x78.jpg 110w, https:\/\/www.pr-neu.de\/newsroom\/wordpress\/wp-content\/uploads\/2022\/06\/22-05_TS-Lamellendach_3_K-420x297.jpg 420w, https:\/\/www.pr-neu.de\/newsroom\/wordpress\/wp-content\/uploads\/2022\/06\/22-05_TS-Lamellendach_3_K-608x430.jpg 608w\" sizes=\"auto, (max-width: 300px) 100vw, 300px\" \/><\/a><\/p>\n<p style=\"text-align: center;\">Modern und geradlinig: Das Lamellendach von TS-Aluminium \u00fcberzeugt in kubischer Architektur und ist mit einem Glasdach kombinierbar.<\/p>\n<p>&nbsp;<\/p>\n<p><a href=\"http:\/\/www.pr-neu.de\/newsroom\/wordpress\/wp-content\/uploads\/2022\/06\/22-05_TS-Lamellendach_4_K.jpg\" target=\"_blank\" rel=\"noopener\"><img loading=\"lazy\" decoding=\"async\" class=\"aligncenter wp-image-15030 size-medium\" src=\"http:\/\/www.pr-neu.de\/newsroom\/wordpress\/wp-content\/uploads\/2022\/06\/22-05_TS-Lamellendach_4_K-300x212.jpg\" alt=\"\" width=\"300\" height=\"212\" srcset=\"https:\/\/www.pr-neu.de\/newsroom\/wordpress\/wp-content\/uploads\/2022\/06\/22-05_TS-Lamellendach_4_K-300x212.jpg 300w, https:\/\/www.pr-neu.de\/newsroom\/wordpress\/wp-content\/uploads\/2022\/06\/22-05_TS-Lamellendach_4_K-1024x724.jpg 1024w, https:\/\/www.pr-neu.de\/newsroom\/wordpress\/wp-content\/uploads\/2022\/06\/22-05_TS-Lamellendach_4_K-768x543.jpg 768w, https:\/\/www.pr-neu.de\/newsroom\/wordpress\/wp-content\/uploads\/2022\/06\/22-05_TS-Lamellendach_4_K-1536x1086.jpg 1536w, https:\/\/www.pr-neu.de\/newsroom\/wordpress\/wp-content\/uploads\/2022\/06\/22-05_TS-Lamellendach_4_K-2048x1448.jpg 2048w, https:\/\/www.pr-neu.de\/newsroom\/wordpress\/wp-content\/uploads\/2022\/06\/22-05_TS-Lamellendach_4_K-110x78.jpg 110w, https:\/\/www.pr-neu.de\/newsroom\/wordpress\/wp-content\/uploads\/2022\/06\/22-05_TS-Lamellendach_4_K-420x297.jpg 420w, https:\/\/www.pr-neu.de\/newsroom\/wordpress\/wp-content\/uploads\/2022\/06\/22-05_TS-Lamellendach_4_K-608x430.jpg 608w\" sizes=\"auto, (max-width: 300px) 100vw, 300px\" \/><\/a><\/p>\n<p><a href=\"http:\/\/www.pr-neu.de\/newsroom\/wordpress\/wp-content\/uploads\/2022\/06\/22-05_TS-Lamellendach_5_K.jpg\" target=\"_blank\" rel=\"noopener\"><img loading=\"lazy\" decoding=\"async\" class=\"aligncenter wp-image-15031 size-medium\" src=\"http:\/\/www.pr-neu.de\/newsroom\/wordpress\/wp-content\/uploads\/2022\/06\/22-05_TS-Lamellendach_5_K-300x212.jpg\" alt=\"\" width=\"300\" height=\"212\" srcset=\"https:\/\/www.pr-neu.de\/newsroom\/wordpress\/wp-content\/uploads\/2022\/06\/22-05_TS-Lamellendach_5_K-300x212.jpg 300w, https:\/\/www.pr-neu.de\/newsroom\/wordpress\/wp-content\/uploads\/2022\/06\/22-05_TS-Lamellendach_5_K-1024x724.jpg 1024w, https:\/\/www.pr-neu.de\/newsroom\/wordpress\/wp-content\/uploads\/2022\/06\/22-05_TS-Lamellendach_5_K-768x543.jpg 768w, https:\/\/www.pr-neu.de\/newsroom\/wordpress\/wp-content\/uploads\/2022\/06\/22-05_TS-Lamellendach_5_K-1536x1086.jpg 1536w, https:\/\/www.pr-neu.de\/newsroom\/wordpress\/wp-content\/uploads\/2022\/06\/22-05_TS-Lamellendach_5_K-2048x1448.jpg 2048w, https:\/\/www.pr-neu.de\/newsroom\/wordpress\/wp-content\/uploads\/2022\/06\/22-05_TS-Lamellendach_5_K-110x78.jpg 110w, https:\/\/www.pr-neu.de\/newsroom\/wordpress\/wp-content\/uploads\/2022\/06\/22-05_TS-Lamellendach_5_K-420x297.jpg 420w, https:\/\/www.pr-neu.de\/newsroom\/wordpress\/wp-content\/uploads\/2022\/06\/22-05_TS-Lamellendach_5_K-608x430.jpg 608w\" sizes=\"auto, (max-width: 300px) 100vw, 300px\" \/><\/a><\/p>\n<p style=\"text-align: center;\">Gr\u00fcnes Wohnzimmer: Drehbare Lamellen erm\u00f6glichen passgenauen Sonnenschutz und sorgen f\u00fcr ein angenehmes Raumklima.<\/p>\n<p style=\"text-align: center;\">Bilder: TS-Aluminium-Profilsysteme GmbH &amp; Co. KG<\/p>\n<p>&nbsp;<\/p>\n<hr \/>\n<p>&nbsp;<\/p>\n<p>Abdruck honorarfrei, Belegexemplar erbeten.<\/p>\n","protected":false},"excerpt":{"rendered":"<p>Neu: Lamellendach von TS-Aluminium Mit dem neu entwickelten Lamellendach pr\u00e4sentiert TS-Aluminium eine innovative Beschattungsl\u00f6sung, die sich erstmals auch mit einem Glasdach kombinieren l\u00e4sst \u2013 vereint in nur einem \u00dcberdachungssystem. Individuelle Konstruktionen sind bis 6,00 Meter Breite und 4,50 Meter Tiefe m\u00f6glich. Das geradlinige Dach f\u00fcgt sich harmonisch in die Architektur von Haus und Garten ein, [&hellip;]<\/p>\n","protected":false},"author":10,"featured_media":15028,"comment_status":"closed","ping_status":"open","sticky":false,"template":"","format":"standard","meta":{"footnotes":""},"categories":[1761],"tags":[80,1885,1883,1881,1793,1887],"class_list":["post-15027","post","type-post","status-publish","format-standard","has-post-thumbnail","hentry","category-ts-aluminium","tag-beschattung","tag-garten","tag-lamellendach","tag-terassendach","tag-ts-aluminium","tag-ueberdachung"],"_links":{"self":[{"href":"https:\/\/www.pr-neu.de\/newsroom\/wp-json\/wp\/v2\/posts\/15027","targetHints":{"allow":["GET"]}}],"collection":[{"href":"https:\/\/www.pr-neu.de\/newsroom\/wp-json\/wp\/v2\/posts"}],"about":[{"href":"https:\/\/www.pr-neu.de\/newsroom\/wp-json\/wp\/v2\/types\/post"}],"author":[{"embeddable":true,"href":"https:\/\/www.pr-neu.de\/newsroom\/wp-json\/wp\/v2\/users\/10"}],"replies":[{"embeddable":true,"href":"https:\/\/www.pr-neu.de\/newsroom\/wp-json\/wp\/v2\/comments?post=15027"}],"version-history":[{"count":2,"href":"https:\/\/www.pr-neu.de\/newsroom\/wp-json\/wp\/v2\/posts\/15027\/revisions"}],"predecessor-version":[{"id":17944,"href":"https:\/\/www.pr-neu.de\/newsroom\/wp-json\/wp\/v2\/posts\/15027\/revisions\/17944"}],"wp:featuredmedia":[{"embeddable":true,"href":"https:\/\/www.pr-neu.de\/newsroom\/wp-json\/wp\/v2\/media\/15028"}],"wp:attachment":[{"href":"https:\/\/www.pr-neu.de\/newsroom\/wp-json\/wp\/v2\/media?parent=15027"}],"wp:term":[{"taxonomy":"category","embeddable":true,"href":"https:\/\/www.pr-neu.de\/newsroom\/wp-json\/wp\/v2\/categories?post=15027"},{"taxonomy":"post_tag","embeddable":true,"href":"https:\/\/www.pr-neu.de\/newsroom\/wp-json\/wp\/v2\/tags?post=15027"}],"curies":[{"name":"wp","href":"https:\/\/api.w.org\/{rel}","templated":true}]}}