{"id":15015,"date":"2022-06-17T10:00:12","date_gmt":"2022-06-17T08:00:12","guid":{"rendered":"https:\/\/www.pr-neu.de\/newsroom\/?p=15015"},"modified":"2022-06-17T15:40:41","modified_gmt":"2022-06-17T13:40:41","slug":"wechsel-an-der-hanno-spitze","status":"publish","type":"post","link":"https:\/\/www.pr-neu.de\/newsroom\/wechsel-an-der-hanno-spitze\/","title":{"rendered":"Wechsel an der Hanno-Spitze"},"content":{"rendered":"<p><strong>G\u00fcnter Krohn, Gesch\u00e4ftsf\u00fchrer von Hanno (Laatzen), geht am 1. Juli 2022 in den Ruhestand. Ihm folgt Volker Brock, der zuletzt das Familienunternehmen Riedel Filtertechnik (Leopoldsh\u00f6he) leitete.<\/strong><\/p>\n<p>G\u00fcnter Krohn startete seine Hanno-Laufbahn 2008 als Gesch\u00e4ftsf\u00fchrer in Himberg (\u00d6sterreich), 2016 \u00fcbernahm er zus\u00e4tzlich die Leitung am deutschen Standort Laatzen. Seitdem hat er das Unternehmen erfolgreich weiter zu einem prosperierenden Betrieb mit famili\u00e4rer Unternehmenskultur entwickelt. Um aktuelle ebenso wie k\u00fcnftige Herausforderungen zu meistern und die Zukunftsf\u00e4higkeit Hannos zu sichern, trieb Krohn zahlreiche Projekte gemeinsam mit dem F\u00fchrungsteam voran \u2013 darunter der Ausbau des Laatzener Werks sowie strukturelle und personelle Weiterentwicklungen. In \u00fcber 14 Jahren bew\u00e4ltigte er einige Herausforderungen: \u201eBesonders bleibt mir das Jahr 2020 in Erinnerung, als es um den Verkauf des \u00f6sterreichischen Werks ging. Die Entscheidung fiel nicht leicht, war jedoch strategisch richtig\u201c, meint Krohn. An Hanno sch\u00e4tzt er vor allem die transparente, flexible Firmenstruktur und -organisation, das Teamwork vor Ort und den weitsichtigen Gesellschafterkreis \u2013 dem er zum Abschied dankende Worte entgegenbringt: \u201eMein Dank richtet sich an die Gesellschafterinnen und Gesellschafter, die entscheidend zum Hanno-Wachstum beigetragen und den Standort Laatzen unterst\u00fctzt haben. Gleiches gilt f\u00fcr alle Mitarbeitenden, die mir viele Jahre lang ihr Vertrauen geschenkt haben und auf deren Unterst\u00fctzung ich immer bauen konnte. Auch Partnern, Unterst\u00fctzern und Freunden m\u00f6chte ich f\u00fcr die vertrauensvolle Zusammenarbeit danken.\u201c Bei der Gesellschafterversammlung dankte der Hanno-Gesellschafterkreis Krohn f\u00fcr seinen unerm\u00fcdlichen und \u00fcberaus erfolgreichen Einsatz in den letzten 14 Jahren. F\u00fcr den neuen Lebensabschnitt hat er bereits Pl\u00e4ne: \u201eMein Ziel ist es, eine neue Balance zu finden \u2013 mehr Zeit mit der Familie und ein gesundes Ma\u00df an sportlicher und geistiger Aktivit\u00e4t.\u201c<\/p>\n<p>Die Nachfolge \u00fcbernimmt Volker Brock (53): Der Diplom- Wirtschafts- und Produktionstechnik-Ingenieur bringt langj\u00e4hrige Erfahrung in der Unternehmensf\u00fchrung und -entwicklung mit. Vor dem Wechsel zu Hanno arbeitete er als Gesch\u00e4ftsf\u00fchrer beim Familienunternehmen Riedel Filtertechnik (Leopoldsh\u00f6he) und der Firma Kelvion am Standort Sarstedt. Neben umfassender internationaler Erfahrung verf\u00fcgt Brock \u00fcber weitreichende Kenntnisse in der Markt-, Produktions- und Personalentwicklung. In seiner Freizeit geht der verheiratete Familienvater gern sportlichen Aktivit\u00e4ten nach, beispielsweise dem Joggen, Wandern oder Skilaufen. An die Arbeit von Krohn m\u00f6chte er ankn\u00fcpfen: \u201eIch freue mich sehr, den Erfolgspfad von G\u00fcnter Krohn gemeinsam mit dem Hanno-Team fortzuf\u00fchren und bin gespannt auf meine neuen Aufgaben.\u201c<\/p>\n<p>&nbsp;<\/p>\n<hr \/>\n<p>&nbsp;<\/p>\n<p style=\"text-align: center;\"><a href=\"http:\/\/www.pr-neu.de\/newsroom\/wordpress\/wp-content\/uploads\/2022\/06\/22-03_Geschaeftsfuehrerwechsel_K.jpg\" target=\"_blank\" rel=\"noopener\"><img loading=\"lazy\" decoding=\"async\" class=\"aligncenter wp-image-15018 size-medium\" src=\"http:\/\/www.pr-neu.de\/newsroom\/wordpress\/wp-content\/uploads\/2022\/06\/22-03_Geschaeftsfuehrerwechsel_K-300x200.jpg\" alt=\"\" width=\"300\" height=\"200\" srcset=\"https:\/\/www.pr-neu.de\/newsroom\/wordpress\/wp-content\/uploads\/2022\/06\/22-03_Geschaeftsfuehrerwechsel_K-300x200.jpg 300w, https:\/\/www.pr-neu.de\/newsroom\/wordpress\/wp-content\/uploads\/2022\/06\/22-03_Geschaeftsfuehrerwechsel_K-1024x683.jpg 1024w, https:\/\/www.pr-neu.de\/newsroom\/wordpress\/wp-content\/uploads\/2022\/06\/22-03_Geschaeftsfuehrerwechsel_K-768x512.jpg 768w, https:\/\/www.pr-neu.de\/newsroom\/wordpress\/wp-content\/uploads\/2022\/06\/22-03_Geschaeftsfuehrerwechsel_K-1536x1024.jpg 1536w, https:\/\/www.pr-neu.de\/newsroom\/wordpress\/wp-content\/uploads\/2022\/06\/22-03_Geschaeftsfuehrerwechsel_K-2048x1365.jpg 2048w, https:\/\/www.pr-neu.de\/newsroom\/wordpress\/wp-content\/uploads\/2022\/06\/22-03_Geschaeftsfuehrerwechsel_K-110x73.jpg 110w, https:\/\/www.pr-neu.de\/newsroom\/wordpress\/wp-content\/uploads\/2022\/06\/22-03_Geschaeftsfuehrerwechsel_K-420x280.jpg 420w, https:\/\/www.pr-neu.de\/newsroom\/wordpress\/wp-content\/uploads\/2022\/06\/22-03_Geschaeftsfuehrerwechsel_K-645x430.jpg 645w\" sizes=\"auto, (max-width: 300px) 100vw, 300px\" \/><\/a><\/p>\n<p style=\"text-align: center;\"><em>G\u00fcnter Krohn (links) tritt nach mehr als 14 Jahren<br \/>\nHanno-Gesch\u00e4ftsf\u00fchrung in den Ruhestand und<br \/>\ngratuliert Volker Brock (rechts) zur Nachfolge.<\/em><\/p>\n<p style=\"text-align: center;\">Bild: Hanno Werk GmbH &amp; Co. KG<\/p>\n<p>&nbsp;<\/p>\n<p style=\"text-align: center;\"><a href=\"http:\/\/www.pr-neu.de\/newsroom\/wordpress\/wp-content\/uploads\/2022\/06\/22-03_Volker_Brock_K.jpg\" target=\"_blank\" rel=\"noopener\"><img loading=\"lazy\" decoding=\"async\" class=\"aligncenter wp-image-15017 size-medium\" src=\"http:\/\/www.pr-neu.de\/newsroom\/wordpress\/wp-content\/uploads\/2022\/06\/22-03_Volker_Brock_K-200x300.jpg\" alt=\"\" width=\"200\" height=\"300\" srcset=\"https:\/\/www.pr-neu.de\/newsroom\/wordpress\/wp-content\/uploads\/2022\/06\/22-03_Volker_Brock_K-200x300.jpg 200w, https:\/\/www.pr-neu.de\/newsroom\/wordpress\/wp-content\/uploads\/2022\/06\/22-03_Volker_Brock_K-683x1024.jpg 683w, https:\/\/www.pr-neu.de\/newsroom\/wordpress\/wp-content\/uploads\/2022\/06\/22-03_Volker_Brock_K-768x1152.jpg 768w, https:\/\/www.pr-neu.de\/newsroom\/wordpress\/wp-content\/uploads\/2022\/06\/22-03_Volker_Brock_K-1024x1536.jpg 1024w, https:\/\/www.pr-neu.de\/newsroom\/wordpress\/wp-content\/uploads\/2022\/06\/22-03_Volker_Brock_K-1365x2048.jpg 1365w, https:\/\/www.pr-neu.de\/newsroom\/wordpress\/wp-content\/uploads\/2022\/06\/22-03_Volker_Brock_K-73x110.jpg 73w, https:\/\/www.pr-neu.de\/newsroom\/wordpress\/wp-content\/uploads\/2022\/06\/22-03_Volker_Brock_K-280x420.jpg 280w, https:\/\/www.pr-neu.de\/newsroom\/wordpress\/wp-content\/uploads\/2022\/06\/22-03_Volker_Brock_K-287x430.jpg 287w, https:\/\/www.pr-neu.de\/newsroom\/wordpress\/wp-content\/uploads\/2022\/06\/22-03_Volker_Brock_K.jpg 1600w\" sizes=\"auto, (max-width: 200px) 100vw, 200px\" \/><\/a><\/p>\n<p style=\"text-align: center;\"><em>Volker Brock ist neuer Gesch\u00e4ftsf\u00fchrer von Hanno.<\/em><\/p>\n<p style=\"text-align: center;\">Bild: Hanno Werk GmbH &amp; Co. KG<\/p>\n<p>&nbsp;<\/p>\n<hr \/>\n<p>&nbsp;<\/p>\n<p>Abdruck honorarfrei, Belegexemplar erbeten.<\/p>\n","protected":false},"excerpt":{"rendered":"<p>G\u00fcnter Krohn, Gesch\u00e4ftsf\u00fchrer von Hanno (Laatzen), geht am 1. Juli 2022 in den Ruhestand. Ihm folgt Volker Brock, der zuletzt das Familienunternehmen Riedel Filtertechnik (Leopoldsh\u00f6he) leitete.<\/p>\n","protected":false},"author":8,"featured_media":15018,"comment_status":"closed","ping_status":"open","sticky":false,"template":"","format":"standard","meta":{"footnotes":""},"categories":[655],"tags":[1863,1743,1751,1865],"class_list":["post-15015","post","type-post","status-publish","format-standard","has-post-thumbnail","hentry","category-hanno","tag-geschaeftsfuehrung","tag-hanno","tag-personalie","tag-personalwechsel"],"_links":{"self":[{"href":"https:\/\/www.pr-neu.de\/newsroom\/wp-json\/wp\/v2\/posts\/15015","targetHints":{"allow":["GET"]}}],"collection":[{"href":"https:\/\/www.pr-neu.de\/newsroom\/wp-json\/wp\/v2\/posts"}],"about":[{"href":"https:\/\/www.pr-neu.de\/newsroom\/wp-json\/wp\/v2\/types\/post"}],"author":[{"embeddable":true,"href":"https:\/\/www.pr-neu.de\/newsroom\/wp-json\/wp\/v2\/users\/8"}],"replies":[{"embeddable":true,"href":"https:\/\/www.pr-neu.de\/newsroom\/wp-json\/wp\/v2\/comments?post=15015"}],"version-history":[{"count":4,"href":"https:\/\/www.pr-neu.de\/newsroom\/wp-json\/wp\/v2\/posts\/15015\/revisions"}],"predecessor-version":[{"id":15021,"href":"https:\/\/www.pr-neu.de\/newsroom\/wp-json\/wp\/v2\/posts\/15015\/revisions\/15021"}],"wp:featuredmedia":[{"embeddable":true,"href":"https:\/\/www.pr-neu.de\/newsroom\/wp-json\/wp\/v2\/media\/15018"}],"wp:attachment":[{"href":"https:\/\/www.pr-neu.de\/newsroom\/wp-json\/wp\/v2\/media?parent=15015"}],"wp:term":[{"taxonomy":"category","embeddable":true,"href":"https:\/\/www.pr-neu.de\/newsroom\/wp-json\/wp\/v2\/categories?post=15015"},{"taxonomy":"post_tag","embeddable":true,"href":"https:\/\/www.pr-neu.de\/newsroom\/wp-json\/wp\/v2\/tags?post=15015"}],"curies":[{"name":"wp","href":"https:\/\/api.w.org\/{rel}","templated":true}]}}