{"id":15009,"date":"2022-06-14T10:02:39","date_gmt":"2022-06-14T08:02:39","guid":{"rendered":"https:\/\/www.pr-neu.de\/newsroom\/?p=15009"},"modified":"2022-06-14T10:05:40","modified_gmt":"2022-06-14T08:05:40","slug":"radondichte-bodensysteme","status":"publish","type":"post","link":"https:\/\/www.pr-neu.de\/newsroom\/radondichte-bodensysteme\/","title":{"rendered":"Radondichte Bodensysteme"},"content":{"rendered":"<p><!--MBNHE--><u>Radon-Schutz: Dichte L\u00f6sungen f\u00fcr jeden Boden<\/u><\/p>\n<p><strong>Um Geb\u00e4ude vor dem Eintritt des Gases Radon aus dem Erdboden zu sch\u00fctzen, m\u00fcssen sie \u2013 je nach Standort \u2013 besonders abgedichtet werden. Weil unterschiedliche Geb\u00e4ude daf\u00fcr verschiedene bautechnische L\u00f6sungen ben\u00f6tigen, hat StoCretec mehrere Bodensysteme auf Radondichtheit pr\u00fcfen lassen. Mit vier gepr\u00fcften Systemen steht so f\u00fcr nahezu jeden Anwendungsfall ein passender radondichter Aufbau zur Wahl, vom B\u00fcrogeb\u00e4ude \u00fcber die Tiefgarage bis zum Reinraum.<\/strong><\/p>\n<p>Radon ist ein radioaktives Gas, das in der Natur nahe der Erdoberfl\u00e4che vorkommt. Es kann \u00fcber Risse, Kabel- und Rohrsch\u00e4chte oder durchl\u00e4ssige Bodenplatten in Geb\u00e4ude eindringen und gilt als krebserregend (WHO). Da es farb-, geruchs- und geschmackslos ist, l\u00e4sst sich nur schwer feststellen, ob ein Geb\u00e4ude radonbelastet ist \u2013 wer aber \u00fcber l\u00e4ngere Zeit radonbelasteter Raumluft ausgesetzt ist, tr\u00e4gt ein erh\u00f6htes Risiko, an Lungenkrebs zu erkranken. Daher fordert das Bundesamt f\u00fcr Strahlenschutz (BfS), in Gebieten mit erh\u00f6hter Radonkonzentration unter anderem Wohngeb\u00e4ude und Arbeitspl\u00e4tze baulich zu sch\u00fctzen, um diese Gefahr zu senken.<\/p>\n<p><strong>Gepr\u00fcfte Sicherheit<\/strong><\/p>\n<p>Das Institut IAF-Radio\u00f6kologie Radeberg hat verschiedene Beschichtungssysteme f\u00fcr Betonb\u00f6den und W\u00e4nde von StoCretec gepr\u00fcft und als dauerhaft radondicht eingestuft.<\/p>\n<p><u>Allrounder StoPox BB OS<\/u><br \/>\nStoPox BB OS ist eine emissionsarme, radondichte Bodenbeschichtung, die sich f\u00fcr verschiedene Anwendungsbereiche eignet. Das Epoxidharz wird als farbige Standardbeschichtung f\u00fcr Industrieb\u00f6den (auch in der Automobilindustrie) eingesetzt. Weiterhin dient es im Oberfl\u00e4chenschutzsystem StoCretec OS 8 f\u00fcr Parkbauten als farbige Deckversiegelung und ist Bestandteil des Reinraumsystems StoFloor Cleanroom BB OS.<\/p>\n<p><u>Radondichte Wandfl\u00e4chen<\/u><br \/>\nAuch \u00fcber Wandfl\u00e4chen kann Radon in Innenr\u00e4ume gelangen. Das starre und emissionsarme Cleanroom Wall\/Ceiling System 1 mit den Epoxidharzen StoPox WB 50 und StoPox WL 100 dichtet Wandfl\u00e4chen zuverl\u00e4ssig ab. Das System wird haupts\u00e4chlich zur Beschichtung von W\u00e4nden und Decken in Reinr\u00e4umen eingesetzt.<\/p>\n<p><u>Tiefgaragen<\/u><br \/>\nAls gepr\u00fcft radondichte L\u00f6sungen f\u00fcr Tiefgaragen f\u00fchrt StoCretec die Parkhaussysteme StoFloor Traffic Elastic 590 EP im Aufbau StoCretec OS 8.15 und StoFloor Traffic Elastic TEP MultiTop im Aufbau StoCretec OS 11b.5-1 im Programm. Beide Systeme sind hoch verschlei\u00dffest und riss\u00fcberbr\u00fcckend. StoFloor Traffic Elastic 590 EP eignet sich besonders f\u00fcr WU-Beton-Bodenplatten.<\/p>\n<p>Generell lassen sich die StoCretec-B\u00f6den einfach einbauen. Arbeitszeit, baulicher Aufwand und Kosten bleiben \u00fcberschaubar. Die B\u00f6den verhindern das Eindringen von Radon in ein Geb\u00e4ude und sch\u00fctzen so vor den gesundheitlichen Risiken.<\/p>\n<p>&nbsp;<\/p>\n<hr \/>\n<p>&nbsp;<\/p>\n<p><strong>Hintergrund: Hier ist mit Gefahr durch Radon zu rechnen<\/strong><\/p>\n<p>Zur Einsch\u00e4tzung der regionalen Radonbelastung hat das Bundesamt f\u00fcr Strahlenschutz (BfS) eine \u201eRadon-Karte\u201c f\u00fcr Deutschland ver\u00f6ffentlicht. Sie zeigt die Radon-Konzentration im Boden in einem Meter Tiefe sowie die potenzielle Radon-belastung in Geb\u00e4uden. Hierf\u00fcr wurden Messdaten von 1992 bis 2020 sowie Informationen zu Geologie, Bodeneigenschaften und Klima ausgewertet. Zwar l\u00e4sst sich die tats\u00e4chliche Radonkonzentration in einem spezifischen Geb\u00e4ude nur auf Basis dieser Karte nicht ermitteln, sie gibt aber Hinweise, wo Radon-Messungen sinnvoll und angeraten sind (s. bfs.de).<\/p>\n<p>&nbsp;<\/p>\n<hr \/>\n<p>&nbsp;<\/p>\n<p><a href=\"http:\/\/www.pr-neu.de\/newsroom\/wordpress\/wp-content\/uploads\/2022\/06\/22-08_Radon_Schutz_Tiefgarage_K.jpg\" target=\"_blank\" rel=\"noopener\"><img loading=\"lazy\" decoding=\"async\" class=\"aligncenter wp-image-15011 size-medium\" src=\"http:\/\/www.pr-neu.de\/newsroom\/wordpress\/wp-content\/uploads\/2022\/06\/22-08_Radon_Schutz_Tiefgarage_K-300x200.jpg\" alt=\"\" width=\"300\" height=\"200\" srcset=\"https:\/\/www.pr-neu.de\/newsroom\/wordpress\/wp-content\/uploads\/2022\/06\/22-08_Radon_Schutz_Tiefgarage_K-300x200.jpg 300w, https:\/\/www.pr-neu.de\/newsroom\/wordpress\/wp-content\/uploads\/2022\/06\/22-08_Radon_Schutz_Tiefgarage_K-1024x683.jpg 1024w, https:\/\/www.pr-neu.de\/newsroom\/wordpress\/wp-content\/uploads\/2022\/06\/22-08_Radon_Schutz_Tiefgarage_K-768x512.jpg 768w, https:\/\/www.pr-neu.de\/newsroom\/wordpress\/wp-content\/uploads\/2022\/06\/22-08_Radon_Schutz_Tiefgarage_K-1536x1025.jpg 1536w, https:\/\/www.pr-neu.de\/newsroom\/wordpress\/wp-content\/uploads\/2022\/06\/22-08_Radon_Schutz_Tiefgarage_K-2048x1366.jpg 2048w, https:\/\/www.pr-neu.de\/newsroom\/wordpress\/wp-content\/uploads\/2022\/06\/22-08_Radon_Schutz_Tiefgarage_K-110x73.jpg 110w, https:\/\/www.pr-neu.de\/newsroom\/wordpress\/wp-content\/uploads\/2022\/06\/22-08_Radon_Schutz_Tiefgarage_K-420x280.jpg 420w, https:\/\/www.pr-neu.de\/newsroom\/wordpress\/wp-content\/uploads\/2022\/06\/22-08_Radon_Schutz_Tiefgarage_K-645x430.jpg 645w\" sizes=\"auto, (max-width: 300px) 100vw, 300px\" \/><\/a><\/p>\n<p style=\"text-align: center;\">Tiefgaragen liegen oft unter Wohn- oder B\u00fcrogeb\u00e4uden, die gegen das Eindringen von Radon zu sch\u00fctzen sind, zum Beispiel mit dem radondicht gepr\u00fcften System StoFloor Traffic Elastic 590 EP.<br \/>\nBild: Photomax \u2013 Dietmar Flach \/ StoCretec GmbH<\/p>\n<p>&nbsp;<\/p>\n<p><a href=\"http:\/\/www.pr-neu.de\/newsroom\/wordpress\/wp-content\/uploads\/2022\/06\/22-08_Radon_Schutz_Buero_K.jpg\" target=\"_blank\" rel=\"noopener\"><img loading=\"lazy\" decoding=\"async\" class=\"aligncenter wp-image-15010 size-medium\" src=\"http:\/\/www.pr-neu.de\/newsroom\/wordpress\/wp-content\/uploads\/2022\/06\/22-08_Radon_Schutz_Buero_K-300x200.jpg\" alt=\"\" width=\"300\" height=\"200\" srcset=\"https:\/\/www.pr-neu.de\/newsroom\/wordpress\/wp-content\/uploads\/2022\/06\/22-08_Radon_Schutz_Buero_K-300x200.jpg 300w, https:\/\/www.pr-neu.de\/newsroom\/wordpress\/wp-content\/uploads\/2022\/06\/22-08_Radon_Schutz_Buero_K-1024x683.jpg 1024w, https:\/\/www.pr-neu.de\/newsroom\/wordpress\/wp-content\/uploads\/2022\/06\/22-08_Radon_Schutz_Buero_K-768x512.jpg 768w, https:\/\/www.pr-neu.de\/newsroom\/wordpress\/wp-content\/uploads\/2022\/06\/22-08_Radon_Schutz_Buero_K-1536x1024.jpg 1536w, https:\/\/www.pr-neu.de\/newsroom\/wordpress\/wp-content\/uploads\/2022\/06\/22-08_Radon_Schutz_Buero_K-2048x1365.jpg 2048w, https:\/\/www.pr-neu.de\/newsroom\/wordpress\/wp-content\/uploads\/2022\/06\/22-08_Radon_Schutz_Buero_K-110x73.jpg 110w, https:\/\/www.pr-neu.de\/newsroom\/wordpress\/wp-content\/uploads\/2022\/06\/22-08_Radon_Schutz_Buero_K-420x280.jpg 420w, https:\/\/www.pr-neu.de\/newsroom\/wordpress\/wp-content\/uploads\/2022\/06\/22-08_Radon_Schutz_Buero_K-645x430.jpg 645w\" sizes=\"auto, (max-width: 300px) 100vw, 300px\" \/><\/a><\/p>\n<p style=\"text-align: center;\">Um B\u00fcros und Aufenthaltsbereiche radondicht auszuf\u00fchren, bietet sich die Standardbeschichtung StoPox BB OS an.<br \/>\nBild: Oliver Hallwirth \/ StoCretec GmbH<\/p>\n<p>&nbsp;<\/p>\n<hr \/>\n<p>&nbsp;<\/p>\n<p>Abdruck honorarfrei, Belegexemplar erbeten.<\/p>\n","protected":false},"excerpt":{"rendered":"<p>Radon-Schutz: Dichte L\u00f6sungen f\u00fcr jeden Boden Um Geb\u00e4ude vor dem Eintritt des Gases Radon aus dem Erdboden zu sch\u00fctzen, m\u00fcssen sie \u2013 je nach Standort \u2013 besonders abgedichtet werden. Weil unterschiedliche Geb\u00e4ude daf\u00fcr verschiedene bautechnische L\u00f6sungen ben\u00f6tigen, hat StoCretec mehrere Bodensysteme auf Radondichtheit pr\u00fcfen lassen. Mit vier gepr\u00fcften Systemen steht so f\u00fcr nahezu jeden Anwendungsfall [&hellip;]<\/p>\n","protected":false},"author":9,"featured_media":15011,"comment_status":"closed","ping_status":"open","sticky":false,"template":"","format":"standard","meta":{"footnotes":""},"categories":[16],"tags":[92,99,1859,1861,516,1857],"class_list":["post-15009","post","type-post","status-publish","format-standard","has-post-thumbnail","hentry","category-stocretec","tag-bodenbeschichtung","tag-buro","tag-radon","tag-radondicht","tag-stocretec","tag-tiefgarage"],"_links":{"self":[{"href":"https:\/\/www.pr-neu.de\/newsroom\/wp-json\/wp\/v2\/posts\/15009","targetHints":{"allow":["GET"]}}],"collection":[{"href":"https:\/\/www.pr-neu.de\/newsroom\/wp-json\/wp\/v2\/posts"}],"about":[{"href":"https:\/\/www.pr-neu.de\/newsroom\/wp-json\/wp\/v2\/types\/post"}],"author":[{"embeddable":true,"href":"https:\/\/www.pr-neu.de\/newsroom\/wp-json\/wp\/v2\/users\/9"}],"replies":[{"embeddable":true,"href":"https:\/\/www.pr-neu.de\/newsroom\/wp-json\/wp\/v2\/comments?post=15009"}],"version-history":[{"count":2,"href":"https:\/\/www.pr-neu.de\/newsroom\/wp-json\/wp\/v2\/posts\/15009\/revisions"}],"predecessor-version":[{"id":15013,"href":"https:\/\/www.pr-neu.de\/newsroom\/wp-json\/wp\/v2\/posts\/15009\/revisions\/15013"}],"wp:featuredmedia":[{"embeddable":true,"href":"https:\/\/www.pr-neu.de\/newsroom\/wp-json\/wp\/v2\/media\/15011"}],"wp:attachment":[{"href":"https:\/\/www.pr-neu.de\/newsroom\/wp-json\/wp\/v2\/media?parent=15009"}],"wp:term":[{"taxonomy":"category","embeddable":true,"href":"https:\/\/www.pr-neu.de\/newsroom\/wp-json\/wp\/v2\/categories?post=15009"},{"taxonomy":"post_tag","embeddable":true,"href":"https:\/\/www.pr-neu.de\/newsroom\/wp-json\/wp\/v2\/tags?post=15009"}],"curies":[{"name":"wp","href":"https:\/\/api.w.org\/{rel}","templated":true}]}}