{"id":14989,"date":"2022-05-30T09:37:36","date_gmt":"2022-05-30T07:37:36","guid":{"rendered":"https:\/\/www.pr-neu.de\/newsroom\/?p=14989"},"modified":"2022-05-30T16:28:45","modified_gmt":"2022-05-30T14:28:45","slug":"holz-auf-holz","status":"publish","type":"post","link":"https:\/\/www.pr-neu.de\/newsroom\/holz-auf-holz\/","title":{"rendered":"\u201eHolz\u201c auf Holz"},"content":{"rendered":"<p><!--MBNHE--><u>StoCleyer W auf StoTherm Wood<\/u><\/p>\n<p><!--MBNHE-->Die Fassadenpaneele StoCleyer W sehen aus wie echtes Holz, erfordern aber deutlich weniger Pflege. Die bereits seit l\u00e4ngerem erfolgreichen Paneele (fr\u00fcher: StoVeneer Wood) sind nun auch f\u00fcr das WDVS StoTherm Wood allgemein bauaufsichtlich zugelassen. Die Zulassung (Z-33.47-659) best\u00e4tigt den Einsatz von StoCleyer W auf dem \u00f6kologischen D\u00e4mmsystem StoTherm Wood, das auf einer D\u00e4mmplatte aus Holzweichfasern aus nachhaltiger Forstwirtschaft basiert. Die Fassadenpaneele in Holz-Optik sind eine wirtschaftliche, einfach zu realisierende und pflegeleichte Alternative zu Echtholz. Im Vergleich zu diesem ben\u00f6tigen sie keine regelm\u00e4\u00dfige Wartung und bieten Holzsch\u00e4dlingen keinen Lebensraum. Ihre unterschiedlichen Maserungen bekommen die 200 x 16 Zentimeter gro\u00dfen Paneele bereits werkseitig. Sie werden dann als Bestandteil eines WDVS vollfl\u00e4chig auf dem Unterputz verklebt. Im Gegensatz zu Echtholz- oder Kunststoff-Paneelen ben\u00f6tigen sie keine Unterkonstruktion oder komplizierten Detailanschl\u00fcsse. Ein abschlie\u00dfender zweifacher Anstrich \u2013 lasierend oder deckend \u2013 stellt einen langfristigen Witterungsschutz sicher.<br \/>\nWeitere Informationen unter stoindustrie.de.<\/p>\n<p>&nbsp;<\/p>\n<hr \/>\n<p>&nbsp;<\/p>\n<p><a href=\"http:\/\/www.pr-neu.de\/newsroom\/wordpress\/wp-content\/uploads\/2022\/05\/22_14_StoCleyer_K.jpg\" target=\"_blank\" rel=\"noopener\"><img loading=\"lazy\" decoding=\"async\" class=\"aligncenter wp-image-14990 size-medium\" src=\"http:\/\/www.pr-neu.de\/newsroom\/wordpress\/wp-content\/uploads\/2022\/05\/22_14_StoCleyer_K-300x229.jpg\" alt=\"\" width=\"300\" height=\"229\" srcset=\"https:\/\/www.pr-neu.de\/newsroom\/wordpress\/wp-content\/uploads\/2022\/05\/22_14_StoCleyer_K-300x229.jpg 300w, https:\/\/www.pr-neu.de\/newsroom\/wordpress\/wp-content\/uploads\/2022\/05\/22_14_StoCleyer_K-1024x783.jpg 1024w, https:\/\/www.pr-neu.de\/newsroom\/wordpress\/wp-content\/uploads\/2022\/05\/22_14_StoCleyer_K-768x587.jpg 768w, https:\/\/www.pr-neu.de\/newsroom\/wordpress\/wp-content\/uploads\/2022\/05\/22_14_StoCleyer_K-1536x1174.jpg 1536w, https:\/\/www.pr-neu.de\/newsroom\/wordpress\/wp-content\/uploads\/2022\/05\/22_14_StoCleyer_K-2048x1566.jpg 2048w, https:\/\/www.pr-neu.de\/newsroom\/wordpress\/wp-content\/uploads\/2022\/05\/22_14_StoCleyer_K-110x84.jpg 110w, https:\/\/www.pr-neu.de\/newsroom\/wordpress\/wp-content\/uploads\/2022\/05\/22_14_StoCleyer_K-420x321.jpg 420w, https:\/\/www.pr-neu.de\/newsroom\/wordpress\/wp-content\/uploads\/2022\/05\/22_14_StoCleyer_K-562x430.jpg 562w\" sizes=\"auto, (max-width: 300px) 100vw, 300px\" \/><\/a><\/p>\n<p style=\"text-align: center;\">StoCleyer W (fr\u00fcher: StoVeneer Wood) ist von Holz kaum zu unterscheiden und h\u00e4lt und h\u00e4lt und h\u00e4lt.<br \/>\nBild: Sto SE &amp; Co. KGaA<\/p>\n<p>&nbsp;<\/p>\n<hr \/>\n<p>&nbsp;<\/p>\n<p>Abdruck honorarfrei, Belegexemplar erbeten.<\/p>\n","protected":false},"excerpt":{"rendered":"<p>StoCleyer W auf StoTherm Wood Die Fassadenpaneele StoCleyer W sehen aus wie echtes Holz, erfordern aber deutlich weniger Pflege. Die bereits seit l\u00e4ngerem erfolgreichen Paneele (fr\u00fcher: StoVeneer Wood) sind nun auch f\u00fcr das WDVS StoTherm Wood allgemein bauaufsichtlich zugelassen. Die Zulassung (Z-33.47-659) best\u00e4tigt den Einsatz von StoCleyer W auf dem \u00f6kologischen D\u00e4mmsystem StoTherm Wood, das [&hellip;]<\/p>\n","protected":false},"author":9,"featured_media":14990,"comment_status":"closed","ping_status":"open","sticky":false,"template":"","format":"standard","meta":{"footnotes":""},"categories":[15],"tags":[124,187,189,504,621,627],"class_list":["post-14989","post","type-post","status-publish","format-standard","has-post-thumbnail","hentry","category-sto","tag-dammung","tag-fassade","tag-fassadendammung","tag-sto-2","tag-warmedammung","tag-wdvs"],"_links":{"self":[{"href":"https:\/\/www.pr-neu.de\/newsroom\/wp-json\/wp\/v2\/posts\/14989","targetHints":{"allow":["GET"]}}],"collection":[{"href":"https:\/\/www.pr-neu.de\/newsroom\/wp-json\/wp\/v2\/posts"}],"about":[{"href":"https:\/\/www.pr-neu.de\/newsroom\/wp-json\/wp\/v2\/types\/post"}],"author":[{"embeddable":true,"href":"https:\/\/www.pr-neu.de\/newsroom\/wp-json\/wp\/v2\/users\/9"}],"replies":[{"embeddable":true,"href":"https:\/\/www.pr-neu.de\/newsroom\/wp-json\/wp\/v2\/comments?post=14989"}],"version-history":[{"count":2,"href":"https:\/\/www.pr-neu.de\/newsroom\/wp-json\/wp\/v2\/posts\/14989\/revisions"}],"predecessor-version":[{"id":14992,"href":"https:\/\/www.pr-neu.de\/newsroom\/wp-json\/wp\/v2\/posts\/14989\/revisions\/14992"}],"wp:featuredmedia":[{"embeddable":true,"href":"https:\/\/www.pr-neu.de\/newsroom\/wp-json\/wp\/v2\/media\/14990"}],"wp:attachment":[{"href":"https:\/\/www.pr-neu.de\/newsroom\/wp-json\/wp\/v2\/media?parent=14989"}],"wp:term":[{"taxonomy":"category","embeddable":true,"href":"https:\/\/www.pr-neu.de\/newsroom\/wp-json\/wp\/v2\/categories?post=14989"},{"taxonomy":"post_tag","embeddable":true,"href":"https:\/\/www.pr-neu.de\/newsroom\/wp-json\/wp\/v2\/tags?post=14989"}],"curies":[{"name":"wp","href":"https:\/\/api.w.org\/{rel}","templated":true}]}}