{"id":14970,"date":"2022-05-11T10:38:18","date_gmt":"2022-05-11T08:38:18","guid":{"rendered":"https:\/\/www.pr-neu.de\/newsroom\/?p=14970"},"modified":"2022-05-30T16:31:22","modified_gmt":"2022-05-30T14:31:22","slug":"schneller-montiert-waermedaemmbloecke","status":"publish","type":"post","link":"https:\/\/www.pr-neu.de\/newsroom\/schneller-montiert-waermedaemmbloecke\/","title":{"rendered":"Schneller montiert: W\u00e4rmed\u00e4mmbl\u00f6cke"},"content":{"rendered":"<p><u>Loro: Neue W\u00e4rmed\u00e4mmbl\u00f6cke f\u00fcr Attika-Direkt-Abl\u00e4ufe<\/u><\/p>\n<p>Loro erweitert sein Sortiment um vorkonfektionierte W\u00e4rmed\u00e4mmbl\u00f6cke, exakt angepasst an die Formteile f\u00fcr die Attika-Abl\u00e4ufe (wie \u201eLoro-Duoflux\u201c). Die Formst\u00fccke aus Polystyrol f\u00fcgen sich optimal in die W\u00e4rmed\u00e4mmung des Flachdachs ein. So sorgen sie f\u00fcr eine einheitliche, nahezu w\u00e4rmebr\u00fcckenfreie Gef\u00e4lled\u00e4mmung des Dachs: Sie minimieren W\u00e4rmeverluste und tragen so zum Energiesparen bei. Durch die werkseitige Fertigung der Elemente erfolgt die Montage auf der Baustelle schnell, einfach und sicher. Sie ersparen die aufw\u00e4ndigen Zuschneide-Arbeiten, wodurch auch keine Abf\u00e4lle durch Verschnitt mehr anfallen.<\/p>\n<p>&nbsp;<\/p>\n<hr \/>\n<p>&nbsp;<\/p>\n<p><a href=\"http:\/\/www.pr-neu.de\/newsroom\/wordpress\/wp-content\/uploads\/2022\/05\/22-06_Warmedaemmbloecke_K.jpg\" target=\"_blank\" rel=\"noopener\"><img loading=\"lazy\" decoding=\"async\" class=\"wp-image-14971 size-medium aligncenter\" src=\"http:\/\/www.pr-neu.de\/newsroom\/wordpress\/wp-content\/uploads\/2022\/05\/22-06_Warmedaemmbloecke_K-300x300.jpg\" alt=\"\" width=\"300\" height=\"300\" srcset=\"https:\/\/www.pr-neu.de\/newsroom\/wordpress\/wp-content\/uploads\/2022\/05\/22-06_Warmedaemmbloecke_K-300x300.jpg 300w, https:\/\/www.pr-neu.de\/newsroom\/wordpress\/wp-content\/uploads\/2022\/05\/22-06_Warmedaemmbloecke_K-1024x1024.jpg 1024w, https:\/\/www.pr-neu.de\/newsroom\/wordpress\/wp-content\/uploads\/2022\/05\/22-06_Warmedaemmbloecke_K-150x150.jpg 150w, https:\/\/www.pr-neu.de\/newsroom\/wordpress\/wp-content\/uploads\/2022\/05\/22-06_Warmedaemmbloecke_K-768x768.jpg 768w, https:\/\/www.pr-neu.de\/newsroom\/wordpress\/wp-content\/uploads\/2022\/05\/22-06_Warmedaemmbloecke_K-1536x1536.jpg 1536w, https:\/\/www.pr-neu.de\/newsroom\/wordpress\/wp-content\/uploads\/2022\/05\/22-06_Warmedaemmbloecke_K-2048x2048.jpg 2048w, https:\/\/www.pr-neu.de\/newsroom\/wordpress\/wp-content\/uploads\/2022\/05\/22-06_Warmedaemmbloecke_K-250x250.jpg 250w, https:\/\/www.pr-neu.de\/newsroom\/wordpress\/wp-content\/uploads\/2022\/05\/22-06_Warmedaemmbloecke_K-125x125.jpg 125w, https:\/\/www.pr-neu.de\/newsroom\/wordpress\/wp-content\/uploads\/2022\/05\/22-06_Warmedaemmbloecke_K-110x110.jpg 110w, https:\/\/www.pr-neu.de\/newsroom\/wordpress\/wp-content\/uploads\/2022\/05\/22-06_Warmedaemmbloecke_K-420x420.jpg 420w, https:\/\/www.pr-neu.de\/newsroom\/wordpress\/wp-content\/uploads\/2022\/05\/22-06_Warmedaemmbloecke_K-430x430.jpg 430w\" sizes=\"auto, (max-width: 300px) 100vw, 300px\" \/><\/a><\/p>\n<p style=\"text-align: center;\">W\u00e4rmed\u00e4mmblock von Loro zur schnellen Einbindung von Attika-Abl\u00e4ufen in die Flachdachd\u00e4mmung.<\/p>\n<p style=\"text-align: center;\">Bild: LOROWERK K.H.Vahlbrauk GmbH &amp; Co. KG<\/p>\n<p>&nbsp;<\/p>\n<hr \/>\n<p>&nbsp;<\/p>\n<p>Abdruck honorarfrei, Belegexemplar erbeten.<\/p>\n","protected":false},"excerpt":{"rendered":"<p>Loro: Neue W\u00e4rmed\u00e4mmbl\u00f6cke f\u00fcr Attika-Direkt-Abl\u00e4ufe Loro erweitert sein Sortiment um vorkonfektionierte W\u00e4rmed\u00e4mmbl\u00f6cke, exakt angepasst an die Formteile f\u00fcr die Attika-Abl\u00e4ufe (wie \u201eLoro-Duoflux\u201c). Die Formst\u00fccke aus Polystyrol f\u00fcgen sich optimal in die W\u00e4rmed\u00e4mmung des Flachdachs ein. So sorgen sie f\u00fcr eine einheitliche, nahezu w\u00e4rmebr\u00fcckenfreie Gef\u00e4lled\u00e4mmung des Dachs: Sie minimieren W\u00e4rmeverluste und tragen so zum Energiesparen bei. [&hellip;]<\/p>\n","protected":false},"author":9,"featured_media":14971,"comment_status":"closed","ping_status":"open","sticky":false,"template":"","format":"standard","meta":{"footnotes":""},"categories":[1531],"tags":[1837,124,1673,1671,1669,1835],"class_list":["post-14970","post","type-post","status-publish","format-standard","has-post-thumbnail","hentry","category-loro","tag-attika","tag-dammung","tag-entwaesserung","tag-flachdach","tag-loro","tag-waermedaemmbloecke"],"_links":{"self":[{"href":"https:\/\/www.pr-neu.de\/newsroom\/wp-json\/wp\/v2\/posts\/14970","targetHints":{"allow":["GET"]}}],"collection":[{"href":"https:\/\/www.pr-neu.de\/newsroom\/wp-json\/wp\/v2\/posts"}],"about":[{"href":"https:\/\/www.pr-neu.de\/newsroom\/wp-json\/wp\/v2\/types\/post"}],"author":[{"embeddable":true,"href":"https:\/\/www.pr-neu.de\/newsroom\/wp-json\/wp\/v2\/users\/9"}],"replies":[{"embeddable":true,"href":"https:\/\/www.pr-neu.de\/newsroom\/wp-json\/wp\/v2\/comments?post=14970"}],"version-history":[{"count":4,"href":"https:\/\/www.pr-neu.de\/newsroom\/wp-json\/wp\/v2\/posts\/14970\/revisions"}],"predecessor-version":[{"id":17040,"href":"https:\/\/www.pr-neu.de\/newsroom\/wp-json\/wp\/v2\/posts\/14970\/revisions\/17040"}],"wp:featuredmedia":[{"embeddable":true,"href":"https:\/\/www.pr-neu.de\/newsroom\/wp-json\/wp\/v2\/media\/14971"}],"wp:attachment":[{"href":"https:\/\/www.pr-neu.de\/newsroom\/wp-json\/wp\/v2\/media?parent=14970"}],"wp:term":[{"taxonomy":"category","embeddable":true,"href":"https:\/\/www.pr-neu.de\/newsroom\/wp-json\/wp\/v2\/categories?post=14970"},{"taxonomy":"post_tag","embeddable":true,"href":"https:\/\/www.pr-neu.de\/newsroom\/wp-json\/wp\/v2\/tags?post=14970"}],"curies":[{"name":"wp","href":"https:\/\/api.w.org\/{rel}","templated":true}]}}