{"id":14957,"date":"2022-04-26T15:35:59","date_gmt":"2022-04-26T13:35:59","guid":{"rendered":"https:\/\/www.pr-neu.de\/newsroom\/?p=14957"},"modified":"2022-05-30T09:38:05","modified_gmt":"2022-05-30T07:38:05","slug":"nachruf-fritz-stotmeister","status":"publish","type":"post","link":"https:\/\/www.pr-neu.de\/newsroom\/nachruf-fritz-stotmeister\/","title":{"rendered":"Sto-Firmengruppe trauert um Fritz Stotmeister"},"content":{"rendered":"<p><u>Nachruf<\/u><\/p>\n<p>&nbsp;<\/p>\n<p><u>St\u00fchlinger Unternehmer stirbt im Alter von 94 Jahren<\/u><\/p>\n<p><strong>St\u00fchlingen-Weizen.<\/strong> Am 21. April 2022 verstarb Sto-Firmengr\u00fcnder Fritz Stotmeister im Alter von 94 Jahren. Um den badischen Unternehmer und Ehrenvorsitzenden des Aufsichtsrats trauern seine Familie und die Mitarbeiter der Sto-Gruppe. \u201eEin Leben, welches strahlendes Gl\u00fcck und bitteren Schmerz sah, ist zu Ende gegangen. In tiefer Trauer nehmen wir Abschied von unserem Vater und der pr\u00e4genden Pers\u00f6nlichkeit unseres Unternehmens. Er ist in seinem Haus entschlafen und hat sein erf\u00fclltes Leben in Frieden beenden d\u00fcrfen\u201c, schreibt sein \u00e4ltester Sohn Jochen Stotmeister, Vorsitzender des Aufsichtsrats der STO Management SE.<\/p>\n<p>Wie kaum ein Zweiter hat Fritz Stotmeister das s\u00fcdbadische Unternehmen und damit auch die Baubranche gepr\u00e4gt. Unter seiner Leitung wuchs Sto vom regionalen Putz- und Farbenhersteller zu einer international f\u00fchrenden Unternehmensgruppe, die heute 50 Tochtergesellschaften in 38 L\u00e4ndern z\u00e4hlt und \u00fcber 5.700 Mitarbeiter besch\u00e4ftigt. Seine Pers\u00f6nlichkeit pr\u00e4gt die Werte des Unternehmens bis zum heutigen Tag: Ein pers\u00f6nliches Miteinander, das auf gegenseitiger Hilfsbereitschaft, Respekt und Disziplin beruht, lag ihm sehr am Herzen. So schuf er ein au\u00dfergew\u00f6hnliches Unternehmensklima, in dem sich Kunden und Mitarbeiter als Teil der \u201eSto-Familie\u201c f\u00fchlten.<\/p>\n<p><strong>Die Geburtsstunde des gelben Eimers<\/strong><\/p>\n<p>Geboren 1927 in Villingen, legt Fritz Stotmeister 1943 das Notabitur ab, wird als Luftwaffenhelfer zum Arbeitsdienst zur Wehrmacht eingezogen und ger\u00e4t 1945 in Gefangenschaft. Weil in der Bundesrepublik ein Numerus Clausus sein Wunschstudium der Architektur verhindert, tritt er in das Unternehmen seines Vaters Wilhelm Stotmeister ein, eine Firma mit Namen \u201eCement- und Kalkwerk Weizen Stotmeister &amp; Cie.\u201c Als Anfang der 1950er Jahre die Nachfrage nach Kalk zur\u00fcckgeht, beginnt die Suche nach neuen Produkten. 1954 entdeckt Fritz Stotmeister eine Zeitungsanzeige, in der nach einem Lizenznehmer f\u00fcr einen neuartigen organisch gebundenen Putz gesucht wird. Er beweist den richtigen \u201eRiecher\u201c und \u00fcberzeugt seinen Vater, zu investieren. Mit einer Anekdote blickte er gerne auf die Anf\u00e4nge zur\u00fcck: \u201eZu Dritt fing alles an: Einer, der den Putz in einem ehemaligen Ziegenstall anr\u00fchrte \u2013 Wilhelm Hamburger. Ein Zweiter, der als Vorf\u00fchrmeister den Handwerkern zeigte, wie es geht \u2013 Fritz Stotmeister. Und der Dritte, der den Putz verkaufte \u2013 das war auch Fritz Stotmeister.\u201c<\/p>\n<p>Der mutige Start unterstreicht den Pioniergeist der damaligen Zeit \u2013 mit Verkaufstouren im VW-K\u00e4fer, um die Handwerker vom neuen Produkt zu \u00fcberzeugen. Massiv unterst\u00fctzt wird er von seiner Ehefrau Ingeborg (\u2020 2.9.1979), der Mutter seiner vier Kinder, mit der er seit 1948 verheiratet war. Das neue Material geht schnell auf Erfolgskurs. Schon im ersten Jahr liegt der Umsatz bei 320.000 DM. 1962 wird aus den Anf\u00e4ngen die &#8222;Stotmeister &amp; Co. Farben- und Baustoff-KG&#8220; und die Marke &#8222;Sto&#8220; ist geboren \u2013 inklusive des ikonischen gelben Eimers. Zwei Jahre sp\u00e4ter startet Stotmeister die Markteinf\u00fchrung von \u201eStoTherm Classic\u201c \u2013 und damit die Geschichte der Fassadend\u00e4mmung, die sich bald zum Kern-Gesch\u00e4ftsfeld von Sto entwickelt.<\/p>\n<p>1988 baut er das stark gewachsene Unternehmen in eine Aktiengesellschaft um, dessen Vorstandsvorsitz sein Sohn Jochen Stotmeister \u00fcbernimmt. Er selbst wird Vorsitzender des Aufsichtsrates. 1992 folgt der sehr erfolgreiche Gang an die B\u00f6rse. 1998 wird sein zweiter Sohn Gerd Stotmeister zum Vorstand Technik berufen. Nach 14 Jahren als Vorsitzender im Aufsichtsrat geht der verdiente Unternehmer 2002 in Pension \u2013 und bleibt als Ehrenvorsitzender seinem Lebenswerk weiterhin verbunden. Auch \u201eseine\u201c Branche hat Fritz Stotmeister nachhaltig gepr\u00e4gt, insbesondere im Verband der Lackindustrie: 1967 bis 1992 als VdL-Vorstand der Bezirksgruppe Baden-W\u00fcrttemberg, 1982 bis 1989 als stellvertretender Vorsitzender des VdL-Beirats Baden-W\u00fcrttemberg. Auf Bundesebene geh\u00f6rte er dem Vorstand von 1989 bis 1995 an, seit 1995 Ehrenmitglied.<\/p>\n<p><strong>Ein Leben zwischen Firma und Familie<\/strong><\/p>\n<p><strong>\u00a0<\/strong>Fritz Stotmeister war ein Mensch, f\u00fcr den das Wort Stillstand immer gleichbedeutend mit R\u00fcckschritt war, f\u00fcr den sich die R\u00e4dchen drehen mussten. Einer, der seine ganze Energie, seinen Ehrgeiz, sein Wissen, seine Erfahrung ein Leben lang in seine Firma, in die Verwirklichung von Ideen und die Entwicklung fortschrittlicher Produkte und Systeme am Bau gesteckt hat. Zu Fritz Stotmeisters Leben, der seit 1983 mit seiner zweiten Frau Inge (\u2020 9.2.2014) verheiratet war, geh\u00f6rte neben einem ausgepr\u00e4gten Familiensinn auch gro\u00dfes soziales Engagement: Er f\u00f6rderte die Krebsnachsorgeklinik f\u00fcr Kinder in Tannheim, auch die Erl\u00f6se der von ihm initiierten Golf-Turniere flossen sozialen Zwecken zu. Mit der Sto-Stiftung entstand im Jahr 2005, zum 50-j\u00e4hrigen Bestehen von Sto, eine Organisation, die den Nachwuchs im Handwerk und in der Architektur unterst\u00fctzt. F\u00fcr seinen Einsatz erhielt er 1992 das Bundesverdienstkreuz am Bande, im selben Jahr wurde er Ehrenb\u00fcrger der Stadt St\u00fchlingen.<\/p>\n<p>Mit der Umwandlung der Sto AG in die Sto SE &amp; Co. KGaA \u2013 eine europ\u00e4ische Aktiengesellschaft auf der Basis einer Kommanditgesellschaft auf Aktien \u2013 wurden 2013 die Voraussetzungen geschaffen, dass die Firma im Sinne der Familie weitergef\u00fchrt wird, obwohl das operative Tagesgesch\u00e4ft derzeit nicht von einem Familienmitglied gesteuert wird. Allerdings werden die Geschicke des Aufsichtsrats nach wie vor von zweien der vier Kinder Fritz Stotmeisters geleitet. Diese Konstruktion kommentierte er, der seine sp\u00e4ten Jahre am sch\u00f6nen Bodensee genoss, im Jahr 2017 anl\u00e4sslich seines 90. Geburtstags mit den Worten: \u201eIch wei\u00df unsere Firma in guten H\u00e4nden.\u201c<\/p>\n<p>Seine zwei T\u00f6chter Heidi und Helga sowie die beiden S\u00f6hne Jochen und Gerd mit ihren Partnern, seine zehn Enkel und vier Urenkel verlieren durch den Tod Fritz Stotmeisters ihr Familienoberhaupt \u2013 die Mitarbeiterinnen und Mitarbeiter der Sto-Gruppe ihren Firmengr\u00fcnder und Vordenker der Sto-Unternehmenswerte.<\/p>\n<p>&nbsp;<\/p>\n<hr \/>\n<p>&nbsp;<\/p>\n<p><a href=\"http:\/\/www.pr-neu.de\/newsroom\/wordpress\/wp-content\/uploads\/2022\/04\/22_15_Fritz_Stotmeister_K.jpg\" target=\"_blank\" rel=\"noopener\"><img loading=\"lazy\" decoding=\"async\" class=\"aligncenter wp-image-14959 size-medium\" src=\"http:\/\/www.pr-neu.de\/newsroom\/wordpress\/wp-content\/uploads\/2022\/04\/22_15_Fritz_Stotmeister_K-225x300.jpg\" alt=\"\" width=\"225\" height=\"300\" srcset=\"https:\/\/www.pr-neu.de\/newsroom\/wordpress\/wp-content\/uploads\/2022\/04\/22_15_Fritz_Stotmeister_K-225x300.jpg 225w, https:\/\/www.pr-neu.de\/newsroom\/wordpress\/wp-content\/uploads\/2022\/04\/22_15_Fritz_Stotmeister_K-768x1024.jpg 768w, https:\/\/www.pr-neu.de\/newsroom\/wordpress\/wp-content\/uploads\/2022\/04\/22_15_Fritz_Stotmeister_K-1152x1536.jpg 1152w, https:\/\/www.pr-neu.de\/newsroom\/wordpress\/wp-content\/uploads\/2022\/04\/22_15_Fritz_Stotmeister_K-1536x2048.jpg 1536w, https:\/\/www.pr-neu.de\/newsroom\/wordpress\/wp-content\/uploads\/2022\/04\/22_15_Fritz_Stotmeister_K-83x110.jpg 83w, https:\/\/www.pr-neu.de\/newsroom\/wordpress\/wp-content\/uploads\/2022\/04\/22_15_Fritz_Stotmeister_K-315x420.jpg 315w, https:\/\/www.pr-neu.de\/newsroom\/wordpress\/wp-content\/uploads\/2022\/04\/22_15_Fritz_Stotmeister_K-323x430.jpg 323w, https:\/\/www.pr-neu.de\/newsroom\/wordpress\/wp-content\/uploads\/2022\/04\/22_15_Fritz_Stotmeister_K.jpg 1800w\" sizes=\"auto, (max-width: 225px) 100vw, 225px\" \/><\/a><\/p>\n<p style=\"text-align: center;\"><em>Fritz Stotmeister ist im Alter von 94 Jahren gestorben.<\/em><br \/>\nFoto: Stotmeister<\/p>\n<p>&nbsp;<\/p>\n<p><a href=\"http:\/\/www.pr-neu.de\/newsroom\/wordpress\/wp-content\/uploads\/2022\/04\/22_15_Familie_Stotmeister_K.jpg\" target=\"_blank\" rel=\"noopener\"><img loading=\"lazy\" decoding=\"async\" class=\"aligncenter wp-image-14958 size-medium\" src=\"http:\/\/www.pr-neu.de\/newsroom\/wordpress\/wp-content\/uploads\/2022\/04\/22_15_Familie_Stotmeister_K-300x300.jpg\" alt=\"\" width=\"300\" height=\"300\" srcset=\"https:\/\/www.pr-neu.de\/newsroom\/wordpress\/wp-content\/uploads\/2022\/04\/22_15_Familie_Stotmeister_K-300x300.jpg 300w, https:\/\/www.pr-neu.de\/newsroom\/wordpress\/wp-content\/uploads\/2022\/04\/22_15_Familie_Stotmeister_K-1024x1024.jpg 1024w, https:\/\/www.pr-neu.de\/newsroom\/wordpress\/wp-content\/uploads\/2022\/04\/22_15_Familie_Stotmeister_K-150x150.jpg 150w, https:\/\/www.pr-neu.de\/newsroom\/wordpress\/wp-content\/uploads\/2022\/04\/22_15_Familie_Stotmeister_K-768x767.jpg 768w, https:\/\/www.pr-neu.de\/newsroom\/wordpress\/wp-content\/uploads\/2022\/04\/22_15_Familie_Stotmeister_K-1536x1534.jpg 1536w, https:\/\/www.pr-neu.de\/newsroom\/wordpress\/wp-content\/uploads\/2022\/04\/22_15_Familie_Stotmeister_K-2048x2045.jpg 2048w, https:\/\/www.pr-neu.de\/newsroom\/wordpress\/wp-content\/uploads\/2022\/04\/22_15_Familie_Stotmeister_K-250x250.jpg 250w, https:\/\/www.pr-neu.de\/newsroom\/wordpress\/wp-content\/uploads\/2022\/04\/22_15_Familie_Stotmeister_K-125x125.jpg 125w, https:\/\/www.pr-neu.de\/newsroom\/wordpress\/wp-content\/uploads\/2022\/04\/22_15_Familie_Stotmeister_K-110x110.jpg 110w, https:\/\/www.pr-neu.de\/newsroom\/wordpress\/wp-content\/uploads\/2022\/04\/22_15_Familie_Stotmeister_K-420x420.jpg 420w, https:\/\/www.pr-neu.de\/newsroom\/wordpress\/wp-content\/uploads\/2022\/04\/22_15_Familie_Stotmeister_K-431x430.jpg 431w\" sizes=\"auto, (max-width: 300px) 100vw, 300px\" \/><\/a><\/p>\n<p style=\"text-align: center;\"><em>Fritz Stotmeister mit seinen S\u00f6hnen Jochen <\/em><br \/>\n<em>Stotmeister(links) und Gerd Stotmeister.<\/em><br \/>\nFoto: Foto Conrads, Waldshut<\/p>\n<p>&nbsp;<\/p>\n<hr \/>\n<p>&nbsp;<\/p>\n<p>Abdruck honorarfrei, Belegexemplar erbeten.<\/p>\n<p>&nbsp;<\/p>\n<hr \/>\n<p>&nbsp;<\/p>\n<p><strong>Sto: Als Technologief\u00fchrer auf Kurs<\/strong><\/p>\n<p>Die Sto SE &amp; Co. KGaA (St\u00fchlingen) ist ein international f\u00fchrender Hersteller von Produkten und Systemen zur Beschichtung von Geb\u00e4uden. Ihr breites Portfolio umfasst Farben, Putze, Lacke, Fassaden-D\u00e4mmsysteme, Werkstoffe f\u00fcr die Betoninstandsetzung, Bodenbeschichtungen, Akustik- und vorgeh\u00e4ngte hinterl\u00fcftete Fassadensysteme. Mit mehr als 5.600 Mitarbeitern erwirtschaftete der Konzern 2021 einen Umsatz von 1,590 Milliarden Euro. Ende 2021 war der Sto-Konzern in 38 L\u00e4ndern mit 50 eigenen operativen Tochtergesellschaften und deren Betriebsst\u00e4tten vertreten. Dar\u00fcber hinaus bestehen Lieferbeziehungen zu Vertriebspartnern in zahlreichen weiteren Staaten. Der Leitgedanke \u201eBewusst bauen\u201c verdeutlicht in zwei Worten das Selbstverst\u00e4ndnis der Sto-Gruppe, das \u00f6kologische und gesellschaftliche Verantwortung einschlie\u00dft. Keimzelle des Unternehmens war ein 1835 gegr\u00fcndetes Kalkwerk, das in den 1930er Jahren von Wilhelm Stotmeister \u00fcbernommen wurde.<\/p>\n","protected":false},"excerpt":{"rendered":"<p>Am 21. April 2022 verstarb Sto-Firmengr\u00fcnder Fritz Stotmeister im Alter von 94 Jahren. Um den badischen Unternehmer und Ehrenvorsitzenden des Aufsichtsrats der STO Management SE trauern seine Familie und die Mitarbeiter der Sto-Gruppe.<\/p>\n","protected":false},"author":9,"featured_media":14981,"comment_status":"closed","ping_status":"open","sticky":false,"template":"","format":"standard","meta":{"footnotes":""},"categories":[661,15],"tags":[1753,504,1803],"class_list":["post-14957","post","type-post","status-publish","format-standard","has-post-thumbnail","hentry","category-allgemein","category-sto","tag-nachruf","tag-sto-2","tag-stotmeister"],"_links":{"self":[{"href":"https:\/\/www.pr-neu.de\/newsroom\/wp-json\/wp\/v2\/posts\/14957","targetHints":{"allow":["GET"]}}],"collection":[{"href":"https:\/\/www.pr-neu.de\/newsroom\/wp-json\/wp\/v2\/posts"}],"about":[{"href":"https:\/\/www.pr-neu.de\/newsroom\/wp-json\/wp\/v2\/types\/post"}],"author":[{"embeddable":true,"href":"https:\/\/www.pr-neu.de\/newsroom\/wp-json\/wp\/v2\/users\/9"}],"replies":[{"embeddable":true,"href":"https:\/\/www.pr-neu.de\/newsroom\/wp-json\/wp\/v2\/comments?post=14957"}],"version-history":[{"count":5,"href":"https:\/\/www.pr-neu.de\/newsroom\/wp-json\/wp\/v2\/posts\/14957\/revisions"}],"predecessor-version":[{"id":14993,"href":"https:\/\/www.pr-neu.de\/newsroom\/wp-json\/wp\/v2\/posts\/14957\/revisions\/14993"}],"wp:featuredmedia":[{"embeddable":true,"href":"https:\/\/www.pr-neu.de\/newsroom\/wp-json\/wp\/v2\/media\/14981"}],"wp:attachment":[{"href":"https:\/\/www.pr-neu.de\/newsroom\/wp-json\/wp\/v2\/media?parent=14957"}],"wp:term":[{"taxonomy":"category","embeddable":true,"href":"https:\/\/www.pr-neu.de\/newsroom\/wp-json\/wp\/v2\/categories?post=14957"},{"taxonomy":"post_tag","embeddable":true,"href":"https:\/\/www.pr-neu.de\/newsroom\/wp-json\/wp\/v2\/tags?post=14957"}],"curies":[{"name":"wp","href":"https:\/\/api.w.org\/{rel}","templated":true}]}}