{"id":14952,"date":"2022-04-27T10:00:56","date_gmt":"2022-04-27T08:00:56","guid":{"rendered":"https:\/\/www.pr-neu.de\/newsroom\/?p=14952"},"modified":"2022-04-26T10:56:07","modified_gmt":"2022-04-26T08:56:07","slug":"praktisch-wie-eine-tuer-funktional-wie-ein-tor","status":"publish","type":"post","link":"https:\/\/www.pr-neu.de\/newsroom\/praktisch-wie-eine-tuer-funktional-wie-ein-tor\/","title":{"rendered":"Praktisch wie eine T\u00fcr, funktional wie ein Tor"},"content":{"rendered":"<p><u>Neues Garagentor von Teckentrup mit Fl\u00fcgeln<\/u><\/p>\n<p><strong>Das Tor einfach nach au\u00dfen \u00f6ffnen \u2013 ohne Platzverlust in der Garage: Dies gelingt mit dem neuen, zweigeteilten Drehfl\u00fcgeltor von Teckentrup, das wie eine zweifl\u00fcgelige T\u00fcr funktioniert.<\/strong><\/p>\n<p>In vielen Garagen ist es eng. Um hier den begrenzten Platz nicht zus\u00e4tzlich durch das Tor zu verknappen, hat Teckentrup ein Drehfl\u00fcgeltor entwickelt, das wie eine T\u00fcr mit zwei Fl\u00fcgeln nach au\u00dfen \u00f6ffnet. So bleibt der Innenraum frei nutzbar. Diese L\u00f6sung eignet sich daher besonders bei der Renovierung kleinerer Garagen und ist praktisch, wenn sie h\u00e4ufig betreten wird \u2013 beispielsweise, wenn sie als Lager oder Werkraum fungiert. Der Drehfl\u00fcgel l\u00e4sst sich schneller und einfacher \u00f6ffnen als ein Tor, das nach oben \u00f6ffnet \u2013 und bei Bedarf steht dennoch die gesamte Breite als \u00d6ffnung zur Verf\u00fcgung.<\/p>\n<p><strong>Stilvoll und sicher<\/strong><\/p>\n<p>Mit einer breiten Farbpalette in 16 RAL-Farben und einem Metallic-Farbton sowie eleganten Edelstahl-Stangengriffen an-stelle der T\u00fcrdr\u00fccker k\u00f6nnen die Tore ganz individuell gestaltet werden. Glaseinl\u00e4sse aus Verbundsicherheitsglas holen auf Wunsch das Tageslicht in die Garage. Auch technisch ist das Tor auf der H\u00f6he der Zeit: Seit Anfang Mai ist es zugelassen gem\u00e4\u00df der Euro-Norm EN14351-1 und mit dem CE-Zeichen versehen. W\u00e4rmed\u00e4mmend, wasser- und winddicht erf\u00fcllt das Tor auch wichtige bautechnische Anforderungen. F\u00fcr guten Einbruchschutz sorgen die standardm\u00e4\u00dfig vorgesehenen Sicherheits-Schlie\u00dfzylinder. Optional wird das Tor auch mit der von der Polizei empfohlenen RC-2-Ausstattung eingerichtet.<\/p>\n<p>Erg\u00e4nzend bietet Teckentrup die optisch passende Nebent\u00fcr f\u00fcr den seitlichen oder hinteren Zugang zur Garage.<\/p>\n<p>&nbsp;<\/p>\n<hr \/>\n<p>&nbsp;<\/p>\n<p>&nbsp;<\/p>\n<p><a href=\"http:\/\/www.pr-neu.de\/newsroom\/wordpress\/wp-content\/uploads\/2022\/04\/22-04_Drehfluegeltor_K.jpg\" target=\"_blank\" rel=\"noopener\"><img loading=\"lazy\" decoding=\"async\" class=\"wp-image-14953 size-medium aligncenter\" src=\"http:\/\/www.pr-neu.de\/newsroom\/wordpress\/wp-content\/uploads\/2022\/04\/22-04_Drehfluegeltor_K-300x278.jpg\" alt=\"\" width=\"300\" height=\"278\" srcset=\"https:\/\/www.pr-neu.de\/newsroom\/wordpress\/wp-content\/uploads\/2022\/04\/22-04_Drehfluegeltor_K-300x278.jpg 300w, https:\/\/www.pr-neu.de\/newsroom\/wordpress\/wp-content\/uploads\/2022\/04\/22-04_Drehfluegeltor_K-1024x949.jpg 1024w, https:\/\/www.pr-neu.de\/newsroom\/wordpress\/wp-content\/uploads\/2022\/04\/22-04_Drehfluegeltor_K-768x712.jpg 768w, https:\/\/www.pr-neu.de\/newsroom\/wordpress\/wp-content\/uploads\/2022\/04\/22-04_Drehfluegeltor_K-1536x1423.jpg 1536w, https:\/\/www.pr-neu.de\/newsroom\/wordpress\/wp-content\/uploads\/2022\/04\/22-04_Drehfluegeltor_K-2048x1898.jpg 2048w, https:\/\/www.pr-neu.de\/newsroom\/wordpress\/wp-content\/uploads\/2022\/04\/22-04_Drehfluegeltor_K-110x102.jpg 110w, https:\/\/www.pr-neu.de\/newsroom\/wordpress\/wp-content\/uploads\/2022\/04\/22-04_Drehfluegeltor_K-420x389.jpg 420w, https:\/\/www.pr-neu.de\/newsroom\/wordpress\/wp-content\/uploads\/2022\/04\/22-04_Drehfluegeltor_K-464x430.jpg 464w\" sizes=\"auto, (max-width: 300px) 100vw, 300px\" \/><\/a><\/p>\n<p style=\"text-align: center;\"><em>Elegante Platzsparer: Die neuen Drehfl\u00fcgeltore von Teckentrup<br \/>\n\u00f6ffnen nach au\u00dfen und lassen so in der Garage den vollen Platz.<br \/>\nDas ist vor allem f\u00fcr die Sanierung alter Garagen eine gute L\u00f6sung.<br \/>\nEbenso f\u00fcgen sich die Tore harmonisch in aktuelle Architekturtrends ein.<\/em><br \/>\nBilder: Teckentrup<\/p>\n<p>&nbsp;<\/p>\n<p style=\"text-align: center;\"><a href=\"http:\/\/www.pr-neu.de\/newsroom\/wordpress\/wp-content\/uploads\/2022\/04\/22-04_Drehfluegeltor_verglast_K.jpg\" target=\"_blank\" rel=\"noopener\"><img loading=\"lazy\" decoding=\"async\" class=\"aligncenter wp-image-14954 size-medium\" src=\"http:\/\/www.pr-neu.de\/newsroom\/wordpress\/wp-content\/uploads\/2022\/04\/22-04_Drehfluegeltor_verglast_K-300x200.jpg\" alt=\"\" width=\"300\" height=\"200\" srcset=\"https:\/\/www.pr-neu.de\/newsroom\/wordpress\/wp-content\/uploads\/2022\/04\/22-04_Drehfluegeltor_verglast_K-300x200.jpg 300w, https:\/\/www.pr-neu.de\/newsroom\/wordpress\/wp-content\/uploads\/2022\/04\/22-04_Drehfluegeltor_verglast_K-1024x683.jpg 1024w, https:\/\/www.pr-neu.de\/newsroom\/wordpress\/wp-content\/uploads\/2022\/04\/22-04_Drehfluegeltor_verglast_K-768x512.jpg 768w, https:\/\/www.pr-neu.de\/newsroom\/wordpress\/wp-content\/uploads\/2022\/04\/22-04_Drehfluegeltor_verglast_K-1536x1024.jpg 1536w, https:\/\/www.pr-neu.de\/newsroom\/wordpress\/wp-content\/uploads\/2022\/04\/22-04_Drehfluegeltor_verglast_K-2048x1365.jpg 2048w, https:\/\/www.pr-neu.de\/newsroom\/wordpress\/wp-content\/uploads\/2022\/04\/22-04_Drehfluegeltor_verglast_K-110x73.jpg 110w, https:\/\/www.pr-neu.de\/newsroom\/wordpress\/wp-content\/uploads\/2022\/04\/22-04_Drehfluegeltor_verglast_K-420x280.jpg 420w, https:\/\/www.pr-neu.de\/newsroom\/wordpress\/wp-content\/uploads\/2022\/04\/22-04_Drehfluegeltor_verglast_K-645x430.jpg 645w\" sizes=\"auto, (max-width: 300px) 100vw, 300px\" \/><\/a><\/p>\n<p style=\"text-align: center;\"><em>Verglasungen lassen Tageslicht in die Garage.<\/em><br \/>\nBild: Teckentrup<\/p>\n<p>&nbsp;<\/p>\n<hr \/>\n<p>&nbsp;<\/p>\n<p><strong>Teckentrup: Door Solutions<\/strong><\/p>\n<p>Teckentrup z\u00e4hlt mit den Produktionswerken in Verl-S\u00fcrenheide (Hauptsitz, NRW) und Gro\u00dfz\u00f6beritz (Sachsen-Anhalt) zu den gr\u00f6\u00dften Herstellern von T\u00fcren und Toren in Europa. Insgesamt besch\u00e4ftigt das Unternehmen \u00fcber 850 Mitarbeiter, knapp 550 davon in Verl.<\/p>\n<p>Das in dritter Generation inhabergef\u00fchrte mittelst\u00e4ndische Familien-unternehmen hat sich insbesondere den Werten Qualit\u00e4t, Design und Service verpflichtet. St\u00e4ndige Verbesserungen der Produkte und die Entwicklung neuer Technologien sind f\u00fcr Teckentrup selbstverst\u00e4nd-lich. F\u00fcr die kontinuierliche Weiterentwicklung wurde im gesamten Unternehmen eine kundenzentrierte Ausrichtung (Customer Centricity) implementiert. So sorgt das Unternehmen daf\u00fcr, dass gemeinsam mit den Partnern stets die beste L\u00f6sung gefunden wird \u2013 hinsichtlich Design, Sicherheit und Service. Das Angebot umfasst Produktl\u00f6sungen aus den Bereichen HOME (Garagentore), PROFESSIONAL (Funktionst\u00fcren), INDUSTRIAL (Industrietore).<\/p>\n<p>Heute verbindet das 1932 gegr\u00fcndete Unternehmen Tradition mit Fortschritt und das stets \u201emade in Germany\u201c. Zahlreiche internationale Zertifizierungen sind die Basis f\u00fcr einen weltweit erfolgreichen Vertrieb der Produkte.<\/p>\n<p>&nbsp;<\/p>\n<hr \/>\n<p>&nbsp;<\/p>\n<p>Abdruck honorarfrei, Belegexemplar erbeten.<\/p>\n","protected":false},"excerpt":{"rendered":"<p>Das Tor einfach nach au\u00dfen \u00f6ffnen \u2013 ohne Platzverlust in der Garage: Dies gelingt mit dem neuen, zweigeteilten Drehfl\u00fcgeltor von Teckentrup, das wie eine zweifl\u00fcgelige T\u00fcr funktioniert.<\/p>\n","protected":false},"author":9,"featured_media":14953,"comment_status":"closed","ping_status":"open","sticky":false,"template":"","format":"standard","meta":{"footnotes":""},"categories":[18],"tags":[1801,217,1575,565,577,589],"class_list":["post-14952","post","type-post","status-publish","format-standard","has-post-thumbnail","hentry","category-teckentrup","tag-drehfluegel","tag-garage","tag-haus","tag-teckentrup","tag-tor","tag-tur"],"_links":{"self":[{"href":"https:\/\/www.pr-neu.de\/newsroom\/wp-json\/wp\/v2\/posts\/14952","targetHints":{"allow":["GET"]}}],"collection":[{"href":"https:\/\/www.pr-neu.de\/newsroom\/wp-json\/wp\/v2\/posts"}],"about":[{"href":"https:\/\/www.pr-neu.de\/newsroom\/wp-json\/wp\/v2\/types\/post"}],"author":[{"embeddable":true,"href":"https:\/\/www.pr-neu.de\/newsroom\/wp-json\/wp\/v2\/users\/9"}],"replies":[{"embeddable":true,"href":"https:\/\/www.pr-neu.de\/newsroom\/wp-json\/wp\/v2\/comments?post=14952"}],"version-history":[{"count":2,"href":"https:\/\/www.pr-neu.de\/newsroom\/wp-json\/wp\/v2\/posts\/14952\/revisions"}],"predecessor-version":[{"id":14956,"href":"https:\/\/www.pr-neu.de\/newsroom\/wp-json\/wp\/v2\/posts\/14952\/revisions\/14956"}],"wp:featuredmedia":[{"embeddable":true,"href":"https:\/\/www.pr-neu.de\/newsroom\/wp-json\/wp\/v2\/media\/14953"}],"wp:attachment":[{"href":"https:\/\/www.pr-neu.de\/newsroom\/wp-json\/wp\/v2\/media?parent=14952"}],"wp:term":[{"taxonomy":"category","embeddable":true,"href":"https:\/\/www.pr-neu.de\/newsroom\/wp-json\/wp\/v2\/categories?post=14952"},{"taxonomy":"post_tag","embeddable":true,"href":"https:\/\/www.pr-neu.de\/newsroom\/wp-json\/wp\/v2\/tags?post=14952"}],"curies":[{"name":"wp","href":"https:\/\/api.w.org\/{rel}","templated":true}]}}