{"id":14942,"date":"2022-04-13T09:51:41","date_gmt":"2022-04-13T07:51:41","guid":{"rendered":"https:\/\/www.pr-neu.de\/newsroom\/?p=14942"},"modified":"2022-05-30T16:31:59","modified_gmt":"2022-05-30T14:31:59","slug":"neue-markenkampagne-unterstreicht-naehe-zum-fachhandwerk","status":"publish","type":"post","link":"https:\/\/www.pr-neu.de\/newsroom\/neue-markenkampagne-unterstreicht-naehe-zum-fachhandwerk\/","title":{"rendered":"Neue Markenkampagne unterstreicht N\u00e4he zum Fachhandwerk"},"content":{"rendered":"<p><!--MBNHE--><\/p>\n<p><u>Sto SE &amp; Co. KGaA: Aus Liebe zum Bauen. Bewusst bauen.<\/u><\/p>\n<p><strong>Mit der Markenkampagne \u201eAus Liebe zum Bauen. Bewusst bauen.\u201c vereint Sto Emotionen mit Sachlichkeit und unterstreicht auch die Partnerschaft mit dem Fachhandwerk.<\/strong><\/p>\n<p>Ob Neubau oder Sanierung, Fassade oder Innenraum \u2013 Fachhandwerker arbeiten eigenst\u00e4ndig, zuverl\u00e4ssig, genau und professionell. Sie sind die Praxis-Experten. Um die wachsenden Anspr\u00fcche von Bauherren bestm\u00f6glich zu erf\u00fcllen, reichen praktikable, effiziente und wirtschaftliche Systeme oft nicht mehr aus, immer h\u00e4ufiger sind individuelle W\u00fcnsche und \u00f6kologische Aspekte zu ber\u00fccksichtigen. Das sieht Sto als Messlatte f\u00fcr die Produkt- und Service-Entwicklung. Der Fassadenspezialist bringt seinen Anspruch, zusammen mit dem Fachhandwerk innovative, nachhaltige, effiziente und \u00e4sthetische L\u00f6sungen f\u00fcr die Fassade und den Innenraum zu bieten, die auch wirtschaftlich und praktikabel sind, in wenigen Worten auf den Punkt: \u201eAus Liebe zum Bauen. Bewusst bauen.\u201c Die neue Sto-Markenkampagne steht f\u00fcr Werte wie Leidenschaft und Professionalit\u00e4t. \u201eWir vermitteln damit auf emotionale Weise, dass Fachleute auf dem Bau ihre Arbeit mit Leidenschaft und Expertise ausf\u00fchren. Und dass Menschen sich freuen und stolz darauf sind, ein professionell gebautes oder saniertes Geb\u00e4ude zu nutzen. Wer mit Liebe baut, der baut bewusst\u201c, betont Claudia Z\u00fcfle, Leiterin Global Brand bei Sto. Die Forschung und Entwicklung des Baustoff-Herstellers orientiert sich daher am Nutzen f\u00fcr die Verarbeiter und deren Kunden. Parallel investiert das Unternehmen in Digitalisierung und Beratung. \u201eSchnell, flexibel, individuell: So unterst\u00fctzen wir Maler- und Stuckateur-Profis in ganz Deutschland \u2013 damit sie sich auf ihr Gesch\u00e4ft konzentrieren k\u00f6nnen\u201c, res\u00fcmiert Sto-Vorstand Michael Keller.<\/p>\n<p>&nbsp;<\/p>\n<hr \/>\n<p>&nbsp;<\/p>\n<p>Z I T A T<br \/>\n\u201eAus Liebe zum Bauen. Bewusst bauen.\u201c ist die Verbindung von Emotionalit\u00e4t und Rationalit\u00e4t, mit der wir bei Sto und mit der unsere Kunden tagt\u00e4glich arbeiten und Gro\u00dfartiges schaffen. Und es ist die leitende Idee, die mit unserer neuen Markenkampagne kommuniziert wird.\u201c<br \/>\nMichael Keller, Sto-Vorstand Markenvertrieb und Distribution<\/p>\n<p>&nbsp;<\/p>\n<hr \/>\n<p>&nbsp;<\/p>\n<p><a href=\"http:\/\/www.pr-neu.de\/newsroom\/wordpress\/wp-content\/uploads\/2022\/04\/22-13_Markenkampagne_1_K.jpg\" target=\"_blank\" rel=\"noopener\"><img loading=\"lazy\" decoding=\"async\" class=\"aligncenter wp-image-14943 size-medium\" src=\"http:\/\/www.pr-neu.de\/newsroom\/wordpress\/wp-content\/uploads\/2022\/04\/22-13_Markenkampagne_1_K-300x245.jpg\" alt=\"\" width=\"300\" height=\"245\" srcset=\"https:\/\/www.pr-neu.de\/newsroom\/wordpress\/wp-content\/uploads\/2022\/04\/22-13_Markenkampagne_1_K-300x245.jpg 300w, https:\/\/www.pr-neu.de\/newsroom\/wordpress\/wp-content\/uploads\/2022\/04\/22-13_Markenkampagne_1_K-1024x835.jpg 1024w, https:\/\/www.pr-neu.de\/newsroom\/wordpress\/wp-content\/uploads\/2022\/04\/22-13_Markenkampagne_1_K-768x627.jpg 768w, https:\/\/www.pr-neu.de\/newsroom\/wordpress\/wp-content\/uploads\/2022\/04\/22-13_Markenkampagne_1_K-1536x1253.jpg 1536w, https:\/\/www.pr-neu.de\/newsroom\/wordpress\/wp-content\/uploads\/2022\/04\/22-13_Markenkampagne_1_K-2048x1671.jpg 2048w, https:\/\/www.pr-neu.de\/newsroom\/wordpress\/wp-content\/uploads\/2022\/04\/22-13_Markenkampagne_1_K-110x90.jpg 110w, https:\/\/www.pr-neu.de\/newsroom\/wordpress\/wp-content\/uploads\/2022\/04\/22-13_Markenkampagne_1_K-420x343.jpg 420w, https:\/\/www.pr-neu.de\/newsroom\/wordpress\/wp-content\/uploads\/2022\/04\/22-13_Markenkampagne_1_K-527x430.jpg 527w\" sizes=\"auto, (max-width: 300px) 100vw, 300px\" \/><\/a><\/p>\n<p><a href=\"http:\/\/www.pr-neu.de\/newsroom\/wordpress\/wp-content\/uploads\/2022\/04\/22-13_Markenkampagne_2_K.jpg\" target=\"_blank\" rel=\"noopener\"><img loading=\"lazy\" decoding=\"async\" class=\"aligncenter wp-image-14944 size-medium\" src=\"http:\/\/www.pr-neu.de\/newsroom\/wordpress\/wp-content\/uploads\/2022\/04\/22-13_Markenkampagne_2_K-300x200.jpg\" alt=\"\" width=\"300\" height=\"200\" srcset=\"https:\/\/www.pr-neu.de\/newsroom\/wordpress\/wp-content\/uploads\/2022\/04\/22-13_Markenkampagne_2_K-300x200.jpg 300w, https:\/\/www.pr-neu.de\/newsroom\/wordpress\/wp-content\/uploads\/2022\/04\/22-13_Markenkampagne_2_K-1024x683.jpg 1024w, https:\/\/www.pr-neu.de\/newsroom\/wordpress\/wp-content\/uploads\/2022\/04\/22-13_Markenkampagne_2_K-768x512.jpg 768w, https:\/\/www.pr-neu.de\/newsroom\/wordpress\/wp-content\/uploads\/2022\/04\/22-13_Markenkampagne_2_K-1536x1024.jpg 1536w, https:\/\/www.pr-neu.de\/newsroom\/wordpress\/wp-content\/uploads\/2022\/04\/22-13_Markenkampagne_2_K-2048x1365.jpg 2048w, https:\/\/www.pr-neu.de\/newsroom\/wordpress\/wp-content\/uploads\/2022\/04\/22-13_Markenkampagne_2_K-110x73.jpg 110w, https:\/\/www.pr-neu.de\/newsroom\/wordpress\/wp-content\/uploads\/2022\/04\/22-13_Markenkampagne_2_K-420x280.jpg 420w, https:\/\/www.pr-neu.de\/newsroom\/wordpress\/wp-content\/uploads\/2022\/04\/22-13_Markenkampagne_2_K-645x430.jpg 645w\" sizes=\"auto, (max-width: 300px) 100vw, 300px\" \/><\/a><\/p>\n<p style=\"text-align: center;\">Im Mittelpunkt jeder Bauaufgabe stehen Menschen. Profis, die ihre Arbeit mit Leidenschaft und Expertise vereinen und Personen, die Geb\u00e4ude mit Freude und Stolz nutzen.<br \/>\nBilder: Martin Baitinger \/ Sto SE &amp; Co. KGaA<\/p>\n<p>&nbsp;<\/p>\n<hr \/>\n<p>&nbsp;<\/p>\n<p>Abdruck honorarfrei, Belegexemplar erbeten.<\/p>\n","protected":false},"excerpt":{"rendered":"<p>Sto SE &amp; Co. KGaA: Aus Liebe zum Bauen. Bewusst bauen. Mit der Markenkampagne \u201eAus Liebe zum Bauen. Bewusst bauen.\u201c vereint Sto Emotionen mit Sachlichkeit und unterstreicht auch die Partnerschaft mit dem Fachhandwerk. Ob Neubau oder Sanierung, Fassade oder Innenraum \u2013 Fachhandwerker arbeiten eigenst\u00e4ndig, zuverl\u00e4ssig, genau und professionell. Sie sind die Praxis-Experten. Um die wachsenden [&hellip;]<\/p>\n","protected":false},"author":9,"featured_media":14944,"comment_status":"closed","ping_status":"open","sticky":false,"template":"","format":"standard","meta":{"footnotes":""},"categories":[15],"tags":[124,187,249,1839,367,504],"class_list":["post-14942","post","type-post","status-publish","format-standard","has-post-thumbnail","hentry","category-sto","tag-dammung","tag-fassade","tag-handwerk","tag-markenkampagne","tag-nachhaltigkeit","tag-sto-2"],"_links":{"self":[{"href":"https:\/\/www.pr-neu.de\/newsroom\/wp-json\/wp\/v2\/posts\/14942","targetHints":{"allow":["GET"]}}],"collection":[{"href":"https:\/\/www.pr-neu.de\/newsroom\/wp-json\/wp\/v2\/posts"}],"about":[{"href":"https:\/\/www.pr-neu.de\/newsroom\/wp-json\/wp\/v2\/types\/post"}],"author":[{"embeddable":true,"href":"https:\/\/www.pr-neu.de\/newsroom\/wp-json\/wp\/v2\/users\/9"}],"replies":[{"embeddable":true,"href":"https:\/\/www.pr-neu.de\/newsroom\/wp-json\/wp\/v2\/comments?post=14942"}],"version-history":[{"count":1,"href":"https:\/\/www.pr-neu.de\/newsroom\/wp-json\/wp\/v2\/posts\/14942\/revisions"}],"predecessor-version":[{"id":14945,"href":"https:\/\/www.pr-neu.de\/newsroom\/wp-json\/wp\/v2\/posts\/14942\/revisions\/14945"}],"wp:featuredmedia":[{"embeddable":true,"href":"https:\/\/www.pr-neu.de\/newsroom\/wp-json\/wp\/v2\/media\/14944"}],"wp:attachment":[{"href":"https:\/\/www.pr-neu.de\/newsroom\/wp-json\/wp\/v2\/media?parent=14942"}],"wp:term":[{"taxonomy":"category","embeddable":true,"href":"https:\/\/www.pr-neu.de\/newsroom\/wp-json\/wp\/v2\/categories?post=14942"},{"taxonomy":"post_tag","embeddable":true,"href":"https:\/\/www.pr-neu.de\/newsroom\/wp-json\/wp\/v2\/tags?post=14942"}],"curies":[{"name":"wp","href":"https:\/\/api.w.org\/{rel}","templated":true}]}}