{"id":14936,"date":"2022-04-12T10:23:36","date_gmt":"2022-04-12T08:23:36","guid":{"rendered":"https:\/\/www.pr-neu.de\/newsroom\/?p=14936"},"modified":"2022-04-20T17:01:58","modified_gmt":"2022-04-20T15:01:58","slug":"emissionsarme-balkonbeschichtung","status":"publish","type":"post","link":"https:\/\/www.pr-neu.de\/newsroom\/emissionsarme-balkonbeschichtung\/","title":{"rendered":"Emissionsfreie Balkonbeschichtung"},"content":{"rendered":"<p><u>Neuer Standard f\u00fcr nachhaltiges Bauen: StoFloor Balcony AimS EB 700<\/u><\/p>\n<p><strong>Das erste emissionsfreie Balkonbeschichtungssystem hei\u00dft StoFloor Balcony AimS EB 700. Die Innovation von StoCretec erf\u00fcllt besonders strenge Anforderungen an die Luftreinhaltung. Zugleich bietet das System viel Raum f\u00fcr die Gestaltung.<\/strong><\/p>\n<p>Ein wesentlicher Punkt f\u00fcr das nachhaltige Bauen ist der Einsatz umweltfreundlicher Baustoffe. Hier erweitert StoCretec mit der neuen Produktlinie AimS das Spektrum \u00f6kologischer Produkte auf das Einsatzfeld Balkon mit dem neuen, M1-klassifizierten Beschichtungssystem StoFloor Balcony AimS EB 700. Es vereint Nachhaltigkeit, \u00c4sthetik und technische Performance. Die Systembestandteile \u2013 Grundierung, Beschichtung, Versiegelung \u2013 sind emissionsfrei und enorm leistungsf\u00e4hig: Das riss\u00fcberbr\u00fcckende System sch\u00fctzt die Bausubstanz dauerhaft, Balkone bleiben lange sch\u00f6n.<\/p>\n<p><strong>Die Komponenten<\/strong><\/p>\n<p>Die zweikomponentige Expoidharz-Grundierung StoPox GH 700 f\u00fcr Beton und Zementestrich verbindet die Balkonbeschichtung dauerhaft mit dem Untergrund. Sie eignet sich f\u00fcr innen und au\u00dfen und l\u00e4sst sich horizontal sowie vertikal verarbeiten.<\/p>\n<p>Die dickschichtige Polyurethanharz-Beschichtung StoPur EB 700 ist k\u00e4lteelastisch und hoch riss\u00fcberbr\u00fcckend. Sie sch\u00fctzt Balkone und Laubeng\u00e4nge vor Stoffen, die den Beton sch\u00e4digen k\u00f6nnten. Das zweikomponentige Harz erf\u00fcllt die Emissionsklasse M1 und tr\u00e4gt so zu mehr Wohngesundheit und Umweltschutz bei. Es ist hoch best\u00e4ndig gegen UV-Strahlen und Witterung. Mit einem breiten Farbtonspektrum bietet die Beschichtung zudem viel Spielraum f\u00fcr attraktive Gestaltung.<\/p>\n<p>Die transparente Versiegelung StoPur VR 100 wertet die beschichtete Balkonfl\u00e4che zus\u00e4tzlich auf. Auch sie ist emissionsfrei und erf\u00fcllt die strengen M1 Kriterien. Das Polyaspartic-Harz wird mit Sto Ballotini Vollglaskugeln gef\u00fcllt und verleiht dem Boden damit eine rutschhemmende Oberfl\u00e4che. Gleichzeitig ist der Boden pflegeleicht, witterungs- und UV-best\u00e4ndig. Die langlebige Versiegelung verleiht dem Balkon eine \u00e4sthetische Optik.<\/p>\n<p>&nbsp;<\/p>\n<hr \/>\n<p>&nbsp;<\/p>\n<p><strong>K A S T E N<\/strong><\/p>\n<p><u>Emissionsklassifizierung M1<\/u><br \/>\nDie Emissionsklassifizierung M1 ist ein freiwilliges, gesch\u00fctztes Siegel, das urspr\u00fcnglich aus Finnland stammt. Die Klasse M1 wird nur besonders emissionsarmen Baumaterialien verliehen.<\/p>\n<p>&nbsp;<\/p>\n<hr \/>\n<p>&nbsp;<\/p>\n<p><a href=\"http:\/\/www.pr-neu.de\/newsroom\/wordpress\/wp-content\/uploads\/2022\/04\/22-05_StoFloor-Balcony-AimS_K.jpg\" target=\"_blank\" rel=\"noopener\"><img loading=\"lazy\" decoding=\"async\" class=\"aligncenter wp-image-14937 size-medium\" src=\"http:\/\/www.pr-neu.de\/newsroom\/wordpress\/wp-content\/uploads\/2022\/04\/22-05_StoFloor-Balcony-AimS_K-300x243.jpg\" alt=\"\" width=\"300\" height=\"243\" srcset=\"https:\/\/www.pr-neu.de\/newsroom\/wordpress\/wp-content\/uploads\/2022\/04\/22-05_StoFloor-Balcony-AimS_K-300x243.jpg 300w, https:\/\/www.pr-neu.de\/newsroom\/wordpress\/wp-content\/uploads\/2022\/04\/22-05_StoFloor-Balcony-AimS_K-1024x829.jpg 1024w, https:\/\/www.pr-neu.de\/newsroom\/wordpress\/wp-content\/uploads\/2022\/04\/22-05_StoFloor-Balcony-AimS_K-768x622.jpg 768w, https:\/\/www.pr-neu.de\/newsroom\/wordpress\/wp-content\/uploads\/2022\/04\/22-05_StoFloor-Balcony-AimS_K-1536x1244.jpg 1536w, https:\/\/www.pr-neu.de\/newsroom\/wordpress\/wp-content\/uploads\/2022\/04\/22-05_StoFloor-Balcony-AimS_K-2048x1659.jpg 2048w, https:\/\/www.pr-neu.de\/newsroom\/wordpress\/wp-content\/uploads\/2022\/04\/22-05_StoFloor-Balcony-AimS_K-110x89.jpg 110w, https:\/\/www.pr-neu.de\/newsroom\/wordpress\/wp-content\/uploads\/2022\/04\/22-05_StoFloor-Balcony-AimS_K-420x340.jpg 420w, https:\/\/www.pr-neu.de\/newsroom\/wordpress\/wp-content\/uploads\/2022\/04\/22-05_StoFloor-Balcony-AimS_K-531x430.jpg 531w\" sizes=\"auto, (max-width: 300px) 100vw, 300px\" \/><\/a><\/p>\n<p style=\"text-align: center;\">Umweltschutz auf neuem Niveau: StoFloor Balcony AimS EB 700 ist das erste emissionsfreie Beschichtungssystem f\u00fcr Balkonb\u00f6den. Es vereint Nachhaltigkeit, \u00c4sthetik und technische Performance.<br \/>\nBild: Jenko Ataman\/nuchao\/Dewins\/Adobe Stock<\/p>\n<p>&nbsp;<\/p>\n<p><a href=\"http:\/\/www.pr-neu.de\/newsroom\/wordpress\/wp-content\/uploads\/2022\/04\/22-05_StoFloor-Balcony-AimS_Systemaufbau_K.jpg\" target=\"_blank\" rel=\"noopener\"><img loading=\"lazy\" decoding=\"async\" class=\"aligncenter wp-image-14938 size-medium\" src=\"http:\/\/www.pr-neu.de\/newsroom\/wordpress\/wp-content\/uploads\/2022\/04\/22-05_StoFloor-Balcony-AimS_Systemaufbau_K-217x300.jpg\" alt=\"\" width=\"217\" height=\"300\" srcset=\"https:\/\/www.pr-neu.de\/newsroom\/wordpress\/wp-content\/uploads\/2022\/04\/22-05_StoFloor-Balcony-AimS_Systemaufbau_K-217x300.jpg 217w, https:\/\/www.pr-neu.de\/newsroom\/wordpress\/wp-content\/uploads\/2022\/04\/22-05_StoFloor-Balcony-AimS_Systemaufbau_K-739x1024.jpg 739w, https:\/\/www.pr-neu.de\/newsroom\/wordpress\/wp-content\/uploads\/2022\/04\/22-05_StoFloor-Balcony-AimS_Systemaufbau_K-768x1064.jpg 768w, https:\/\/www.pr-neu.de\/newsroom\/wordpress\/wp-content\/uploads\/2022\/04\/22-05_StoFloor-Balcony-AimS_Systemaufbau_K-1109x1536.jpg 1109w, https:\/\/www.pr-neu.de\/newsroom\/wordpress\/wp-content\/uploads\/2022\/04\/22-05_StoFloor-Balcony-AimS_Systemaufbau_K-1479x2048.jpg 1479w, https:\/\/www.pr-neu.de\/newsroom\/wordpress\/wp-content\/uploads\/2022\/04\/22-05_StoFloor-Balcony-AimS_Systemaufbau_K-79x110.jpg 79w, https:\/\/www.pr-neu.de\/newsroom\/wordpress\/wp-content\/uploads\/2022\/04\/22-05_StoFloor-Balcony-AimS_Systemaufbau_K-303x420.jpg 303w, https:\/\/www.pr-neu.de\/newsroom\/wordpress\/wp-content\/uploads\/2022\/04\/22-05_StoFloor-Balcony-AimS_Systemaufbau_K-310x430.jpg 310w, https:\/\/www.pr-neu.de\/newsroom\/wordpress\/wp-content\/uploads\/2022\/04\/22-05_StoFloor-Balcony-AimS_Systemaufbau_K.jpg 1733w\" sizes=\"auto, (max-width: 217px) 100vw, 217px\" \/><\/a><\/p>\n<p style=\"text-align: center;\">Systemaufbau StoFloor Balcony AimS EB 700.<br \/>\nBild: StoCretec GmbH<\/p>\n<p>&nbsp;<\/p>\n<hr \/>\n<p>&nbsp;<\/p>\n<p>Abdruck honorarfrei, Belegexemplar erbeten.<\/p>\n","protected":false},"excerpt":{"rendered":"<p>Neuer Standard f\u00fcr nachhaltiges Bauen: StoFloor Balcony AimS EB 700 Das erste emissionsfreie Balkonbeschichtungssystem hei\u00dft StoFloor Balcony AimS EB 700. Die Innovation von StoCretec erf\u00fcllt besonders strenge Anforderungen an die Luftreinhaltung. Zugleich bietet das System viel Raum f\u00fcr die Gestaltung. Ein wesentlicher Punkt f\u00fcr das nachhaltige Bauen ist der Einsatz umweltfreundlicher Baustoffe. Hier erweitert StoCretec [&hellip;]<\/p>\n","protected":false},"author":9,"featured_media":14937,"comment_status":"closed","ping_status":"open","sticky":false,"template":"","format":"standard","meta":{"footnotes":""},"categories":[16],"tags":[],"class_list":["post-14936","post","type-post","status-publish","format-standard","has-post-thumbnail","hentry","category-stocretec"],"_links":{"self":[{"href":"https:\/\/www.pr-neu.de\/newsroom\/wp-json\/wp\/v2\/posts\/14936","targetHints":{"allow":["GET"]}}],"collection":[{"href":"https:\/\/www.pr-neu.de\/newsroom\/wp-json\/wp\/v2\/posts"}],"about":[{"href":"https:\/\/www.pr-neu.de\/newsroom\/wp-json\/wp\/v2\/types\/post"}],"author":[{"embeddable":true,"href":"https:\/\/www.pr-neu.de\/newsroom\/wp-json\/wp\/v2\/users\/9"}],"replies":[{"embeddable":true,"href":"https:\/\/www.pr-neu.de\/newsroom\/wp-json\/wp\/v2\/comments?post=14936"}],"version-history":[{"count":7,"href":"https:\/\/www.pr-neu.de\/newsroom\/wp-json\/wp\/v2\/posts\/14936\/revisions"}],"predecessor-version":[{"id":14950,"href":"https:\/\/www.pr-neu.de\/newsroom\/wp-json\/wp\/v2\/posts\/14936\/revisions\/14950"}],"wp:featuredmedia":[{"embeddable":true,"href":"https:\/\/www.pr-neu.de\/newsroom\/wp-json\/wp\/v2\/media\/14937"}],"wp:attachment":[{"href":"https:\/\/www.pr-neu.de\/newsroom\/wp-json\/wp\/v2\/media?parent=14936"}],"wp:term":[{"taxonomy":"category","embeddable":true,"href":"https:\/\/www.pr-neu.de\/newsroom\/wp-json\/wp\/v2\/categories?post=14936"},{"taxonomy":"post_tag","embeddable":true,"href":"https:\/\/www.pr-neu.de\/newsroom\/wp-json\/wp\/v2\/tags?post=14936"}],"curies":[{"name":"wp","href":"https:\/\/api.w.org\/{rel}","templated":true}]}}